{"id":4764,"date":"2017-03-12T19:48:39","date_gmt":"2017-03-12T22:48:39","guid":{"rendered":"http:\/\/adfformosa.com.ar\/?p=4764"},"modified":"2017-03-15T19:56:08","modified_gmt":"2017-03-15T22:56:08","slug":"adf-convoca-al-paro-nacional-de-48-horas-para-los-dias-miercoles-15-y-jueves-16","status":"publish","type":"post","link":"https:\/\/adfformosa.com.ar\/?p=4764","title":{"rendered":"ADF convoca al paro nacional  de 48 horas para los d\u00edas mi\u00e9rcoles 15 y jueves 16"},"content":{"rendered":"<div id=\"s-share-buttons\" class=\"horizontal-w-c-r-border s-share-w-c\"><a href=\"http:\/\/www.facebook.com\/sharer.php?u=https:\/\/adfformosa.com.ar\/?p=4764\" target=\"_blank\" title=\"Share to Facebook\" class=\"s3-facebook hint--top\"><\/a><a href=\"http:\/\/twitter.com\/intent\/tweet?text=ADF convoca al paro nacional  de 48 horas para los d\u00edas mi\u00e9rcoles 15 y jueves 16&url=https:\/\/adfformosa.com.ar\/?p=4764\" target=\"_blank\"  title=\"Share to Twitter\" class=\"s3-twitter hint--top\"><\/a><a href=\"https:\/\/plus.google.com\/share?url=https:\/\/adfformosa.com.ar\/?p=4764\" target=\"_blank\"  title=\"Share to Google Plus\" class=\"s3-google-plus hint--top\"><\/a><a href=\"http:\/\/www.digg.com\/submit?url=https:\/\/adfformosa.com.ar\/?p=4764\" target=\"_blank\"  title=\"Share to Digg\" class=\"s3-digg hint--top\"><\/a><a href=\"http:\/\/www.tumblr.com\/share\/link?url=https%3A%2F%2Fadfformosa.com.ar%2F%3Fp%3D4764&name=ADF+convoca+al+paro+nacional++de+48+horas+para+los+d%C3%ADas+mi%C3%A9rcoles+15+y+jueves+16\" target=\"_blank\" title=\"Share to Tumblr\" class=\"s3-tumblr hint--top\"><\/a><a href=\"mailto:?Subject=ADF%20convoca%20al%20paro%20nacional%20%20de%2048%20horas%20para%20los%20d\u00edas%20mi\u00e9rcoles%2015%20y%20jueves%2016&Body=Here%20is%20the%20link%20to%20the%20article:%20https:\/\/adfformosa.com.ar\/?p=4764\" title=\"Email this article\" class=\"s3-email hint--top\"><\/a><\/div><h3 style=\"text-align: center;\"><span style=\"color: #0000ff;\"><img loading=\"lazy\" decoding=\"async\" class=\"aligncenter wp-image-4765 size-full\" src=\"https:\/\/adfformosa.com.ar\/wp-content\/uploads\/2017\/03\/luis-paro-15-y-16-e1489618424566.jpg\" alt=\"\" width=\"500\" height=\"500\" \/><span style=\"color: #ff6600;\">Luis Branchi,Secretario General de la Agremiaci\u00f3n del Docente Formose\u00f1o, anticip\u00f3 que el gremio se sumar\u00e1 al reclamo con un paro por 48 horas.<\/span><\/span><br \/>\n<span style=\"color: #ff6600;\">Si NO hay respuesta del gobierno nacional los docentes formose\u00f1os volver\u00e1n a marchar como en la \u00bb Marcha Blanca\u00bb los d\u00edas 21 y 22 de marzo<\/span><\/h3>\n<p>&nbsp;<\/p>\n<h4><span style=\"color: #000000;\">El secretario general de ADF se\u00f1al\u00f3 que no se trata s\u00f3lo del salario docente sino que est\u00e1n en juego planes socio-educativos, la formaci\u00f3n de los trabajadores del sector. \u201cTiene que ver con todo lo logrado en estos a\u00f1os\u201d, dijo.<\/span><\/h4>\n<h4><span style=\"color: #000000;\">\u201cHoy la gran mayor\u00eda de los docentes se da cuenta de que el gobierno nacional se niega a intervenir en la educaci\u00f3n, en la \u00e9poca militar se transfiri\u00f3 la primaria a las provincias, y en la \u00e9poca de (Carlos) Menem, tambi\u00e9n en un gobierno neoliberal como el de Macri, la secundaria tambi\u00e9n se qued\u00f3 sin presupuesto, y tras una larga lucha logramos que vuelvan las negociaciones paritarias\u201d, sostuvo el profesor.<\/span><\/h4>\n<h4><span style=\"color: #000000;\">Al finalizar, el referente del sector educativo en Formosa asegur\u00f3 que mantienen di\u00e1logo con el gobierno provincial para concretar un aumento en los haberes. \u201cA\u00fan sin paritaria nacional, en Formosa seguiremos discutiendo el aumento\u201d, declar\u00f3.<\/span><\/h4>\n<p>Fuente: Radio Formosa<\/p>\n","protected":false},"excerpt":{"rendered":"<p>Luis Branchi,Secretario General de la Agremiaci\u00f3n del Docente Formose\u00f1o, anticip\u00f3 que el gremio se sumar\u00e1 al reclamo con un paro por 48 horas. Si NO hay respuesta del gobierno nacional&#8230; <span class=\"meta-more\"><a href=\"https:\/\/adfformosa.com.ar\/?p=4764\">Leer mas &raquo;<\/a><\/span><\/p>\n","protected":false},"author":3,"featured_media":4765,"comment_status":"open","ping_status":"closed","sticky":false,"template":"","format":"standard","meta":{"footnotes":""},"categories":[2],"tags":[],"class_list":["post-4764","post","type-post","status-publish","format-standard","has-post-thumbnail","hentry","category-prensa-adf","even alt"],"_links":{"self":[{"href":"https:\/\/adfformosa.com.ar\/index.php?rest_route=\/wp\/v2\/posts\/4764","targetHints":{"allow":["GET"]}}],"collection":[{"href":"https:\/\/adfformosa.com.ar\/index.php?rest_route=\/wp\/v2\/posts"}],"about":[{"href":"https:\/\/adfformosa.com.ar\/index.php?rest_route=\/wp\/v2\/types\/post"}],"author":[{"embeddable":true,"href":"https:\/\/adfformosa.com.ar\/index.php?rest_route=\/wp\/v2\/users\/3"}],"replies":[{"embeddable":true,"href":"https:\/\/adfformosa.com.ar\/index.php?rest_route=%2Fwp%2Fv2%2Fcomments&post=4764"}],"version-history":[{"count":1,"href":"https:\/\/adfformosa.com.ar\/index.php?rest_route=\/wp\/v2\/posts\/4764\/revisions"}],"predecessor-version":[{"id":4766,"href":"https:\/\/adfformosa.com.ar\/index.php?rest_route=\/wp\/v2\/posts\/4764\/revisions\/4766"}],"wp:featuredmedia":[{"embeddable":true,"href":"https:\/\/adfformosa.com.ar\/index.php?rest_route=\/wp\/v2\/media\/4765"}],"wp:attachment":[{"href":"https:\/\/adfformosa.com.ar\/index.php?rest_route=%2Fwp%2Fv2%2Fmedia&parent=4764"}],"wp:term":[{"taxonomy":"category","embeddable":true,"href":"https:\/\/adfformosa.com.ar\/index.php?rest_route=%2Fwp%2Fv2%2Fcategories&post=4764"},{"taxonomy":"post_tag","embeddable":true,"href":"https:\/\/adfformosa.com.ar\/index.php?rest_route=%2Fwp%2Fv2%2Ftags&post=4764"}],"curies":[{"name":"wp","href":"https:\/\/api.w.org\/{rel}","templated":true}]}}