{"id":4761,"date":"2017-03-15T19:29:17","date_gmt":"2017-03-15T22:29:17","guid":{"rendered":"http:\/\/adfformosa.com.ar\/?p=4761"},"modified":"2017-03-15T19:29:17","modified_gmt":"2017-03-15T22:29:17","slug":"aclaracion-de-la-agremiacion-del-docente-formoseno-ante-circulacion-de-falsa-informacion","status":"publish","type":"post","link":"https:\/\/adfformosa.com.ar\/?p=4761","title":{"rendered":"Aclaraci\u00f3n de la Agremiaci\u00f3n del Docente Formose\u00f1o ante circulaci\u00f3n de falsa informaci\u00f3n"},"content":{"rendered":"<div id=\"s-share-buttons\" class=\"horizontal-w-c-r-border s-share-w-c\"><a href=\"http:\/\/www.facebook.com\/sharer.php?u=https:\/\/adfformosa.com.ar\/?p=4761\" target=\"_blank\" title=\"Share to Facebook\" class=\"s3-facebook hint--top\"><\/a><a href=\"http:\/\/twitter.com\/intent\/tweet?text=Aclaraci\u00f3n de la Agremiaci\u00f3n del Docente Formose\u00f1o ante circulaci\u00f3n de falsa informaci\u00f3n&url=https:\/\/adfformosa.com.ar\/?p=4761\" target=\"_blank\"  title=\"Share to Twitter\" class=\"s3-twitter hint--top\"><\/a><a href=\"https:\/\/plus.google.com\/share?url=https:\/\/adfformosa.com.ar\/?p=4761\" target=\"_blank\"  title=\"Share to Google Plus\" class=\"s3-google-plus hint--top\"><\/a><a href=\"http:\/\/www.digg.com\/submit?url=https:\/\/adfformosa.com.ar\/?p=4761\" target=\"_blank\"  title=\"Share to Digg\" class=\"s3-digg hint--top\"><\/a><a href=\"http:\/\/www.tumblr.com\/share\/link?url=https%3A%2F%2Fadfformosa.com.ar%2F%3Fp%3D4761&name=Aclaraci%C3%B3n+de+la+Agremiaci%C3%B3n+del+Docente+Formose%C3%B1o+ante+circulaci%C3%B3n+de+falsa+informaci%C3%B3n\" target=\"_blank\" title=\"Share to Tumblr\" class=\"s3-tumblr hint--top\"><\/a><a href=\"mailto:?Subject=Aclaraci\u00f3n%20de%20la%20Agremiaci\u00f3n%20del%20Docente%20Formose\u00f1o%20ante%20circulaci\u00f3n%20de%20falsa%20informaci\u00f3n&Body=Here%20is%20the%20link%20to%20the%20article:%20https:\/\/adfformosa.com.ar\/?p=4761\" title=\"Email this article\" class=\"s3-email hint--top\"><\/a><\/div><h3 class=\"_2cuy _3dgx _2vxa\" style=\"padding-left: 30px; text-align: left;\"><img loading=\"lazy\" decoding=\"async\" class=\"aligncenter wp-image-4762 size-full\" src=\"https:\/\/adfformosa.com.ar\/wp-content\/uploads\/2017\/03\/Dise\u00f1o-sin-t\u00edtulo-e1489616866197.png\" alt=\"\" width=\"600\" height=\"600\" \/><span style=\"color: #ff0000;\">Formosa, 15 de marzo de 2017<\/span><\/h3>\n<h3 class=\"_2cuy _3dgx _2vxa\" style=\"padding-left: 30px; text-align: left;\"><span style=\"color: #ff0000;\">Ante la circulaci\u00f3n de un mensaje a trav\u00e9s de WhatsApp de un supuesto comunicado del Secretario General de la Agremiaci\u00f3n del Docente Formose\u00f1o,Luis Branchi refiri\u00e9ndose a supuestas reuniones con las Autoridades provinciales por el NO descuento de los d\u00edas de paro y al fracaso de las mismas, desde esta Agremiaci\u00f3n aclaramos que es una INFORMACI\u00d3N FALSA y no ha sido originada en la ADF.<\/span><\/h3>\n<h3 class=\"_2cuy _3dgx _2vxa\" style=\"padding-left: 30px; text-align: left;\"><span style=\"color: #ff0000;\">Nuestra Agremiaci\u00f3n, en virtud a lo leg\u00edtimo del reclamo (evitar que el Gobierno Nacional deje de sostener con recursos la EDUCACI\u00d3N P\u00daBLICA) ha solicitado que NO se descuenten los d\u00edas de paro a los trabajadores. Pero sostenemos que m\u00e1s all\u00e1 de la posibilidad del descuento,la unidad gremial en la lucha nos har\u00e1 ganar mucho m\u00e1s de lo que nos quieren quitar.<\/span><\/h3>\n<h3 class=\"_2cuy _3dgx _2vxa\" style=\"padding-left: 30px; text-align: left;\"><span style=\"color: #ff0000;\">Junta Directiva de ADF<\/span><\/h3>\n<h3 class=\"_2cuy _3dgx _2vxa\" style=\"padding-left: 30px; text-align: left;\"><span style=\"color: #ff0000;\">Luis Branchi- Secretario General.<\/span><\/h3>\n","protected":false},"excerpt":{"rendered":"<p>Formosa, 15 de marzo de 2017 Ante la circulaci\u00f3n de un mensaje a trav\u00e9s de WhatsApp de un supuesto comunicado del Secretario General de la Agremiaci\u00f3n del Docente Formose\u00f1o,Luis Branchi&#8230; <span class=\"meta-more\"><a href=\"https:\/\/adfformosa.com.ar\/?p=4761\">Leer mas &raquo;<\/a><\/span><\/p>\n","protected":false},"author":3,"featured_media":4762,"comment_status":"open","ping_status":"closed","sticky":false,"template":"","format":"standard","meta":{"footnotes":""},"categories":[2],"tags":[],"class_list":["post-4761","post","type-post","status-publish","format-standard","has-post-thumbnail","hentry","category-prensa-adf","even alt"],"_links":{"self":[{"href":"https:\/\/adfformosa.com.ar\/index.php?rest_route=\/wp\/v2\/posts\/4761","targetHints":{"allow":["GET"]}}],"collection":[{"href":"https:\/\/adfformosa.com.ar\/index.php?rest_route=\/wp\/v2\/posts"}],"about":[{"href":"https:\/\/adfformosa.com.ar\/index.php?rest_route=\/wp\/v2\/types\/post"}],"author":[{"embeddable":true,"href":"https:\/\/adfformosa.com.ar\/index.php?rest_route=\/wp\/v2\/users\/3"}],"replies":[{"embeddable":true,"href":"https:\/\/adfformosa.com.ar\/index.php?rest_route=%2Fwp%2Fv2%2Fcomments&post=4761"}],"version-history":[{"count":1,"href":"https:\/\/adfformosa.com.ar\/index.php?rest_route=\/wp\/v2\/posts\/4761\/revisions"}],"predecessor-version":[{"id":4763,"href":"https:\/\/adfformosa.com.ar\/index.php?rest_route=\/wp\/v2\/posts\/4761\/revisions\/4763"}],"wp:featuredmedia":[{"embeddable":true,"href":"https:\/\/adfformosa.com.ar\/index.php?rest_route=\/wp\/v2\/media\/4762"}],"wp:attachment":[{"href":"https:\/\/adfformosa.com.ar\/index.php?rest_route=%2Fwp%2Fv2%2Fmedia&parent=4761"}],"wp:term":[{"taxonomy":"category","embeddable":true,"href":"https:\/\/adfformosa.com.ar\/index.php?rest_route=%2Fwp%2Fv2%2Fcategories&post=4761"},{"taxonomy":"post_tag","embeddable":true,"href":"https:\/\/adfformosa.com.ar\/index.php?rest_route=%2Fwp%2Fv2%2Ftags&post=4761"}],"curies":[{"name":"wp","href":"https:\/\/api.w.org\/{rel}","templated":true}]}}