{"id":4748,"date":"2017-02-23T17:34:41","date_gmt":"2017-02-23T20:34:41","guid":{"rendered":"http:\/\/adfformosa.com.ar\/?p=4748"},"modified":"2017-03-01T17:45:21","modified_gmt":"2017-03-01T20:45:21","slug":"resoluciones-del-congreso-de-ctera","status":"publish","type":"post","link":"https:\/\/adfformosa.com.ar\/?p=4748","title":{"rendered":"Resoluciones del Congreso de CTERA"},"content":{"rendered":"<div id=\"s-share-buttons\" class=\"horizontal-w-c-r-border s-share-w-c\"><a href=\"http:\/\/www.facebook.com\/sharer.php?u=https:\/\/adfformosa.com.ar\/?p=4748\" target=\"_blank\" title=\"Share to Facebook\" class=\"s3-facebook hint--top\"><\/a><a href=\"http:\/\/twitter.com\/intent\/tweet?text=Resoluciones del Congreso de CTERA&url=https:\/\/adfformosa.com.ar\/?p=4748\" target=\"_blank\"  title=\"Share to Twitter\" class=\"s3-twitter hint--top\"><\/a><a href=\"https:\/\/plus.google.com\/share?url=https:\/\/adfformosa.com.ar\/?p=4748\" target=\"_blank\"  title=\"Share to Google Plus\" class=\"s3-google-plus hint--top\"><\/a><a href=\"http:\/\/www.digg.com\/submit?url=https:\/\/adfformosa.com.ar\/?p=4748\" target=\"_blank\"  title=\"Share to Digg\" class=\"s3-digg hint--top\"><\/a><a href=\"http:\/\/www.tumblr.com\/share\/link?url=https%3A%2F%2Fadfformosa.com.ar%2F%3Fp%3D4748&name=Resoluciones+del+Congreso+de+CTERA\" target=\"_blank\" title=\"Share to Tumblr\" class=\"s3-tumblr hint--top\"><\/a><a href=\"mailto:?Subject=Resoluciones%20del%20Congreso%20de%20CTERA&Body=Here%20is%20the%20link%20to%20the%20article:%20https:\/\/adfformosa.com.ar\/?p=4748\" title=\"Email this article\" class=\"s3-email hint--top\"><\/a><\/div><p><img loading=\"lazy\" decoding=\"async\" class=\"aligncenter wp-image-4749 size-full\" src=\"https:\/\/adfformosa.com.ar\/wp-content\/uploads\/2017\/03\/2017-PORTADA-e1488400858438.jpg\" width=\"600\" height=\"400\" \/><\/p>\n<p><span style=\"color: #ff0000;\">Buenos Aires, jueves 23 de febrero de 2017<\/span><\/p>\n<p style=\"padding-left: 30px; text-align: left;\">El Congreso de CTERA, con representantes de todo el pa\u00eds, ante la falta de convocatoria a la Paritaria Nacional Docente y la negativa por parte del Gobierno a llamar al di\u00e1logo, resolvi\u00f3:<\/p>\n<p style=\"padding-left: 30px; text-align: left;\">\u00a0&#8211; Paro de 48 hs el lunes 6 y 7 de marzo. El 6 de marzo con movilizaci\u00f3n nacional docente y el 7 de marzo acompa\u00f1ando la marcha de la CGT y CTA por \u00abEducaci\u00f3n y trabajo\u00bb.<\/p>\n<p style=\"padding-left: 30px; text-align: left;\">\u00a0&#8211; Adherir \u00a0activamente al Paro Internacional de las Mujeres del 8 de marzo, con la modalidad que determine cada provincia y participara de todos los actos en las provincias.<\/p>\n<p style=\"padding-left: 30px; text-align: left;\">\u00a0&#8211; En la segunda semana de marzo acciones en las provincias con la Comunidad Educativa: clases p\u00fablicas, abrazos a las escuelas, jornadas de difusi\u00f3n, radios abiertas, etc.<\/p>\n<p style=\"padding-left: 30px; text-align: left;\">\u00a0&#8211; En caso de continuar sin respuesta por parte del Gobierno Nacional mandatar a la Junta Ejecutiva de CTERA a determinar fecha en \u00a0la tercer semana a un Paro Nacional Docente de 48 hs. con Marcha Federal Educativa a Plaza de Mayo.<\/p>\n<p style=\"padding-left: 30px; text-align: left;\">\u00a0&#8211; Convocar el 24 de marzo en todas las plazas del pa\u00eds y en Plaza de Mayo.\u00a0 En esa semana en las escuelas de todo el pa\u00eds seguiremos ense\u00f1ando Memoria, Verdad y Justicia.<\/p>\n<p style=\"padding-left: 30px; text-align: left;\">\u00a0&#8211; Convocar a una Jornada Nacional contra la Impunidad el 4 de abril a 10 a\u00f1os del asesinato del maestro Carlos Fuentealba.<\/p>\n<p style=\"padding-left: 30px; text-align: left;\">\u00a0&#8211; Solidaridad del Congreso con Roberto Baradel ante las amenazas recibidas por \u00e9l y su familia.<\/p>\n<p style=\"padding-left: 30px; text-align: left;\">\u00a0&#8211; Solidaridad del Congreso con los dirigentes de CTA y CTERA Hugo Yasky, Sonia Alesso, Eduardo L\u00f3pez, Roberto Baradel y Beto Pianelli ante los hechos de espionaje denunciados.<\/p>\n<p style=\"padding-left: 30px; text-align: left;\">\u00a0&#8211; \u00a0El Congreso repudi\u00f3 estos hechos de amedrentamientos y exigi\u00f3 su investigaci\u00f3n al Gobierno Nacional.<\/p>\n<p style=\"padding-left: 30px; text-align: left;\">&#8211; Solidaridad del Congreso con todos los trabajadores despedidos.<\/p>\n<p>\u00a0&#8211; Con relaci\u00f3n a la reforma educativa del Nivel Medio en la provincia de R\u00edo Negro la CTERA expresa que ninguna reforma se puede llevar adelante sin garantizar que los docentes no pierdan su puesto de trabajo. En ese sentido desde la CTERA acompa\u00f1amos el planteo de la UnTER exigiendo que el gobierno de esa provincia garantice los puestos de trabajo de los trabajadores de la educaci\u00f3n afectados por esta reforma, respetando el \u00e1mbito paritario como lugar de construcci\u00f3n de toda pol\u00edtica educativa con consenso.<\/p>\n<p><strong>Alejo Demichelis \u00a0 \u00a0 \u00a0 \u00a0 \u00a0 \u00a0 \u00a0 \u00a0 \u00a0 \u00a0 \u00a0 \u00a0 \u00a0 \u00a0 \u00a0 \u00a0 \u00a0 \u00a0 \u00a0 \u00a0 \u00a0 \u00a0 \u00a0 \u00a0 \u00a0 \u00a0 \u00a0 \u00a0 \u00a0 \u00a0 \u00a0 \u00a0 \u00a0 Sonia Alesso<\/strong><\/p>\n<p><strong>Secretario de Prensa \u00a0<\/strong> \u00a0 \u00a0 \u00a0 \u00a0 \u00a0 \u00a0 \u00a0 \u00a0 \u00a0 \u00a0 \u00a0 \u00a0 \u00a0 \u00a0 \u00a0 \u00a0 \u00a0 \u00a0 \u00a0 \u00a0 \u00a0 \u00a0 \u00a0 \u00a0 \u00a0 <strong>\u00a0 \u00a0 Secretaria General\u00a0<\/strong><\/p>\n<p><img loading=\"lazy\" decoding=\"async\" class=\"wp-image-4750 size-full aligncenter\" src=\"https:\/\/adfformosa.com.ar\/wp-content\/uploads\/2017\/03\/2017-1-e1488401057958.jpg\" width=\"600\" height=\"400\" \/><\/p>\n","protected":false},"excerpt":{"rendered":"<p>Buenos Aires, jueves 23 de febrero de 2017 El Congreso de CTERA, con representantes de todo el pa\u00eds, ante la falta de convocatoria a la Paritaria Nacional Docente y la&#8230; <span class=\"meta-more\"><a href=\"https:\/\/adfformosa.com.ar\/?p=4748\">Leer mas &raquo;<\/a><\/span><\/p>\n","protected":false},"author":3,"featured_media":4749,"comment_status":"open","ping_status":"closed","sticky":false,"template":"","format":"standard","meta":{"footnotes":""},"categories":[2],"tags":[],"class_list":["post-4748","post","type-post","status-publish","format-standard","has-post-thumbnail","hentry","category-prensa-adf","even alt"],"_links":{"self":[{"href":"https:\/\/adfformosa.com.ar\/index.php?rest_route=\/wp\/v2\/posts\/4748","targetHints":{"allow":["GET"]}}],"collection":[{"href":"https:\/\/adfformosa.com.ar\/index.php?rest_route=\/wp\/v2\/posts"}],"about":[{"href":"https:\/\/adfformosa.com.ar\/index.php?rest_route=\/wp\/v2\/types\/post"}],"author":[{"embeddable":true,"href":"https:\/\/adfformosa.com.ar\/index.php?rest_route=\/wp\/v2\/users\/3"}],"replies":[{"embeddable":true,"href":"https:\/\/adfformosa.com.ar\/index.php?rest_route=%2Fwp%2Fv2%2Fcomments&post=4748"}],"version-history":[{"count":1,"href":"https:\/\/adfformosa.com.ar\/index.php?rest_route=\/wp\/v2\/posts\/4748\/revisions"}],"predecessor-version":[{"id":4751,"href":"https:\/\/adfformosa.com.ar\/index.php?rest_route=\/wp\/v2\/posts\/4748\/revisions\/4751"}],"wp:featuredmedia":[{"embeddable":true,"href":"https:\/\/adfformosa.com.ar\/index.php?rest_route=\/wp\/v2\/media\/4749"}],"wp:attachment":[{"href":"https:\/\/adfformosa.com.ar\/index.php?rest_route=%2Fwp%2Fv2%2Fmedia&parent=4748"}],"wp:term":[{"taxonomy":"category","embeddable":true,"href":"https:\/\/adfformosa.com.ar\/index.php?rest_route=%2Fwp%2Fv2%2Fcategories&post=4748"},{"taxonomy":"post_tag","embeddable":true,"href":"https:\/\/adfformosa.com.ar\/index.php?rest_route=%2Fwp%2Fv2%2Ftags&post=4748"}],"curies":[{"name":"wp","href":"https:\/\/api.w.org\/{rel}","templated":true}]}}