{"id":4744,"date":"2017-02-13T20:23:06","date_gmt":"2017-02-13T23:23:06","guid":{"rendered":"http:\/\/adfformosa.com.ar\/?p=4744"},"modified":"2017-02-13T20:23:06","modified_gmt":"2017-02-13T23:23:06","slug":"adf-se-reunio-con-delegados-gremiales","status":"publish","type":"post","link":"https:\/\/adfformosa.com.ar\/?p=4744","title":{"rendered":"ADF se reuni\u00f3 con Delegados Gremiales"},"content":{"rendered":"<div id=\"s-share-buttons\" class=\"horizontal-w-c-r-border s-share-w-c\"><a href=\"http:\/\/www.facebook.com\/sharer.php?u=https:\/\/adfformosa.com.ar\/?p=4744\" target=\"_blank\" title=\"Share to Facebook\" class=\"s3-facebook hint--top\"><\/a><a href=\"http:\/\/twitter.com\/intent\/tweet?text=ADF se reuni\u00f3 con Delegados Gremiales&url=https:\/\/adfformosa.com.ar\/?p=4744\" target=\"_blank\"  title=\"Share to Twitter\" class=\"s3-twitter hint--top\"><\/a><a href=\"https:\/\/plus.google.com\/share?url=https:\/\/adfformosa.com.ar\/?p=4744\" target=\"_blank\"  title=\"Share to Google Plus\" class=\"s3-google-plus hint--top\"><\/a><a href=\"http:\/\/www.digg.com\/submit?url=https:\/\/adfformosa.com.ar\/?p=4744\" target=\"_blank\"  title=\"Share to Digg\" class=\"s3-digg hint--top\"><\/a><a href=\"http:\/\/www.tumblr.com\/share\/link?url=https%3A%2F%2Fadfformosa.com.ar%2F%3Fp%3D4744&name=ADF+se+reuni%C3%B3+con+Delegados+Gremiales\" target=\"_blank\" title=\"Share to Tumblr\" class=\"s3-tumblr hint--top\"><\/a><a href=\"mailto:?Subject=ADF%20se%20reuni\u00f3%20con%20Delegados%20Gremiales&Body=Here%20is%20the%20link%20to%20the%20article:%20https:\/\/adfformosa.com.ar\/?p=4744\" title=\"Email this article\" class=\"s3-email hint--top\"><\/a><\/div><div id=\"attachment_4745\" style=\"width: 410px\" class=\"wp-caption aligncenter\"><img loading=\"lazy\" decoding=\"async\" aria-describedby=\"caption-attachment-4745\" class=\"wp-image-4745 size-full\" src=\"https:\/\/adfformosa.com.ar\/wp-content\/uploads\/2017\/02\/reuni\u00f3n-UNO17-e1487027506968.jpg\" width=\"400\" height=\"225\" \/><p id=\"caption-attachment-4745\" class=\"wp-caption-text\">Reuni\u00f3n en ADF con Delegados Gremiales<\/p><\/div>\n<h4 style=\"text-align: center;\"><span style=\"color: #0000ff;\"><strong>Los Delegados Gremiales de capital y del interior fueron convocados por la Junta Directiva para definir los temas que \u00a0el gremio llevar\u00e1 ante el \u00a0Congreso de CTERA el 23 de febrero<\/strong><\/span><\/h4>\n<p style=\"text-align: left;\"><b>Luis Branchi, Secretario General de la Asociaci\u00f3n del Docente Formose\u00f1o (ADF) dijo \u00a0\u00ab<\/b><strong><em>tenemos una reuni\u00f3n con coordinadores de toda la provincia, delegados y dem\u00e1s. Analizaremos la situaci\u00f3n que estamos viviendo en v\u00edsperas del inicio de clases, todav\u00eda no hemos sido convocados a la paritaria nacional pese a que as\u00ed la ley lo se\u00f1ala, estamos pidiendo la opini\u00f3n de los compa\u00f1eros porque el pr\u00f3ximo 23 de febrero es el congreso de CTERA (Confederaci\u00f3n de Trabajadores de la Educaci\u00f3n de la Rep\u00fablica Argentina) donde se decidir\u00e1 qu\u00e9 hacer si no hay paritarias o qu\u00e9 monto pedir si las hay\u201d.<\/em><\/strong><\/p>\n<p style=\"text-align: left;\">Se\u00f1al\u00f3 que\u00bb<strong><em> hay un enorme retroceso en las paritarias ya que desde el gobierno nacional van \u201cen contra\u201d de lo que establece la ley. Desde Naci\u00f3n dijeron que esperar\u00e1n a que las provincias convoquen y luego lo har\u00e1n ellos, van en contra de la ley\u201d<\/em><\/strong><\/p>\n<p style=\"text-align: left;\">Reiter\u00f3 que \u201c<strong><em>Naci\u00f3n quiere\u00a0desentenderse de los puntos paritarios m\u00e1s importantes<\/em><\/strong>\u00ab<\/p>\n<p><img loading=\"lazy\" decoding=\"async\" class=\"aligncenter wp-image-4746 size-medium\" src=\"https:\/\/adfformosa.com.ar\/wp-content\/uploads\/2017\/02\/reunion-DOS17-165x300.jpg\" width=\"165\" height=\"300\" srcset=\"https:\/\/adfformosa.com.ar\/wp-content\/uploads\/2017\/02\/reunion-DOS17-165x300.jpg 165w, https:\/\/adfformosa.com.ar\/wp-content\/uploads\/2017\/02\/reunion-DOS17.jpg 528w\" sizes=\"auto, (max-width: 165px) 100vw, 165px\" \/><\/p>\n","protected":false},"excerpt":{"rendered":"<p>Los Delegados Gremiales de capital y del interior fueron convocados por la Junta Directiva para definir los temas que \u00a0el gremio llevar\u00e1 ante el \u00a0Congreso de CTERA el 23 de&#8230; <span class=\"meta-more\"><a href=\"https:\/\/adfformosa.com.ar\/?p=4744\">Leer mas &raquo;<\/a><\/span><\/p>\n","protected":false},"author":3,"featured_media":4745,"comment_status":"open","ping_status":"closed","sticky":false,"template":"","format":"standard","meta":{"footnotes":""},"categories":[2],"tags":[],"class_list":["post-4744","post","type-post","status-publish","format-standard","has-post-thumbnail","hentry","category-prensa-adf","even alt"],"_links":{"self":[{"href":"https:\/\/adfformosa.com.ar\/index.php?rest_route=\/wp\/v2\/posts\/4744","targetHints":{"allow":["GET"]}}],"collection":[{"href":"https:\/\/adfformosa.com.ar\/index.php?rest_route=\/wp\/v2\/posts"}],"about":[{"href":"https:\/\/adfformosa.com.ar\/index.php?rest_route=\/wp\/v2\/types\/post"}],"author":[{"embeddable":true,"href":"https:\/\/adfformosa.com.ar\/index.php?rest_route=\/wp\/v2\/users\/3"}],"replies":[{"embeddable":true,"href":"https:\/\/adfformosa.com.ar\/index.php?rest_route=%2Fwp%2Fv2%2Fcomments&post=4744"}],"version-history":[{"count":1,"href":"https:\/\/adfformosa.com.ar\/index.php?rest_route=\/wp\/v2\/posts\/4744\/revisions"}],"predecessor-version":[{"id":4747,"href":"https:\/\/adfformosa.com.ar\/index.php?rest_route=\/wp\/v2\/posts\/4744\/revisions\/4747"}],"wp:featuredmedia":[{"embeddable":true,"href":"https:\/\/adfformosa.com.ar\/index.php?rest_route=\/wp\/v2\/media\/4745"}],"wp:attachment":[{"href":"https:\/\/adfformosa.com.ar\/index.php?rest_route=%2Fwp%2Fv2%2Fmedia&parent=4744"}],"wp:term":[{"taxonomy":"category","embeddable":true,"href":"https:\/\/adfformosa.com.ar\/index.php?rest_route=%2Fwp%2Fv2%2Fcategories&post=4744"},{"taxonomy":"post_tag","embeddable":true,"href":"https:\/\/adfformosa.com.ar\/index.php?rest_route=%2Fwp%2Fv2%2Ftags&post=4744"}],"curies":[{"name":"wp","href":"https:\/\/api.w.org\/{rel}","templated":true}]}}