{"id":4741,"date":"2017-02-09T20:00:22","date_gmt":"2017-02-09T23:00:22","guid":{"rendered":"http:\/\/adfformosa.com.ar\/?p=4741"},"modified":"2017-02-09T21:55:31","modified_gmt":"2017-02-10T00:55:31","slug":"resolucion-del-plenario-de-secretarios-generales-de-ctera","status":"publish","type":"post","link":"https:\/\/adfformosa.com.ar\/?p=4741","title":{"rendered":"Resoluci\u00f3n del \u00abPlenario de Secretarios Generales de Ctera\u00bb"},"content":{"rendered":"<div id=\"s-share-buttons\" class=\"horizontal-w-c-r-border s-share-w-c\"><a href=\"http:\/\/www.facebook.com\/sharer.php?u=https:\/\/adfformosa.com.ar\/?p=4741\" target=\"_blank\" title=\"Share to Facebook\" class=\"s3-facebook hint--top\"><\/a><a href=\"http:\/\/twitter.com\/intent\/tweet?text=Resoluci\u00f3n del \u00abPlenario de Secretarios Generales de Ctera\u00bb&url=https:\/\/adfformosa.com.ar\/?p=4741\" target=\"_blank\"  title=\"Share to Twitter\" class=\"s3-twitter hint--top\"><\/a><a href=\"https:\/\/plus.google.com\/share?url=https:\/\/adfformosa.com.ar\/?p=4741\" target=\"_blank\"  title=\"Share to Google Plus\" class=\"s3-google-plus hint--top\"><\/a><a href=\"http:\/\/www.digg.com\/submit?url=https:\/\/adfformosa.com.ar\/?p=4741\" target=\"_blank\"  title=\"Share to Digg\" class=\"s3-digg hint--top\"><\/a><a href=\"http:\/\/www.tumblr.com\/share\/link?url=https%3A%2F%2Fadfformosa.com.ar%2F%3Fp%3D4741&name=Resoluci%C3%B3n+del+%C2%ABPlenario+de+Secretarios+Generales+de+Ctera%C2%BB\" target=\"_blank\" title=\"Share to Tumblr\" class=\"s3-tumblr hint--top\"><\/a><a href=\"mailto:?Subject=Resoluci\u00f3n%20del%20\u00abPlenario%20de%20Secretarios%20Generales%20de%20Ctera\u00bb&Body=Here%20is%20the%20link%20to%20the%20article:%20https:\/\/adfformosa.com.ar\/?p=4741\" title=\"Email this article\" class=\"s3-email hint--top\"><\/a><\/div><p style=\"text-align: right;\"><img loading=\"lazy\" decoding=\"async\" class=\"alignleft wp-image-4742 size-medium\" src=\"https:\/\/adfformosa.com.ar\/wp-content\/uploads\/2017\/02\/HOUSE-1-300x251.jpg\" width=\"300\" height=\"251\" srcset=\"https:\/\/adfformosa.com.ar\/wp-content\/uploads\/2017\/02\/HOUSE-1-300x251.jpg 300w, https:\/\/adfformosa.com.ar\/wp-content\/uploads\/2017\/02\/HOUSE-1-768x644.jpg 768w, https:\/\/adfformosa.com.ar\/wp-content\/uploads\/2017\/02\/HOUSE-1.jpg 940w\" sizes=\"auto, (max-width: 300px) 100vw, 300px\" \/><\/p>\n<h5 style=\"text-align: right;\"><strong>Jueves 9 de febrero de 2017<\/strong><\/h5>\n<h5 style=\"padding-left: 30px;\"><strong>Hoy jueves 9 de febrero se realiz\u00f3 el Plenario de Secretarios Generales de CTERA, encabezado por Sonia Alesso.\u00a0<\/strong><\/h5>\n<h5 style=\"padding-left: 30px;\">\n<strong>Luego del informe de la situaci\u00f3n nacional brindado por la Secretar\u00eda General, el Plenario de Secretarios General resolvi\u00f3:<\/strong><\/h5>\n<h5 style=\"padding-left: 30px;\">\n<strong>&#8211; Impulsar el no inicio del ciclo lectivo si no se convoca a la Paritaria Nacional Docente.<\/strong><\/h5>\n<div class=\"text_exposed_show\" style=\"padding-left: 30px;\">\n<h5 style=\"padding-left: 30px;\"><strong>&#8211; Convocar y participar de la marcha convocada para el 7 de marzo por la CGT por \u00abEducaci\u00f3n y Trabajo\u00bb<\/strong><\/h5>\n<h5 style=\"padding-left: 30px;\"><strong>&#8211; Acompa\u00f1ar y participar del paro nacional de mujeres del 8 de marzo.<\/strong><\/h5>\n<h5 style=\"padding-left: 30px;\"><strong>&#8211; Realizar marchas en las distintas provincias como as\u00ed tambi\u00e9n al Ministerio de Educaci\u00f3n y \u00a0Plaza de Mayo.<\/strong><\/h5>\n<h5 style=\"padding-left: 30px;\"><strong>&#8211; Conformar un \u00abFrente Nacional Educativo\u00bb junto a los sindicatos docentes nacionales y comunidad educativa.<\/strong><\/h5>\n<h5 style=\"padding-left: 30px;\"><strong>&#8211; Realizar una \u00abMarcha Federal Educativa\u00bb<\/strong><\/h5>\n<h5 style=\"padding-left: 30px;\"><strong>&#8211; Repudiar las amenazas sufridas por Roberto Baradel \u2013 Sec. General de SUTEBA y miembro de la Junta Ejecutiva de CTERA \u2013 expresando la solidaridad del Plenario.<\/strong><\/h5>\n<h5 style=\"padding-left: 30px;\"><strong>&#8211; Repudiar la represi\u00f3n sufrida por trabajadores en Viedma ante la manifestaci\u00f3n efectuada con motivo de la presencia del Presidente Mauricio Macri.<\/strong><\/h5>\n<h5 style=\"padding-left: 30px;\"><strong>&#8211; Basta de despidos, ajustes y flexibilizaci\u00f3n laboral: solidaridad con los trabajadores despedidos de AGR.<\/strong><\/h5>\n<h5 style=\"padding-left: 30px;\"><strong>&#8211; Seguir exigiendo Justicia Completa para nuestro Compa\u00f1ero Carlos Fuentealba a diez a\u00f1os de su fusilamiento.<\/strong><\/h5>\n<h5 style=\"padding-left: 30px;\"><strong>&#8211; Convocar al Congreso Nacional de CTERA el jueves 23 de febrero.<\/strong><\/h5>\n<h5 style=\"text-align: center; padding-left: 30px;\"><strong>PLENARIO DE SECRETARIOS GENERALES DE CTERA<\/strong><\/h5>\n<\/div>\n","protected":false},"excerpt":{"rendered":"<p>Jueves 9 de febrero de 2017 Hoy jueves 9 de febrero se realiz\u00f3 el Plenario de Secretarios Generales de CTERA, encabezado por Sonia Alesso.\u00a0 Luego del informe de la situaci\u00f3n&#8230; <span class=\"meta-more\"><a href=\"https:\/\/adfformosa.com.ar\/?p=4741\">Leer mas &raquo;<\/a><\/span><\/p>\n","protected":false},"author":3,"featured_media":4742,"comment_status":"open","ping_status":"closed","sticky":false,"template":"","format":"standard","meta":{"footnotes":""},"categories":[2],"tags":[],"class_list":["post-4741","post","type-post","status-publish","format-standard","has-post-thumbnail","hentry","category-prensa-adf","even alt"],"_links":{"self":[{"href":"https:\/\/adfformosa.com.ar\/index.php?rest_route=\/wp\/v2\/posts\/4741","targetHints":{"allow":["GET"]}}],"collection":[{"href":"https:\/\/adfformosa.com.ar\/index.php?rest_route=\/wp\/v2\/posts"}],"about":[{"href":"https:\/\/adfformosa.com.ar\/index.php?rest_route=\/wp\/v2\/types\/post"}],"author":[{"embeddable":true,"href":"https:\/\/adfformosa.com.ar\/index.php?rest_route=\/wp\/v2\/users\/3"}],"replies":[{"embeddable":true,"href":"https:\/\/adfformosa.com.ar\/index.php?rest_route=%2Fwp%2Fv2%2Fcomments&post=4741"}],"version-history":[{"count":1,"href":"https:\/\/adfformosa.com.ar\/index.php?rest_route=\/wp\/v2\/posts\/4741\/revisions"}],"predecessor-version":[{"id":4743,"href":"https:\/\/adfformosa.com.ar\/index.php?rest_route=\/wp\/v2\/posts\/4741\/revisions\/4743"}],"wp:featuredmedia":[{"embeddable":true,"href":"https:\/\/adfformosa.com.ar\/index.php?rest_route=\/wp\/v2\/media\/4742"}],"wp:attachment":[{"href":"https:\/\/adfformosa.com.ar\/index.php?rest_route=%2Fwp%2Fv2%2Fmedia&parent=4741"}],"wp:term":[{"taxonomy":"category","embeddable":true,"href":"https:\/\/adfformosa.com.ar\/index.php?rest_route=%2Fwp%2Fv2%2Fcategories&post=4741"},{"taxonomy":"post_tag","embeddable":true,"href":"https:\/\/adfformosa.com.ar\/index.php?rest_route=%2Fwp%2Fv2%2Ftags&post=4741"}],"curies":[{"name":"wp","href":"https:\/\/api.w.org\/{rel}","templated":true}]}}