{"id":4737,"date":"2017-02-09T07:22:13","date_gmt":"2017-02-09T10:22:13","guid":{"rendered":"http:\/\/adfformosa.com.ar\/?p=4737"},"modified":"2017-02-09T21:39:15","modified_gmt":"2017-02-10T00:39:15","slug":"logro-gremial-se-modifica-fecha-de-presentacion-docente-y-el-inicio-de-clases-2017","status":"publish","type":"post","link":"https:\/\/adfformosa.com.ar\/?p=4737","title":{"rendered":"Logro gremial se modifica fecha de presentaci\u00f3n docente y el inicio de clases 2017"},"content":{"rendered":"<div id=\"s-share-buttons\" class=\"horizontal-w-c-r-border s-share-w-c\"><a href=\"http:\/\/www.facebook.com\/sharer.php?u=https:\/\/adfformosa.com.ar\/?p=4737\" target=\"_blank\" title=\"Share to Facebook\" class=\"s3-facebook hint--top\"><\/a><a href=\"http:\/\/twitter.com\/intent\/tweet?text=Logro gremial se modifica fecha de presentaci\u00f3n docente y el inicio de clases 2017&url=https:\/\/adfformosa.com.ar\/?p=4737\" target=\"_blank\"  title=\"Share to Twitter\" class=\"s3-twitter hint--top\"><\/a><a href=\"https:\/\/plus.google.com\/share?url=https:\/\/adfformosa.com.ar\/?p=4737\" target=\"_blank\"  title=\"Share to Google Plus\" class=\"s3-google-plus hint--top\"><\/a><a href=\"http:\/\/www.digg.com\/submit?url=https:\/\/adfformosa.com.ar\/?p=4737\" target=\"_blank\"  title=\"Share to Digg\" class=\"s3-digg hint--top\"><\/a><a href=\"http:\/\/www.tumblr.com\/share\/link?url=https%3A%2F%2Fadfformosa.com.ar%2F%3Fp%3D4737&name=Logro+gremial+se+modifica+fecha+de+presentaci%C3%B3n+docente+y+el+inicio+de+clases+2017\" target=\"_blank\" title=\"Share to Tumblr\" class=\"s3-tumblr hint--top\"><\/a><a href=\"mailto:?Subject=Logro%20gremial%20se%20modifica%20fecha%20de%20presentaci\u00f3n%20docente%20y%20el%20inicio%20de%20clases%202017&Body=Here%20is%20the%20link%20to%20the%20article:%20https:\/\/adfformosa.com.ar\/?p=4737\" title=\"Email this article\" class=\"s3-email hint--top\"><\/a><\/div><div id=\"attachment_4738\" style=\"width: 610px\" class=\"wp-caption aligncenter\"><img loading=\"lazy\" decoding=\"async\" aria-describedby=\"caption-attachment-4738\" class=\"wp-image-4738 size-full\" src=\"https:\/\/adfformosa.com.ar\/wp-content\/uploads\/2017\/02\/HOUSE-e1486686779402.jpg\" width=\"600\" height=\"503\" \/><p id=\"caption-attachment-4738\" class=\"wp-caption-text\">#Docentes #Formosa Ciclo lectivo 2017 Formosa<\/p><\/div>\n<h4 style=\"padding-left: 30px;\">Compa\u00f1eros y compa\u00f1eras:<\/h4>\n<h4 style=\"padding-left: 30px;\">En un nuevo logro de nuestra Agremiaci\u00f3n informamos que el Ministerio de Cultura y Educaci\u00f3n de la provincia inform\u00f3 que \u00a0se modifican las siguientes fechas del Calendario Escolar Docente Resoluci\u00f3n 6363\/16.<\/h4>\n<h4 style=\"padding-left: 30px;\"><span style=\"color: #ff0000;\">1) \u00a0Presentaci\u00f3n del personal de supervisi\u00f3n,Directivos y Docente: 20 de febrero\u00a0<\/span><\/h4>\n<h4 style=\"padding-left: 30px;\"><span style=\"color: #ff0000;\">2)\u00a0Las clases comenzar\u00e1n el d\u00eda lunes 6 de marzo<\/span><\/h4>\n<p style=\"padding-left: 30px;\">El calendario escolar es un instrumento legal que fija las fechas para las distintas actividades del ciclo lectivo. Para este a\u00f1o 2017 los plazos establecidos eran,inicio de clases \u00a01\u00b0 de marzo y el 16 de febrero para la presentaci\u00f3n del personal de supervisi\u00f3n, directivo y docente, que fueron los dos t\u00e9rminos modificados.<br \/>\nEl 6 de marzo todos los niveles vuelven a las aulas, es decir Inicial, Primario y Secundario.<\/p>\n<p style=\"padding-left: 30px;\">La finalizaci\u00f3n de los trimestres y todas las dem\u00e1s actividades previstas dentro del calendario escolar no tienen ning\u00fan tipo de modificaci\u00f3n.<\/p>\n<p style=\"padding-left: 30px;\">\n","protected":false},"excerpt":{"rendered":"<p>Compa\u00f1eros y compa\u00f1eras: En un nuevo logro de nuestra Agremiaci\u00f3n informamos que el Ministerio de Cultura y Educaci\u00f3n de la provincia inform\u00f3 que \u00a0se modifican las siguientes fechas del Calendario&#8230; <span class=\"meta-more\"><a href=\"https:\/\/adfformosa.com.ar\/?p=4737\">Leer mas &raquo;<\/a><\/span><\/p>\n","protected":false},"author":3,"featured_media":4738,"comment_status":"open","ping_status":"closed","sticky":false,"template":"","format":"standard","meta":{"footnotes":""},"categories":[2],"tags":[],"class_list":["post-4737","post","type-post","status-publish","format-standard","has-post-thumbnail","hentry","category-prensa-adf","even alt"],"_links":{"self":[{"href":"https:\/\/adfformosa.com.ar\/index.php?rest_route=\/wp\/v2\/posts\/4737","targetHints":{"allow":["GET"]}}],"collection":[{"href":"https:\/\/adfformosa.com.ar\/index.php?rest_route=\/wp\/v2\/posts"}],"about":[{"href":"https:\/\/adfformosa.com.ar\/index.php?rest_route=\/wp\/v2\/types\/post"}],"author":[{"embeddable":true,"href":"https:\/\/adfformosa.com.ar\/index.php?rest_route=\/wp\/v2\/users\/3"}],"replies":[{"embeddable":true,"href":"https:\/\/adfformosa.com.ar\/index.php?rest_route=%2Fwp%2Fv2%2Fcomments&post=4737"}],"version-history":[{"count":1,"href":"https:\/\/adfformosa.com.ar\/index.php?rest_route=\/wp\/v2\/posts\/4737\/revisions"}],"predecessor-version":[{"id":4739,"href":"https:\/\/adfformosa.com.ar\/index.php?rest_route=\/wp\/v2\/posts\/4737\/revisions\/4739"}],"wp:featuredmedia":[{"embeddable":true,"href":"https:\/\/adfformosa.com.ar\/index.php?rest_route=\/wp\/v2\/media\/4738"}],"wp:attachment":[{"href":"https:\/\/adfformosa.com.ar\/index.php?rest_route=%2Fwp%2Fv2%2Fmedia&parent=4737"}],"wp:term":[{"taxonomy":"category","embeddable":true,"href":"https:\/\/adfformosa.com.ar\/index.php?rest_route=%2Fwp%2Fv2%2Fcategories&post=4737"},{"taxonomy":"post_tag","embeddable":true,"href":"https:\/\/adfformosa.com.ar\/index.php?rest_route=%2Fwp%2Fv2%2Ftags&post=4737"}],"curies":[{"name":"wp","href":"https:\/\/api.w.org\/{rel}","templated":true}]}}