{"id":4734,"date":"2017-01-05T14:11:19","date_gmt":"2017-01-05T17:11:19","guid":{"rendered":"http:\/\/adfformosa.com.ar\/?p=4734"},"modified":"2017-01-05T21:17:17","modified_gmt":"2017-01-06T00:17:17","slug":"ctera-rechaza-energicamente-la-propuesta-del-gobierno-de-bajar-la-edad-de-imputabilidad","status":"publish","type":"post","link":"https:\/\/adfformosa.com.ar\/?p=4734","title":{"rendered":"CTERA rechaza en\u00e9rgicamente la propuesta del Gobierno de bajar la edad de imputabilidad"},"content":{"rendered":"<div id=\"s-share-buttons\" class=\"horizontal-w-c-r-border s-share-w-c\"><a href=\"http:\/\/www.facebook.com\/sharer.php?u=https:\/\/adfformosa.com.ar\/?p=4734\" target=\"_blank\" title=\"Share to Facebook\" class=\"s3-facebook hint--top\"><\/a><a href=\"http:\/\/twitter.com\/intent\/tweet?text=CTERA rechaza en\u00e9rgicamente la propuesta del Gobierno de bajar la edad de imputabilidad&url=https:\/\/adfformosa.com.ar\/?p=4734\" target=\"_blank\"  title=\"Share to Twitter\" class=\"s3-twitter hint--top\"><\/a><a href=\"https:\/\/plus.google.com\/share?url=https:\/\/adfformosa.com.ar\/?p=4734\" target=\"_blank\"  title=\"Share to Google Plus\" class=\"s3-google-plus hint--top\"><\/a><a href=\"http:\/\/www.digg.com\/submit?url=https:\/\/adfformosa.com.ar\/?p=4734\" target=\"_blank\"  title=\"Share to Digg\" class=\"s3-digg hint--top\"><\/a><a href=\"http:\/\/www.tumblr.com\/share\/link?url=https%3A%2F%2Fadfformosa.com.ar%2F%3Fp%3D4734&name=CTERA+rechaza+en%C3%A9rgicamente+la+propuesta+del+Gobierno+de+bajar+la+edad+de+imputabilidad\" target=\"_blank\" title=\"Share to Tumblr\" class=\"s3-tumblr hint--top\"><\/a><a href=\"mailto:?Subject=CTERA%20rechaza%20en\u00e9rgicamente%20la%20propuesta%20del%20Gobierno%20de%20bajar%20la%20edad%20de%20imputabilidad&Body=Here%20is%20the%20link%20to%20the%20article:%20https:\/\/adfformosa.com.ar\/?p=4734\" title=\"Email this article\" class=\"s3-email hint--top\"><\/a><\/div><p><img loading=\"lazy\" decoding=\"async\" class=\"alignright wp-image-3985 size-full\" src=\"https:\/\/adfformosa.com.ar\/wp-content\/uploads\/2015\/12\/logoCtera.png\" width=\"180\" height=\"211\" \/><\/p>\n<p><strong>Parte de Prensa de CTERA\u00a0<\/strong><\/p>\n<p><strong>Buenos Aires, jueves 5 de enero de 2017<\/strong><\/p>\n<p style=\"text-align: center;\"><span style=\"color: #ff0000;\"> CTERA RECHAZA EN\u00c9RGICAMENTE LA PROPUESTA DEL GOBIERNO DE BAJAR LA EDAD DE LA IMPUTABILIDAD<\/span><\/p>\n<p>CTERA rechaza este nuevo intento del gobierno de Mauricio Macri de bajar la edad de la imputabilidad.<br \/>\nDesde CTERA sostenemos que no es con estas medidas \u00abretr\u00f3gradas\u00bb y \u00abelectoralistas\u00bb , sino con pol\u00edticas p\u00fablicas de educaci\u00f3n, de inclusi\u00f3n; con trabajo, salud y educaci\u00f3n, terminando con los despidos, los ajustes; dando soluci\u00f3n a los problemas de los sectores populares.<br \/>\nEn paralelo <span class=\"text_exposed_show\">en educaci\u00f3n las pol\u00edticas p\u00fablicas pedag\u00f3gicas &#8211; culturales como los Programas Socioeducativos Nacionales est\u00e1n siendo desmanteladas, perjudicando a decenas de miles de ni\u00f1@s y j\u00f3venes.<\/span><\/p>\n<div class=\"text_exposed_show\">\n<p style=\"text-align: center;\"><span style=\"color: #ff0000;\">\u00a1NO A LA BAJA DE LA IMPUTABILIDAD!<\/span><\/p>\n<p>&nbsp;<\/p>\n<p>Alejo Demichelis-Sec. de Prensa<\/p>\n<p>Sonia Alesso Secretaria General\n<\/p><\/div>\n","protected":false},"excerpt":{"rendered":"<p>Parte de Prensa de CTERA\u00a0 Buenos Aires, jueves 5 de enero de 2017 CTERA RECHAZA EN\u00c9RGICAMENTE LA PROPUESTA DEL GOBIERNO DE BAJAR LA EDAD DE LA IMPUTABILIDAD CTERA rechaza este&#8230; <span class=\"meta-more\"><a href=\"https:\/\/adfformosa.com.ar\/?p=4734\">Leer mas &raquo;<\/a><\/span><\/p>\n","protected":false},"author":3,"featured_media":3985,"comment_status":"open","ping_status":"closed","sticky":false,"template":"","format":"standard","meta":{"footnotes":""},"categories":[2],"tags":[],"class_list":["post-4734","post","type-post","status-publish","format-standard","has-post-thumbnail","hentry","category-prensa-adf","even alt"],"_links":{"self":[{"href":"https:\/\/adfformosa.com.ar\/index.php?rest_route=\/wp\/v2\/posts\/4734","targetHints":{"allow":["GET"]}}],"collection":[{"href":"https:\/\/adfformosa.com.ar\/index.php?rest_route=\/wp\/v2\/posts"}],"about":[{"href":"https:\/\/adfformosa.com.ar\/index.php?rest_route=\/wp\/v2\/types\/post"}],"author":[{"embeddable":true,"href":"https:\/\/adfformosa.com.ar\/index.php?rest_route=\/wp\/v2\/users\/3"}],"replies":[{"embeddable":true,"href":"https:\/\/adfformosa.com.ar\/index.php?rest_route=%2Fwp%2Fv2%2Fcomments&post=4734"}],"version-history":[{"count":1,"href":"https:\/\/adfformosa.com.ar\/index.php?rest_route=\/wp\/v2\/posts\/4734\/revisions"}],"predecessor-version":[{"id":4736,"href":"https:\/\/adfformosa.com.ar\/index.php?rest_route=\/wp\/v2\/posts\/4734\/revisions\/4736"}],"wp:featuredmedia":[{"embeddable":true,"href":"https:\/\/adfformosa.com.ar\/index.php?rest_route=\/wp\/v2\/media\/3985"}],"wp:attachment":[{"href":"https:\/\/adfformosa.com.ar\/index.php?rest_route=%2Fwp%2Fv2%2Fmedia&parent=4734"}],"wp:term":[{"taxonomy":"category","embeddable":true,"href":"https:\/\/adfformosa.com.ar\/index.php?rest_route=%2Fwp%2Fv2%2Fcategories&post=4734"},{"taxonomy":"post_tag","embeddable":true,"href":"https:\/\/adfformosa.com.ar\/index.php?rest_route=%2Fwp%2Fv2%2Ftags&post=4734"}],"curies":[{"name":"wp","href":"https:\/\/api.w.org\/{rel}","templated":true}]}}