{"id":4730,"date":"2017-01-03T14:43:02","date_gmt":"2017-01-03T17:43:02","guid":{"rendered":"http:\/\/adfformosa.com.ar\/?p=4730"},"modified":"2017-01-05T21:10:04","modified_gmt":"2017-01-06T00:10:04","slug":"ctera-masivo-acto-frente-al-ministerio-de-educacion-contra-los-despidos-y-la-represion","status":"publish","type":"post","link":"https:\/\/adfformosa.com.ar\/?p=4730","title":{"rendered":"CTERA masivo acto frente al Ministerio de Educaci\u00f3n contra los despidos y la represi\u00f3n"},"content":{"rendered":"<div id=\"s-share-buttons\" class=\"horizontal-w-c-r-border s-share-w-c\"><a href=\"http:\/\/www.facebook.com\/sharer.php?u=https:\/\/adfformosa.com.ar\/?p=4730\" target=\"_blank\" title=\"Share to Facebook\" class=\"s3-facebook hint--top\"><\/a><a href=\"http:\/\/twitter.com\/intent\/tweet?text=CTERA masivo acto frente al Ministerio de Educaci\u00f3n contra los despidos y la represi\u00f3n&url=https:\/\/adfformosa.com.ar\/?p=4730\" target=\"_blank\"  title=\"Share to Twitter\" class=\"s3-twitter hint--top\"><\/a><a href=\"https:\/\/plus.google.com\/share?url=https:\/\/adfformosa.com.ar\/?p=4730\" target=\"_blank\"  title=\"Share to Google Plus\" class=\"s3-google-plus hint--top\"><\/a><a href=\"http:\/\/www.digg.com\/submit?url=https:\/\/adfformosa.com.ar\/?p=4730\" target=\"_blank\"  title=\"Share to Digg\" class=\"s3-digg hint--top\"><\/a><a href=\"http:\/\/www.tumblr.com\/share\/link?url=https%3A%2F%2Fadfformosa.com.ar%2F%3Fp%3D4730&name=CTERA+masivo+acto+frente+al+Ministerio+de+Educaci%C3%B3n+contra+los+despidos+y+la+represi%C3%B3n\" target=\"_blank\" title=\"Share to Tumblr\" class=\"s3-tumblr hint--top\"><\/a><a href=\"mailto:?Subject=CTERA%20masivo%20acto%20frente%20al%20Ministerio%20de%20Educaci\u00f3n%20contra%20los%20despidos%20y%20la%20represi\u00f3n&Body=Here%20is%20the%20link%20to%20the%20article:%20https:\/\/adfformosa.com.ar\/?p=4730\" title=\"Email this article\" class=\"s3-email hint--top\"><\/a><\/div><h4 style=\"text-align: center;\"><img loading=\"lazy\" decoding=\"async\" class=\"aligncenter wp-image-4732 size-full\" src=\"https:\/\/adfformosa.com.ar\/wp-content\/uploads\/2017\/01\/paro-3-de-enero-2017-e1483661309534.jpg\" width=\"600\" height=\"401\" \/>CTERA PRESENTE EN EL MASIVO Y CONTUNDENTE ACTO FRENTE AL MINISTERIO DE EDUCACI\u00d3N NACIONAL CONTRA LOS DESPIDOS Y LA REPRESI\u00d3N<\/h4>\n<p><strong>Parte de Prensa de CTERA<\/strong><\/p>\n<p><strong>Buenos Aires, martes 3 de enero de 2016<\/strong><\/p>\n<p>&nbsp;<\/p>\n<p>En el d\u00eda de hoy, 3 de enero, la CTERA y ATE Capital convocaron a un paro de 24 horas de l@s trabajador@s y docentes dependientes del Ministerio de Educaci\u00f3n de la Naci\u00f3n.<br \/>\nLa CTERA estuvo representada por Sonia Alesso \u2013 Sec. General -, Eduardo L\u00f3pez \u2013 Sec. Gremial -, Roberto Baradel \u2013 Sec. Administrativo \u2013, Mora Pared \u2013CTERA -, y Alejo Demichelis \u2013 Se<span class=\"text_exposed_show\">c. de Prensa \u2013 , delegados y dirigentes de SUTEBA y UTE.<br \/>\nEstuvieron presentes Daniel Catalano \u2013 Sec. General de ATE Capital -, Juan Manuel Sueiro \u2013 Sec. Gral. Adjunto -, Rodrigo Recalde \u2013 Delegado de ATE del Ministerio de Educaci\u00f3n -, junto a delegados y dirigentes de ATE.<br \/>\nEl masivo acto estuvo enmarcado en un clima de fortaleza y bronca por los 3000 cesanteados y la represi\u00f3n a trabajador@s del d\u00eda lunes 2 de enero.<br \/>\nOrganizaciones sociales, sindicales \u2013 CONADU y SADOP, entre otras -, partidos pol\u00edticos, acad\u00e9micos, pedagogos, docentes.<br \/>\nEn el acto Sonia Alesso \u2013 Sec. General de CTERA \u2013 expres\u00f3: \u201cEste es un gobierno que ajust\u00f3 en educaci\u00f3n, que despidi\u00f3 trabajadores, que subejecut\u00f3 el Presupuesto Educativo, que no cumple los acuerdos Paritarios, que cierra Programas educativos. No vamos a permitir que destruyan la educaci\u00f3n p\u00fablica; vamos a defender los puestos de trabajo, a defender la escuela p\u00fablica, a defender a nuestros pibes. Si as\u00ed terminamos, as\u00ed las clases no comienzan.\u201d<br \/>\nHicieron uso de la palabra Daniel Catalano \u2013 Sec. General de ATE Capital -, Roberto Baradel \u2013 Sec. General de SUTEBA y miembro de CTERA -, Pedro Wasisejko \u2013 Sec. General Adjunto de la CTA \u2013 y Rodrigo Recalde &#8211; Delegado de ATE del Ministerio de Educaci\u00f3n -.<br \/>\nLuego l@s trabajador@s realizaron el abrazo simb\u00f3lico al Ministerio de Educaci\u00f3n, Ministerio donde colgaban banderas de los sindicatos convocantes y que se vio empapelado con referencias a la situaci\u00f3n de los despidos, la represi\u00f3n y la falta de respuesta de Ministro.<\/span><\/p>\n<div class=\"text_exposed_show\">\n<p>&nbsp;<\/p>\n<p><strong>Alejo Demichelis- Secretario de Prensa <\/strong><\/p>\n<p><strong>Sonia Alesso- Secretaria General<\/strong><\/p>\n<\/div>\n","protected":false},"excerpt":{"rendered":"<p>CTERA PRESENTE EN EL MASIVO Y CONTUNDENTE ACTO FRENTE AL MINISTERIO DE EDUCACI\u00d3N NACIONAL CONTRA LOS DESPIDOS Y LA REPRESI\u00d3N Parte de Prensa de CTERA Buenos Aires, martes 3 de&#8230; <span class=\"meta-more\"><a href=\"https:\/\/adfformosa.com.ar\/?p=4730\">Leer mas &raquo;<\/a><\/span><\/p>\n","protected":false},"author":3,"featured_media":4732,"comment_status":"open","ping_status":"closed","sticky":false,"template":"","format":"standard","meta":{"footnotes":""},"categories":[2],"tags":[],"class_list":["post-4730","post","type-post","status-publish","format-standard","has-post-thumbnail","hentry","category-prensa-adf","even alt"],"_links":{"self":[{"href":"https:\/\/adfformosa.com.ar\/index.php?rest_route=\/wp\/v2\/posts\/4730","targetHints":{"allow":["GET"]}}],"collection":[{"href":"https:\/\/adfformosa.com.ar\/index.php?rest_route=\/wp\/v2\/posts"}],"about":[{"href":"https:\/\/adfformosa.com.ar\/index.php?rest_route=\/wp\/v2\/types\/post"}],"author":[{"embeddable":true,"href":"https:\/\/adfformosa.com.ar\/index.php?rest_route=\/wp\/v2\/users\/3"}],"replies":[{"embeddable":true,"href":"https:\/\/adfformosa.com.ar\/index.php?rest_route=%2Fwp%2Fv2%2Fcomments&post=4730"}],"version-history":[{"count":1,"href":"https:\/\/adfformosa.com.ar\/index.php?rest_route=\/wp\/v2\/posts\/4730\/revisions"}],"predecessor-version":[{"id":4733,"href":"https:\/\/adfformosa.com.ar\/index.php?rest_route=\/wp\/v2\/posts\/4730\/revisions\/4733"}],"wp:featuredmedia":[{"embeddable":true,"href":"https:\/\/adfformosa.com.ar\/index.php?rest_route=\/wp\/v2\/media\/4732"}],"wp:attachment":[{"href":"https:\/\/adfformosa.com.ar\/index.php?rest_route=%2Fwp%2Fv2%2Fmedia&parent=4730"}],"wp:term":[{"taxonomy":"category","embeddable":true,"href":"https:\/\/adfformosa.com.ar\/index.php?rest_route=%2Fwp%2Fv2%2Fcategories&post=4730"},{"taxonomy":"post_tag","embeddable":true,"href":"https:\/\/adfformosa.com.ar\/index.php?rest_route=%2Fwp%2Fv2%2Ftags&post=4730"}],"curies":[{"name":"wp","href":"https:\/\/api.w.org\/{rel}","templated":true}]}}