{"id":4726,"date":"2017-01-02T19:55:00","date_gmt":"2017-01-02T22:55:00","guid":{"rendered":"http:\/\/adfformosa.com.ar\/?p=4726"},"modified":"2017-01-05T21:04:46","modified_gmt":"2017-01-06T00:04:46","slug":"ctera-convoca-a-un-paro-por-24-horas-el-3-de-enero","status":"publish","type":"post","link":"https:\/\/adfformosa.com.ar\/?p=4726","title":{"rendered":"CTERA convoca a un paro por 24 horas el 3 de enero"},"content":{"rendered":"<div id=\"s-share-buttons\" class=\"horizontal-w-c-r-border s-share-w-c\"><a href=\"http:\/\/www.facebook.com\/sharer.php?u=https:\/\/adfformosa.com.ar\/?p=4726\" target=\"_blank\" title=\"Share to Facebook\" class=\"s3-facebook hint--top\"><\/a><a href=\"http:\/\/twitter.com\/intent\/tweet?text=CTERA convoca a un paro por 24 horas el 3 de enero&url=https:\/\/adfformosa.com.ar\/?p=4726\" target=\"_blank\"  title=\"Share to Twitter\" class=\"s3-twitter hint--top\"><\/a><a href=\"https:\/\/plus.google.com\/share?url=https:\/\/adfformosa.com.ar\/?p=4726\" target=\"_blank\"  title=\"Share to Google Plus\" class=\"s3-google-plus hint--top\"><\/a><a href=\"http:\/\/www.digg.com\/submit?url=https:\/\/adfformosa.com.ar\/?p=4726\" target=\"_blank\"  title=\"Share to Digg\" class=\"s3-digg hint--top\"><\/a><a href=\"http:\/\/www.tumblr.com\/share\/link?url=https%3A%2F%2Fadfformosa.com.ar%2F%3Fp%3D4726&name=CTERA+convoca+a+un+paro+por+24+horas+el+3+de+enero\" target=\"_blank\" title=\"Share to Tumblr\" class=\"s3-tumblr hint--top\"><\/a><a href=\"mailto:?Subject=CTERA%20convoca%20a%20un%20paro%20por%2024%20horas%20el%203%20de%20enero&Body=Here%20is%20the%20link%20to%20the%20article:%20https:\/\/adfformosa.com.ar\/?p=4726\" title=\"Email this article\" class=\"s3-email hint--top\"><\/a><\/div><div id=\"js_aap\" class=\"_5pbx userContent\" data-ft=\"{&quot;tn&quot;:&quot;K&quot;}\">\n<div id=\"id_586edd211646e7564629968\" class=\"text_exposed_root text_exposed\">\n<p style=\"text-align: center;\"><span style=\"color: #ff0000;\"><img loading=\"lazy\" decoding=\"async\" class=\"aligncenter wp-image-4727 size-medium\" src=\"https:\/\/adfformosa.com.ar\/wp-content\/uploads\/2017\/01\/LOPEZ-300x169.jpg\" width=\"300\" height=\"169\" srcset=\"https:\/\/adfformosa.com.ar\/wp-content\/uploads\/2017\/01\/LOPEZ-300x169.jpg 300w, https:\/\/adfformosa.com.ar\/wp-content\/uploads\/2017\/01\/LOPEZ-768x432.jpg 768w, https:\/\/adfformosa.com.ar\/wp-content\/uploads\/2017\/01\/LOPEZ.jpg 960w\" sizes=\"auto, (max-width: 300px) 100vw, 300px\" \/><strong>CTERA CONVOCA A UN PARO DE 24 HORAS Y UN ABRAZO SIMB\u00d3LICO AL MINISTERIO DE EDUCACI\u00d3N A LAS 11 HS., EL MARTES 3 DE ENERO<\/strong><\/span><\/p>\n<p>PARTE DE PRENSA DE CTERA<\/p>\n<p>Buenos Aires, lunes 2 de enero de 2017<\/p>\n<p>CTERA convoca a un paro de 24 hs de los trabajador@s dependientes del Ministerio de Educaci\u00f3n y a un abrazo simb\u00f3lico del Ministerio a las 11 hs.<br \/>\nCTERA estuvo presente hoy en al Ministerio de Educaci\u00f3n de la Naci\u00f3n acompa\u00f1ando a los trabajadores de CTERA y ATE despedidos.<br \/>\nEduardo L\u00f3pez &#8211; Sec. Gremial -, Rogelio De Leonardi &#8211; Sec. de Derechos Humanos &#8211; <span class=\"text_exposed_show\">y Alejo Demichelis &#8211; Sec. de Prensa -, junto a Daniel Catalano &#8211; Sec. Gral. ATE Capital -, Franciso Nenna &#8211; CTA Nacional &#8211; junto a compa\u00f1er@s de UTE y SUTEBA estuvieron en el Ministerio de Educaci\u00f3n solidariz\u00e1ndose con los cesanteados y apoyando la lucha de los trabajador@s.<br \/>\nAnte la falta de respuestas a los reclamos de los trabajador@s despedidos y en repudio a las agresiones por parte de fuerzas de seguridad a dirigentes y delegados, la CTERA convoca a un paro de 24 de los trabajador@s dependientes del Ministerio y a las 11 hs. a organizaciones, medios, comunidad educativa a realizar un abrazo simb\u00f3lico al Palacio Pizurno contra los despidos y en defensa de la educaci\u00f3n<br \/>\nLa medida se hace en conjunto con ATE Capital.<br \/>\nDesde CTERA repudiamos nuevamente estos despidos que son un ataque e la educaci\u00f3n p\u00fablica.<br \/>\nExigimos la continuidad de los 2600 despedidos del Programa de Formaci\u00f3n Docente, como as\u00ed tambi\u00e9n la reincorporaci\u00f3n de los 400 despedidos del Ministerio.<\/span><\/p>\n<div class=\"text_exposed_show\">\n<p>&nbsp;<\/p>\n<p>Alejo Demichelis Secretario de Prensa<\/p>\n<p>Sonia Alesso Secretaria General-CTERA<\/p>\n<p><img loading=\"lazy\" decoding=\"async\" class=\"aligncenter wp-image-4728 size-medium\" src=\"https:\/\/adfformosa.com.ar\/wp-content\/uploads\/2017\/01\/paro-del-3-enero-2017-ctera-300x292.jpg\" width=\"300\" height=\"292\" srcset=\"https:\/\/adfformosa.com.ar\/wp-content\/uploads\/2017\/01\/paro-del-3-enero-2017-ctera-300x292.jpg 300w, https:\/\/adfformosa.com.ar\/wp-content\/uploads\/2017\/01\/paro-del-3-enero-2017-ctera-768x746.jpg 768w, https:\/\/adfformosa.com.ar\/wp-content\/uploads\/2017\/01\/paro-del-3-enero-2017-ctera.jpg 960w\" sizes=\"auto, (max-width: 300px) 100vw, 300px\" \/>\n<\/div>\n<\/div>\n<\/div>\n<div class=\"_3x-2\"><\/div>\n","protected":false},"excerpt":{"rendered":"<p>CTERA CONVOCA A UN PARO DE 24 HORAS Y UN ABRAZO SIMB\u00d3LICO AL MINISTERIO DE EDUCACI\u00d3N A LAS 11 HS., EL MARTES 3 DE ENERO PARTE DE PRENSA DE CTERA&#8230; <span class=\"meta-more\"><a href=\"https:\/\/adfformosa.com.ar\/?p=4726\">Leer mas &raquo;<\/a><\/span><\/p>\n","protected":false},"author":3,"featured_media":4728,"comment_status":"open","ping_status":"closed","sticky":false,"template":"","format":"standard","meta":{"footnotes":""},"categories":[2],"tags":[],"class_list":["post-4726","post","type-post","status-publish","format-standard","has-post-thumbnail","hentry","category-prensa-adf","even alt"],"_links":{"self":[{"href":"https:\/\/adfformosa.com.ar\/index.php?rest_route=\/wp\/v2\/posts\/4726","targetHints":{"allow":["GET"]}}],"collection":[{"href":"https:\/\/adfformosa.com.ar\/index.php?rest_route=\/wp\/v2\/posts"}],"about":[{"href":"https:\/\/adfformosa.com.ar\/index.php?rest_route=\/wp\/v2\/types\/post"}],"author":[{"embeddable":true,"href":"https:\/\/adfformosa.com.ar\/index.php?rest_route=\/wp\/v2\/users\/3"}],"replies":[{"embeddable":true,"href":"https:\/\/adfformosa.com.ar\/index.php?rest_route=%2Fwp%2Fv2%2Fcomments&post=4726"}],"version-history":[{"count":1,"href":"https:\/\/adfformosa.com.ar\/index.php?rest_route=\/wp\/v2\/posts\/4726\/revisions"}],"predecessor-version":[{"id":4729,"href":"https:\/\/adfformosa.com.ar\/index.php?rest_route=\/wp\/v2\/posts\/4726\/revisions\/4729"}],"wp:featuredmedia":[{"embeddable":true,"href":"https:\/\/adfformosa.com.ar\/index.php?rest_route=\/wp\/v2\/media\/4728"}],"wp:attachment":[{"href":"https:\/\/adfformosa.com.ar\/index.php?rest_route=%2Fwp%2Fv2%2Fmedia&parent=4726"}],"wp:term":[{"taxonomy":"category","embeddable":true,"href":"https:\/\/adfformosa.com.ar\/index.php?rest_route=%2Fwp%2Fv2%2Fcategories&post=4726"},{"taxonomy":"post_tag","embeddable":true,"href":"https:\/\/adfformosa.com.ar\/index.php?rest_route=%2Fwp%2Fv2%2Ftags&post=4726"}],"curies":[{"name":"wp","href":"https:\/\/api.w.org\/{rel}","templated":true}]}}