{"id":4722,"date":"2016-12-22T20:51:28","date_gmt":"2016-12-22T23:51:28","guid":{"rendered":"http:\/\/adfformosa.com.ar\/?p=4722"},"modified":"2017-01-05T20:52:20","modified_gmt":"2017-01-05T23:52:20","slug":"receso-de-verano","status":"publish","type":"post","link":"https:\/\/adfformosa.com.ar\/?p=4722","title":{"rendered":"Receso de verano"},"content":{"rendered":"<div id=\"s-share-buttons\" class=\"horizontal-w-c-r-border s-share-w-c\"><a href=\"http:\/\/www.facebook.com\/sharer.php?u=https:\/\/adfformosa.com.ar\/?p=4722\" target=\"_blank\" title=\"Share to Facebook\" class=\"s3-facebook hint--top\"><\/a><a href=\"http:\/\/twitter.com\/intent\/tweet?text=Receso de verano&url=https:\/\/adfformosa.com.ar\/?p=4722\" target=\"_blank\"  title=\"Share to Twitter\" class=\"s3-twitter hint--top\"><\/a><a href=\"https:\/\/plus.google.com\/share?url=https:\/\/adfformosa.com.ar\/?p=4722\" target=\"_blank\"  title=\"Share to Google Plus\" class=\"s3-google-plus hint--top\"><\/a><a href=\"http:\/\/www.digg.com\/submit?url=https:\/\/adfformosa.com.ar\/?p=4722\" target=\"_blank\"  title=\"Share to Digg\" class=\"s3-digg hint--top\"><\/a><a href=\"http:\/\/www.tumblr.com\/share\/link?url=https%3A%2F%2Fadfformosa.com.ar%2F%3Fp%3D4722&name=Receso+de+verano\" target=\"_blank\" title=\"Share to Tumblr\" class=\"s3-tumblr hint--top\"><\/a><a href=\"mailto:?Subject=Receso%20de%20verano&Body=Here%20is%20the%20link%20to%20the%20article:%20https:\/\/adfformosa.com.ar\/?p=4722\" title=\"Email this article\" class=\"s3-email hint--top\"><\/a><\/div><h4 style=\"text-align: center;\"><span style=\"color: #ff0000;\">La Agremiaci\u00f3n del Docente Formose\u00f1o informa que permanecer\u00e1 cerrado desde el 26 de diciembre hasta el d\u00eda 31 de enero de 2017.<\/span><\/h4>\n<h4 style=\"text-align: center;\"><span style=\"color: #ff0000;\">Se otorgar\u00e1 licencia al personal administrativo de la Agremiaci\u00f3n.<\/span><img loading=\"lazy\" decoding=\"async\" class=\"wp-image-4723 size-full aligncenter\" src=\"https:\/\/adfformosa.com.ar\/wp-content\/uploads\/2017\/01\/RECESO-EN-ADF.png\" width=\"526\" height=\"440\" srcset=\"https:\/\/adfformosa.com.ar\/wp-content\/uploads\/2017\/01\/RECESO-EN-ADF.png 526w, https:\/\/adfformosa.com.ar\/wp-content\/uploads\/2017\/01\/RECESO-EN-ADF-300x251.png 300w\" sizes=\"auto, (max-width: 526px) 100vw, 526px\" \/><\/h4>\n","protected":false},"excerpt":{"rendered":"<p>La Agremiaci\u00f3n del Docente Formose\u00f1o informa que permanecer\u00e1 cerrado desde el 26 de diciembre hasta el d\u00eda 31 de enero de 2017. Se otorgar\u00e1 licencia al personal administrativo de la&#8230; <span class=\"meta-more\"><a href=\"https:\/\/adfformosa.com.ar\/?p=4722\">Leer mas &raquo;<\/a><\/span><\/p>\n","protected":false},"author":3,"featured_media":4723,"comment_status":"open","ping_status":"closed","sticky":false,"template":"","format":"standard","meta":{"footnotes":""},"categories":[2],"tags":[],"class_list":["post-4722","post","type-post","status-publish","format-standard","has-post-thumbnail","hentry","category-prensa-adf","even alt"],"_links":{"self":[{"href":"https:\/\/adfformosa.com.ar\/index.php?rest_route=\/wp\/v2\/posts\/4722","targetHints":{"allow":["GET"]}}],"collection":[{"href":"https:\/\/adfformosa.com.ar\/index.php?rest_route=\/wp\/v2\/posts"}],"about":[{"href":"https:\/\/adfformosa.com.ar\/index.php?rest_route=\/wp\/v2\/types\/post"}],"author":[{"embeddable":true,"href":"https:\/\/adfformosa.com.ar\/index.php?rest_route=\/wp\/v2\/users\/3"}],"replies":[{"embeddable":true,"href":"https:\/\/adfformosa.com.ar\/index.php?rest_route=%2Fwp%2Fv2%2Fcomments&post=4722"}],"version-history":[{"count":1,"href":"https:\/\/adfformosa.com.ar\/index.php?rest_route=\/wp\/v2\/posts\/4722\/revisions"}],"predecessor-version":[{"id":4725,"href":"https:\/\/adfformosa.com.ar\/index.php?rest_route=\/wp\/v2\/posts\/4722\/revisions\/4725"}],"wp:featuredmedia":[{"embeddable":true,"href":"https:\/\/adfformosa.com.ar\/index.php?rest_route=\/wp\/v2\/media\/4723"}],"wp:attachment":[{"href":"https:\/\/adfformosa.com.ar\/index.php?rest_route=%2Fwp%2Fv2%2Fmedia&parent=4722"}],"wp:term":[{"taxonomy":"category","embeddable":true,"href":"https:\/\/adfformosa.com.ar\/index.php?rest_route=%2Fwp%2Fv2%2Fcategories&post=4722"},{"taxonomy":"post_tag","embeddable":true,"href":"https:\/\/adfformosa.com.ar\/index.php?rest_route=%2Fwp%2Fv2%2Ftags&post=4722"}],"curies":[{"name":"wp","href":"https:\/\/api.w.org\/{rel}","templated":true}]}}