{"id":4670,"date":"2016-12-02T20:12:57","date_gmt":"2016-12-02T23:12:57","guid":{"rendered":"http:\/\/adfformosa.com.ar\/?p=4670"},"modified":"2016-12-08T20:48:34","modified_gmt":"2016-12-08T23:48:34","slug":"talleres-participativos-de-analisis-de-material-de-estudio-para-concurso-de-ascenso","status":"publish","type":"post","link":"https:\/\/adfformosa.com.ar\/?p=4670","title":{"rendered":"Talleres participativos de an\u00e1lisis de material de estudio para concurso de ascenso"},"content":{"rendered":"<div id=\"s-share-buttons\" class=\"horizontal-w-c-r-border s-share-w-c\"><a href=\"http:\/\/www.facebook.com\/sharer.php?u=https:\/\/adfformosa.com.ar\/?p=4670\" target=\"_blank\" title=\"Share to Facebook\" class=\"s3-facebook hint--top\"><\/a><a href=\"http:\/\/twitter.com\/intent\/tweet?text=Talleres participativos de an\u00e1lisis de material de estudio para concurso de ascenso&url=https:\/\/adfformosa.com.ar\/?p=4670\" target=\"_blank\"  title=\"Share to Twitter\" class=\"s3-twitter hint--top\"><\/a><a href=\"https:\/\/plus.google.com\/share?url=https:\/\/adfformosa.com.ar\/?p=4670\" target=\"_blank\"  title=\"Share to Google Plus\" class=\"s3-google-plus hint--top\"><\/a><a href=\"http:\/\/www.digg.com\/submit?url=https:\/\/adfformosa.com.ar\/?p=4670\" target=\"_blank\"  title=\"Share to Digg\" class=\"s3-digg hint--top\"><\/a><a href=\"http:\/\/www.tumblr.com\/share\/link?url=https%3A%2F%2Fadfformosa.com.ar%2F%3Fp%3D4670&name=Talleres+participativos+de+an%C3%A1lisis+de+material+de+estudio+para+concurso+de+ascenso\" target=\"_blank\" title=\"Share to Tumblr\" class=\"s3-tumblr hint--top\"><\/a><a href=\"mailto:?Subject=Talleres%20participativos%20de%20an\u00e1lisis%20de%20material%20de%20estudio%20para%20concurso%20de%20ascenso&Body=Here%20is%20the%20link%20to%20the%20article:%20https:\/\/adfformosa.com.ar\/?p=4670\" title=\"Email this article\" class=\"s3-email hint--top\"><\/a><\/div><p style=\"text-align: justify; padding-left: 90px;\"><img loading=\"lazy\" decoding=\"async\" class=\"aligncenter wp-image-4671 size-full\" src=\"https:\/\/adfformosa.com.ar\/wp-content\/uploads\/2016\/12\/taller-1-e1481239225271.jpg\" alt=\"Lic.Horacia Echeverr\u00eda\" width=\"600\" height=\"338\" \/><span style=\"text-decoration: underline; color: #ff0000;\">Concurso de ascenso<\/span><br \/>\n<span style=\"text-decoration: underline; color: #ff0000;\">Taller para afiliados de la zona centro<\/span><\/p>\n<p style=\"padding-left: 180px;\">ADF contin\u00faa brindando talleres para los afiliados de acuerdo a un cronograma de visitas \u00a0organizado por los coordinadores de las distintas filiales del gremio.<\/p>\n<p style=\"padding-left: 180px;\">El equipo que recorre en esta oportunidad el interior provincial est\u00e1 integrado por la Coordinadora por el Nivel Primario: Profesora para la Eza Primaria y Lic.en Gesti\u00f3n Educativa: Horacia Echeverr\u00eda.<br \/>\nAlicia D\u00edaz: Profesora para la Eza Primaria.<br \/>\nPor el Nivel Medio: Nestor Medina-Profesor en Biolog\u00eda y Lic.en Gesti\u00f3n Educativa.<\/p>\n<p style=\"padding-left: 180px;\">El d\u00eda 2 de diciembre se reunieron con los docentes de Subtte Perin;Ibarreta;Estanislao del Campo y Cmdte Fontana en el sal\u00f3n de usos m\u00faltiples de la EPEP N\u00b0 452 para trabajar en un taller participativo ;metodolog\u00eda que permite la interacci\u00f3n entre los participantes y entre todos analizarlas \u00a0los distintos textos que forman parte del material de estudio.<\/p>\n<p style=\"padding-left: 180px;\">El primer taller tuvo buena concurrencia y estuvo coordinado por la Delegada de la filial Fontana Ana Mar\u00eda Mart\u00ednez y Rosa Mart\u00ednez.<\/p>\n<div class=\"text_exposed_show\" style=\"text-align: justify; padding-left: 90px;\">\n<p><img loading=\"lazy\" decoding=\"async\" class=\"wp-image-4672 size-medium alignleft\" src=\"https:\/\/adfformosa.com.ar\/wp-content\/uploads\/2016\/12\/taller-2-300x169.jpg\" width=\"300\" height=\"169\" srcset=\"https:\/\/adfformosa.com.ar\/wp-content\/uploads\/2016\/12\/taller-2-300x169.jpg 300w, https:\/\/adfformosa.com.ar\/wp-content\/uploads\/2016\/12\/taller-2-768x432.jpg 768w, https:\/\/adfformosa.com.ar\/wp-content\/uploads\/2016\/12\/taller-2.jpg 960w\" sizes=\"auto, (max-width: 300px) 100vw, 300px\" \/><\/p>\n<\/div>\n<p style=\"text-align: justify;\"><img loading=\"lazy\" decoding=\"async\" class=\"wp-image-4673 size-medium aligncenter\" src=\"https:\/\/adfformosa.com.ar\/wp-content\/uploads\/2016\/12\/taller-3-300x169.jpg\" width=\"300\" height=\"169\" srcset=\"https:\/\/adfformosa.com.ar\/wp-content\/uploads\/2016\/12\/taller-3-300x169.jpg 300w, https:\/\/adfformosa.com.ar\/wp-content\/uploads\/2016\/12\/taller-3-768x432.jpg 768w, https:\/\/adfformosa.com.ar\/wp-content\/uploads\/2016\/12\/taller-3.jpg 960w\" sizes=\"auto, (max-width: 300px) 100vw, 300px\" \/><\/p>\n<p style=\"text-align: justify;\">\n<p style=\"text-align: center;\"><span style=\"text-decoration: underline;\"><strong>Taller en Las Lomitas<\/strong><\/span>: en la Escuela Secundaria N\u00b037 y bajo la coordinaci\u00f3n del Lic.Alberto Castillo con la asistencia de los docentes de dicha localidad y de zonas vecinas Pozo del Tigre,Laguna Yema.<\/p>\n<p style=\"text-align: justify;\">\n<p style=\"text-align: justify;\"><img loading=\"lazy\" decoding=\"async\" class=\"wp-image-4674 size-full aligncenter\" src=\"https:\/\/adfformosa.com.ar\/wp-content\/uploads\/2016\/12\/taller-4.jpg\" width=\"540\" height=\"960\" srcset=\"https:\/\/adfformosa.com.ar\/wp-content\/uploads\/2016\/12\/taller-4.jpg 540w, https:\/\/adfformosa.com.ar\/wp-content\/uploads\/2016\/12\/taller-4-169x300.jpg 169w\" sizes=\"auto, (max-width: 540px) 100vw, 540px\" \/><\/p>\n<p style=\"text-align: justify;\">\n<p>&nbsp;<\/p>\n","protected":false},"excerpt":{"rendered":"<p>Concurso de ascenso Taller para afiliados de la zona centro ADF contin\u00faa brindando talleres para los afiliados de acuerdo a un cronograma de visitas \u00a0organizado por los coordinadores de las&#8230; <span class=\"meta-more\"><a href=\"https:\/\/adfformosa.com.ar\/?p=4670\">Leer mas &raquo;<\/a><\/span><\/p>\n","protected":false},"author":3,"featured_media":4671,"comment_status":"open","ping_status":"closed","sticky":false,"template":"","format":"standard","meta":{"footnotes":""},"categories":[2],"tags":[],"class_list":["post-4670","post","type-post","status-publish","format-standard","has-post-thumbnail","hentry","category-prensa-adf","even alt"],"_links":{"self":[{"href":"https:\/\/adfformosa.com.ar\/index.php?rest_route=\/wp\/v2\/posts\/4670","targetHints":{"allow":["GET"]}}],"collection":[{"href":"https:\/\/adfformosa.com.ar\/index.php?rest_route=\/wp\/v2\/posts"}],"about":[{"href":"https:\/\/adfformosa.com.ar\/index.php?rest_route=\/wp\/v2\/types\/post"}],"author":[{"embeddable":true,"href":"https:\/\/adfformosa.com.ar\/index.php?rest_route=\/wp\/v2\/users\/3"}],"replies":[{"embeddable":true,"href":"https:\/\/adfformosa.com.ar\/index.php?rest_route=%2Fwp%2Fv2%2Fcomments&post=4670"}],"version-history":[{"count":1,"href":"https:\/\/adfformosa.com.ar\/index.php?rest_route=\/wp\/v2\/posts\/4670\/revisions"}],"predecessor-version":[{"id":4675,"href":"https:\/\/adfformosa.com.ar\/index.php?rest_route=\/wp\/v2\/posts\/4670\/revisions\/4675"}],"wp:featuredmedia":[{"embeddable":true,"href":"https:\/\/adfformosa.com.ar\/index.php?rest_route=\/wp\/v2\/media\/4671"}],"wp:attachment":[{"href":"https:\/\/adfformosa.com.ar\/index.php?rest_route=%2Fwp%2Fv2%2Fmedia&parent=4670"}],"wp:term":[{"taxonomy":"category","embeddable":true,"href":"https:\/\/adfformosa.com.ar\/index.php?rest_route=%2Fwp%2Fv2%2Fcategories&post=4670"},{"taxonomy":"post_tag","embeddable":true,"href":"https:\/\/adfformosa.com.ar\/index.php?rest_route=%2Fwp%2Fv2%2Ftags&post=4670"}],"curies":[{"name":"wp","href":"https:\/\/api.w.org\/{rel}","templated":true}]}}