{"id":4630,"date":"2016-10-24T20:19:29","date_gmt":"2016-10-24T23:19:29","guid":{"rendered":"http:\/\/adfformosa.com.ar\/?p=4630"},"modified":"2016-11-15T09:44:40","modified_gmt":"2016-11-15T12:44:40","slug":"segundo-encuentro-de-liga-del-centro-oeste-de-adf-en-las-lomitas","status":"publish","type":"post","link":"https:\/\/adfformosa.com.ar\/?p=4630","title":{"rendered":"Segundo encuentro de \u00abLiga del Centro Oeste\u00bb de ADF en Las Lomitas"},"content":{"rendered":"<div id=\"s-share-buttons\" class=\"horizontal-w-c-r-border s-share-w-c\"><a href=\"http:\/\/www.facebook.com\/sharer.php?u=https:\/\/adfformosa.com.ar\/?p=4630\" target=\"_blank\" title=\"Share to Facebook\" class=\"s3-facebook hint--top\"><\/a><a href=\"http:\/\/twitter.com\/intent\/tweet?text=Segundo encuentro de \u00abLiga del Centro Oeste\u00bb de ADF en Las Lomitas&url=https:\/\/adfformosa.com.ar\/?p=4630\" target=\"_blank\"  title=\"Share to Twitter\" class=\"s3-twitter hint--top\"><\/a><a href=\"https:\/\/plus.google.com\/share?url=https:\/\/adfformosa.com.ar\/?p=4630\" target=\"_blank\"  title=\"Share to Google Plus\" class=\"s3-google-plus hint--top\"><\/a><a href=\"http:\/\/www.digg.com\/submit?url=https:\/\/adfformosa.com.ar\/?p=4630\" target=\"_blank\"  title=\"Share to Digg\" class=\"s3-digg hint--top\"><\/a><a href=\"http:\/\/www.tumblr.com\/share\/link?url=https%3A%2F%2Fadfformosa.com.ar%2F%3Fp%3D4630&name=Segundo+encuentro+de+%C2%ABLiga+del+Centro+Oeste%C2%BB+de+ADF+en+Las+Lomitas\" target=\"_blank\" title=\"Share to Tumblr\" class=\"s3-tumblr hint--top\"><\/a><a href=\"mailto:?Subject=Segundo%20encuentro%20de%20\u00abLiga%20del%20Centro%20Oeste\u00bb%20de%20ADF%20en%20Las%20Lomitas&Body=Here%20is%20the%20link%20to%20the%20article:%20https:\/\/adfformosa.com.ar\/?p=4630\" title=\"Email this article\" class=\"s3-email hint--top\"><\/a><\/div><p><img loading=\"lazy\" decoding=\"async\" class=\"wp-image-4631 size-full aligncenter\" src=\"https:\/\/adfformosa.com.ar\/wp-content\/uploads\/2016\/11\/adf-liga-centro-e1479165706519.jpg\" width=\"600\" height=\"338\" \/><\/p>\n<p style=\"text-align: justify;\"><em>\u00abLa Liga del Centro\u00bb de la Agremiaci\u00f3n del Docente Formose\u00f1o, est\u00e1 conformada por los docentes afiliados de las localidades de Ibarreta,Comandante Fontana,Subtte\u00a0Perin,Estanislao del Campo,Piran\u00e9 y Las Lomitas.<\/em><\/p>\n<p style=\"text-align: justify;\"><em>Fueron dos jornadas realizadas en Las Lomitas en las que estuvieron presentes los miembros de la Junta Directiva del gremio Rub\u00e9n Ch\u00e1vez,Secretario Gremial;Edith Maidana, Secretaria de Acci\u00f3n Social y los referentes <\/em>\u00a0de Ibarreta Javier Guti\u00e9rrez e Irma Maza ; Coordinadora Ana Maria Martinez Filial Cmte.Fontana.<\/p>\n<p style=\"text-align: justify;\">Por Perin el Referente Juan Carlos Romero y Olga Zelaya; el Coordinador Claudio Alvarado de Estanislao del Campo; de las Lomitas Albert Castillo y de Piran\u00e9 Coca Ben\u00edtez, adem\u00e1s estuvieron delegados escolares de las localidades participante.<\/p>\n<p style=\"text-align: justify;\"><em>\u00a0\u00abEsta reuni\u00f3n no fue casual ya que hace varios a\u00f1os venimos trabajando juntos por nuestro gremio.Ahora s<\/em>e suman Las Lomitas y Piran\u00e9 conform\u00e1ndose formalmente la Liga del Centro Oeste con el mismo compromiso de continuar fortaleciendo nuestro accionar, con el anhelo de sumar todos los compa\u00f1eros que deseen militar con responsabilidad y compromiso.Fue una jornada de fruct\u00edfera de fortalecimiento y construcci\u00f3n colectiva con el objetivos claros continuar acompa\u00f1ando a los afiliados y contribuir la fuerza unificada de nuestro gremio\u00bb dijo el referente de Ibarreta Javier Gutierrez.<\/p>\n","protected":false},"excerpt":{"rendered":"<p>\u00abLa Liga del Centro\u00bb de la Agremiaci\u00f3n del Docente Formose\u00f1o, est\u00e1 conformada por los docentes afiliados de las localidades de Ibarreta,Comandante Fontana,Subtte\u00a0Perin,Estanislao del Campo,Piran\u00e9 y Las Lomitas. Fueron dos jornadas&#8230; <span class=\"meta-more\"><a href=\"https:\/\/adfformosa.com.ar\/?p=4630\">Leer mas &raquo;<\/a><\/span><\/p>\n","protected":false},"author":3,"featured_media":4631,"comment_status":"open","ping_status":"closed","sticky":false,"template":"","format":"standard","meta":{"footnotes":""},"categories":[2],"tags":[],"class_list":["post-4630","post","type-post","status-publish","format-standard","has-post-thumbnail","hentry","category-prensa-adf","even alt"],"_links":{"self":[{"href":"https:\/\/adfformosa.com.ar\/index.php?rest_route=\/wp\/v2\/posts\/4630","targetHints":{"allow":["GET"]}}],"collection":[{"href":"https:\/\/adfformosa.com.ar\/index.php?rest_route=\/wp\/v2\/posts"}],"about":[{"href":"https:\/\/adfformosa.com.ar\/index.php?rest_route=\/wp\/v2\/types\/post"}],"author":[{"embeddable":true,"href":"https:\/\/adfformosa.com.ar\/index.php?rest_route=\/wp\/v2\/users\/3"}],"replies":[{"embeddable":true,"href":"https:\/\/adfformosa.com.ar\/index.php?rest_route=%2Fwp%2Fv2%2Fcomments&post=4630"}],"version-history":[{"count":2,"href":"https:\/\/adfformosa.com.ar\/index.php?rest_route=\/wp\/v2\/posts\/4630\/revisions"}],"predecessor-version":[{"id":4637,"href":"https:\/\/adfformosa.com.ar\/index.php?rest_route=\/wp\/v2\/posts\/4630\/revisions\/4637"}],"wp:featuredmedia":[{"embeddable":true,"href":"https:\/\/adfformosa.com.ar\/index.php?rest_route=\/wp\/v2\/media\/4631"}],"wp:attachment":[{"href":"https:\/\/adfformosa.com.ar\/index.php?rest_route=%2Fwp%2Fv2%2Fmedia&parent=4630"}],"wp:term":[{"taxonomy":"category","embeddable":true,"href":"https:\/\/adfformosa.com.ar\/index.php?rest_route=%2Fwp%2Fv2%2Fcategories&post=4630"},{"taxonomy":"post_tag","embeddable":true,"href":"https:\/\/adfformosa.com.ar\/index.php?rest_route=%2Fwp%2Fv2%2Ftags&post=4630"}],"curies":[{"name":"wp","href":"https:\/\/api.w.org\/{rel}","templated":true}]}}