{"id":4622,"date":"2016-11-09T20:09:59","date_gmt":"2016-11-09T23:09:59","guid":{"rendered":"http:\/\/adfformosa.com.ar\/?p=4622"},"modified":"2016-11-15T09:43:18","modified_gmt":"2016-11-15T12:43:18","slug":"logro-gremial-educacion-extiende-plazo-para-inscripcion-en-concursos-de-ascenso","status":"publish","type":"post","link":"https:\/\/adfformosa.com.ar\/?p=4622","title":{"rendered":"Logro Gremial : Educaci\u00f3n extiende plazo para inscripci\u00f3n en concursos de ascenso"},"content":{"rendered":"<div id=\"s-share-buttons\" class=\"horizontal-w-c-r-border s-share-w-c\"><a href=\"http:\/\/www.facebook.com\/sharer.php?u=https:\/\/adfformosa.com.ar\/?p=4622\" target=\"_blank\" title=\"Share to Facebook\" class=\"s3-facebook hint--top\"><\/a><a href=\"http:\/\/twitter.com\/intent\/tweet?text=Logro Gremial : Educaci\u00f3n extiende plazo para inscripci\u00f3n en concursos de ascenso&url=https:\/\/adfformosa.com.ar\/?p=4622\" target=\"_blank\"  title=\"Share to Twitter\" class=\"s3-twitter hint--top\"><\/a><a href=\"https:\/\/plus.google.com\/share?url=https:\/\/adfformosa.com.ar\/?p=4622\" target=\"_blank\"  title=\"Share to Google Plus\" class=\"s3-google-plus hint--top\"><\/a><a href=\"http:\/\/www.digg.com\/submit?url=https:\/\/adfformosa.com.ar\/?p=4622\" target=\"_blank\"  title=\"Share to Digg\" class=\"s3-digg hint--top\"><\/a><a href=\"http:\/\/www.tumblr.com\/share\/link?url=https%3A%2F%2Fadfformosa.com.ar%2F%3Fp%3D4622&name=Logro+Gremial+%3A+Educaci%C3%B3n+extiende+plazo+para+inscripci%C3%B3n+en+concursos+de+ascenso\" target=\"_blank\" title=\"Share to Tumblr\" class=\"s3-tumblr hint--top\"><\/a><a href=\"mailto:?Subject=Logro%20Gremial%20:%20Educaci\u00f3n%20extiende%20plazo%20para%20inscripci\u00f3n%20en%20concursos%20de%20ascenso&Body=Here%20is%20the%20link%20to%20the%20article:%20https:\/\/adfformosa.com.ar\/?p=4622\" title=\"Email this article\" class=\"s3-email hint--top\"><\/a><\/div><p style=\"text-align: justify;\"><img loading=\"lazy\" decoding=\"async\" class=\"wp-image-4625 size-medium alignleft\" src=\"https:\/\/adfformosa.com.ar\/wp-content\/uploads\/2016\/11\/DSC_0040-e1479165416362-200x300.jpg\" width=\"200\" height=\"300\" \/>La Agremiaci\u00f3n del Docente Formose\u00f1o informa que el Ministerio de Cultura y Educaci\u00f3n de la provincia consider\u00f3 procedente ampliar hasta el 11 de noviembre el plazo de inscripci\u00f3n y actualizaci\u00f3n de legajos ante las Juntas de Clasificaci\u00f3n de Nivel Primario y Secundario para los concursos extraordinarios de ascensos de jerarqu\u00eda .<\/p>\n<div class=\"text_exposed_show\">\n<p style=\"text-align: justify;\">Los plazos a partir de la Resoluci\u00f3n 5822 quedaron establecidos de la siguiente manera:<br \/>\n1) Inscripci\u00f3n on line ampliaci\u00f3n de plazo hasta el 11 de noviembre.<br \/>\n2) Actualizaci\u00f3n de legajos hasta el 11 de noviembre.<br \/>\n3) Lista provisoria de inscriptos- 15 d\u00edas- hasta el 5 de diciembre.<br \/>\n4) Exhibici\u00f3n y revisi\u00f3n de la junta &#8211; Plazo: 20 diciembre<br \/>\n5) Resoluci\u00f3n de revisi\u00f3n de la Junta : 20 diciembre<br \/>\nSe modifican adem\u00e1s las instancias de :<br \/>\nAntecedentes- Votaci\u00f3n de jurados- Escrutinio de jurados-Recusaci\u00f3n de jurados-Lista de jurado de concurso- etc.<\/p>\n<p style=\"text-align: justify;\"><span style=\"color: #ff0000;\"><strong>El cronograma modificado se encuentra disponible para consulta de nuestros afiliados.<\/strong><\/span><\/p>\n<p style=\"text-align: justify;\"><span style=\"color: #ff0000;\"><strong>Direcci\u00f3n: Eva Per\u00f3n 129- Lunes a viernes de 8 a 12 y de 17 a 20 horas. S\u00e1bado: de 8 a 12<\/strong><\/span><br \/>\n<span style=\"color: #ff0000;\"><strong>TE: 4437015<\/strong><\/span><\/p>\n<p style=\"text-align: justify;\"><img loading=\"lazy\" decoding=\"async\" class=\"wp-image-4623 size-full aligncenter\" src=\"https:\/\/adfformosa.com.ar\/wp-content\/uploads\/2016\/11\/concurso-plazos-ADF.jpg\" width=\"480\" height=\"340\" srcset=\"https:\/\/adfformosa.com.ar\/wp-content\/uploads\/2016\/11\/concurso-plazos-ADF.jpg 480w, https:\/\/adfformosa.com.ar\/wp-content\/uploads\/2016\/11\/concurso-plazos-ADF-300x213.jpg 300w\" sizes=\"auto, (max-width: 480px) 100vw, 480px\" \/><\/p>\n<\/div>\n","protected":false},"excerpt":{"rendered":"<p>La Agremiaci\u00f3n del Docente Formose\u00f1o informa que el Ministerio de Cultura y Educaci\u00f3n de la provincia consider\u00f3 procedente ampliar hasta el 11 de noviembre el plazo de inscripci\u00f3n y actualizaci\u00f3n&#8230; <span class=\"meta-more\"><a href=\"https:\/\/adfformosa.com.ar\/?p=4622\">Leer mas &raquo;<\/a><\/span><\/p>\n","protected":false},"author":3,"featured_media":4623,"comment_status":"open","ping_status":"closed","sticky":false,"template":"","format":"standard","meta":{"footnotes":""},"categories":[2],"tags":[],"class_list":["post-4622","post","type-post","status-publish","format-standard","has-post-thumbnail","hentry","category-prensa-adf","even alt"],"_links":{"self":[{"href":"https:\/\/adfformosa.com.ar\/index.php?rest_route=\/wp\/v2\/posts\/4622","targetHints":{"allow":["GET"]}}],"collection":[{"href":"https:\/\/adfformosa.com.ar\/index.php?rest_route=\/wp\/v2\/posts"}],"about":[{"href":"https:\/\/adfformosa.com.ar\/index.php?rest_route=\/wp\/v2\/types\/post"}],"author":[{"embeddable":true,"href":"https:\/\/adfformosa.com.ar\/index.php?rest_route=\/wp\/v2\/users\/3"}],"replies":[{"embeddable":true,"href":"https:\/\/adfformosa.com.ar\/index.php?rest_route=%2Fwp%2Fv2%2Fcomments&post=4622"}],"version-history":[{"count":5,"href":"https:\/\/adfformosa.com.ar\/index.php?rest_route=\/wp\/v2\/posts\/4622\/revisions"}],"predecessor-version":[{"id":4634,"href":"https:\/\/adfformosa.com.ar\/index.php?rest_route=\/wp\/v2\/posts\/4622\/revisions\/4634"}],"wp:featuredmedia":[{"embeddable":true,"href":"https:\/\/adfformosa.com.ar\/index.php?rest_route=\/wp\/v2\/media\/4623"}],"wp:attachment":[{"href":"https:\/\/adfformosa.com.ar\/index.php?rest_route=%2Fwp%2Fv2%2Fmedia&parent=4622"}],"wp:term":[{"taxonomy":"category","embeddable":true,"href":"https:\/\/adfformosa.com.ar\/index.php?rest_route=%2Fwp%2Fv2%2Fcategories&post=4622"},{"taxonomy":"post_tag","embeddable":true,"href":"https:\/\/adfformosa.com.ar\/index.php?rest_route=%2Fwp%2Fv2%2Ftags&post=4622"}],"curies":[{"name":"wp","href":"https:\/\/api.w.org\/{rel}","templated":true}]}}