{"id":4609,"date":"2016-10-18T19:20:30","date_gmt":"2016-10-18T22:20:30","guid":{"rendered":"http:\/\/adfformosa.com.ar\/?p=4609"},"modified":"2016-11-15T09:45:12","modified_gmt":"2016-11-15T12:45:12","slug":"adf-en-el-lanzamiento-del-concurso-extraordinario-de-ascenso-de-jerarquia-docente","status":"publish","type":"post","link":"https:\/\/adfformosa.com.ar\/?p=4609","title":{"rendered":"ADF en el lanzamiento del concurso extraordinario de ascenso de jerarqu\u00eda docente"},"content":{"rendered":"<div id=\"s-share-buttons\" class=\"horizontal-w-c-r-border s-share-w-c\"><a href=\"http:\/\/www.facebook.com\/sharer.php?u=https:\/\/adfformosa.com.ar\/?p=4609\" target=\"_blank\" title=\"Share to Facebook\" class=\"s3-facebook hint--top\"><\/a><a href=\"http:\/\/twitter.com\/intent\/tweet?text=ADF en el lanzamiento del concurso extraordinario de ascenso de jerarqu\u00eda docente&url=https:\/\/adfformosa.com.ar\/?p=4609\" target=\"_blank\"  title=\"Share to Twitter\" class=\"s3-twitter hint--top\"><\/a><a href=\"https:\/\/plus.google.com\/share?url=https:\/\/adfformosa.com.ar\/?p=4609\" target=\"_blank\"  title=\"Share to Google Plus\" class=\"s3-google-plus hint--top\"><\/a><a href=\"http:\/\/www.digg.com\/submit?url=https:\/\/adfformosa.com.ar\/?p=4609\" target=\"_blank\"  title=\"Share to Digg\" class=\"s3-digg hint--top\"><\/a><a href=\"http:\/\/www.tumblr.com\/share\/link?url=https%3A%2F%2Fadfformosa.com.ar%2F%3Fp%3D4609&name=ADF+en+el+lanzamiento+del+concurso+extraordinario+de+ascenso+de+jerarqu%C3%ADa+docente\" target=\"_blank\" title=\"Share to Tumblr\" class=\"s3-tumblr hint--top\"><\/a><a href=\"mailto:?Subject=ADF%20en%20el%20lanzamiento%20del%20concurso%20extraordinario%20de%20ascenso%20de%20jerarqu\u00eda%20docente&Body=Here%20is%20the%20link%20to%20the%20article:%20https:\/\/adfformosa.com.ar\/?p=4609\" title=\"Email this article\" class=\"s3-email hint--top\"><\/a><\/div><div id=\"attachment_4610\" style=\"width: 610px\" class=\"wp-caption aligncenter\"><img loading=\"lazy\" decoding=\"async\" aria-describedby=\"caption-attachment-4610\" class=\"wp-image-4610 size-full\" src=\"https:\/\/adfformosa.com.ar\/wp-content\/uploads\/2016\/11\/DSC_0032-e1479163051583.jpg\" width=\"600\" height=\"400\" \/><p id=\"caption-attachment-4610\" class=\"wp-caption-text\">Luis Branchi Secretario General de ADF-Titularizaciones y apertura de concurso-<\/p><\/div>\n<p style=\"text-align: justify;\"><strong>EN EL TEATRO DE LA CIUDAD DE FORMOSA<\/strong><\/p>\n<p style=\"text-align: justify;\">En el Teatro de la Ciudad el Gobernador de la provincia,Dr.Gildo Insfr\u00e1n anunci\u00f3 la apertura de los concursos extraordinarios de ascenso de jerarqu\u00eda al tramo medio para cargos directivos y nuevas titularizaciones docentes.<\/p>\n<p style=\"text-align: justify;\">En horas de la ma\u00f1ana se realiz\u00f3 un acto en el que estuvieron presentes el Ministro de Cultura y Educaci\u00f3n de la provincia, Dr. Alberto Zorrilla, los Directores de los distintos Niveles educativos; gremialistas y directores de escuelas. En la apertura el Gobernador realiz\u00f3 la entrega de las Resoluciones con los plazos para el concurso recibiendo en primer t\u00e9rmino el Secretario General de ADF,Luis Branchi.<\/p>\n<p style=\"text-align: justify;\">Se indic\u00f3 que las inscripciones se realizar\u00e1n on line a trav\u00e9s del sitio oficial a partir del 31 de octubre hasta el \u00a04 de noviembre.<\/p>\n<p style=\"text-align: justify;\">Las bases y condiciones estar\u00e1n disponibles para todos los interesados en participar en este sitio:<\/p>\n<p style=\"text-align: justify;\"><a href=\"http:\/\/www.formosa.gob.ar\/concursodeascenso\u00a0\">www.formosa.gob.ar\/concursodeascenso\u00a0<\/a><\/p>\n<p><iframe loading=\"lazy\" title=\"VIDEO EDUCACION (Concurso Extraordinario de Ascenso)\" width=\"500\" height=\"281\" src=\"https:\/\/www.youtube.com\/embed\/PJOiqYTzx6I?feature=oembed\" frameborder=\"0\" allow=\"accelerometer; autoplay; clipboard-write; encrypted-media; gyroscope; picture-in-picture; web-share\" referrerpolicy=\"strict-origin-when-cross-origin\" allowfullscreen><\/iframe><\/p>\n","protected":false},"excerpt":{"rendered":"<p>EN EL TEATRO DE LA CIUDAD DE FORMOSA En el Teatro de la Ciudad el Gobernador de la provincia,Dr.Gildo Insfr\u00e1n anunci\u00f3 la apertura de los concursos extraordinarios de ascenso de&#8230; <span class=\"meta-more\"><a href=\"https:\/\/adfformosa.com.ar\/?p=4609\">Leer mas &raquo;<\/a><\/span><\/p>\n","protected":false},"author":3,"featured_media":4610,"comment_status":"open","ping_status":"closed","sticky":false,"template":"","format":"standard","meta":{"footnotes":""},"categories":[2],"tags":[],"class_list":["post-4609","post","type-post","status-publish","format-standard","has-post-thumbnail","hentry","category-prensa-adf","even alt"],"_links":{"self":[{"href":"https:\/\/adfformosa.com.ar\/index.php?rest_route=\/wp\/v2\/posts\/4609","targetHints":{"allow":["GET"]}}],"collection":[{"href":"https:\/\/adfformosa.com.ar\/index.php?rest_route=\/wp\/v2\/posts"}],"about":[{"href":"https:\/\/adfformosa.com.ar\/index.php?rest_route=\/wp\/v2\/types\/post"}],"author":[{"embeddable":true,"href":"https:\/\/adfformosa.com.ar\/index.php?rest_route=\/wp\/v2\/users\/3"}],"replies":[{"embeddable":true,"href":"https:\/\/adfformosa.com.ar\/index.php?rest_route=%2Fwp%2Fv2%2Fcomments&post=4609"}],"version-history":[{"count":3,"href":"https:\/\/adfformosa.com.ar\/index.php?rest_route=\/wp\/v2\/posts\/4609\/revisions"}],"predecessor-version":[{"id":4639,"href":"https:\/\/adfformosa.com.ar\/index.php?rest_route=\/wp\/v2\/posts\/4609\/revisions\/4639"}],"wp:featuredmedia":[{"embeddable":true,"href":"https:\/\/adfformosa.com.ar\/index.php?rest_route=\/wp\/v2\/media\/4610"}],"wp:attachment":[{"href":"https:\/\/adfformosa.com.ar\/index.php?rest_route=%2Fwp%2Fv2%2Fmedia&parent=4609"}],"wp:term":[{"taxonomy":"category","embeddable":true,"href":"https:\/\/adfformosa.com.ar\/index.php?rest_route=%2Fwp%2Fv2%2Fcategories&post=4609"},{"taxonomy":"post_tag","embeddable":true,"href":"https:\/\/adfformosa.com.ar\/index.php?rest_route=%2Fwp%2Fv2%2Ftags&post=4609"}],"curies":[{"name":"wp","href":"https:\/\/api.w.org\/{rel}","templated":true}]}}