{"id":4604,"date":"2016-10-13T06:09:21","date_gmt":"2016-10-13T09:09:21","guid":{"rendered":"http:\/\/adfformosa.com.ar\/?p=4604"},"modified":"2016-11-15T09:45:51","modified_gmt":"2016-11-15T12:45:51","slug":"stella-presente","status":"publish","type":"post","link":"https:\/\/adfformosa.com.ar\/?p=4604","title":{"rendered":"\u00a1Stella, Presente!13 de octubre recordamos a Stella Maldonado"},"content":{"rendered":"<div id=\"s-share-buttons\" class=\"horizontal-w-c-r-border s-share-w-c\"><a href=\"http:\/\/www.facebook.com\/sharer.php?u=https:\/\/adfformosa.com.ar\/?p=4604\" target=\"_blank\" title=\"Share to Facebook\" class=\"s3-facebook hint--top\"><\/a><a href=\"http:\/\/twitter.com\/intent\/tweet?text=\u00a1Stella, Presente!13 de octubre recordamos a Stella Maldonado&url=https:\/\/adfformosa.com.ar\/?p=4604\" target=\"_blank\"  title=\"Share to Twitter\" class=\"s3-twitter hint--top\"><\/a><a href=\"https:\/\/plus.google.com\/share?url=https:\/\/adfformosa.com.ar\/?p=4604\" target=\"_blank\"  title=\"Share to Google Plus\" class=\"s3-google-plus hint--top\"><\/a><a href=\"http:\/\/www.digg.com\/submit?url=https:\/\/adfformosa.com.ar\/?p=4604\" target=\"_blank\"  title=\"Share to Digg\" class=\"s3-digg hint--top\"><\/a><a href=\"http:\/\/www.tumblr.com\/share\/link?url=https%3A%2F%2Fadfformosa.com.ar%2F%3Fp%3D4604&name=%C2%A1Stella%2C+Presente%2113+de+octubre+recordamos+a+Stella+Maldonado\" target=\"_blank\" title=\"Share to Tumblr\" class=\"s3-tumblr hint--top\"><\/a><a href=\"mailto:?Subject=\u00a1Stella,%20Presente!13%20de%20octubre%20recordamos%20a%20Stella%20Maldonado&Body=Here%20is%20the%20link%20to%20the%20article:%20https:\/\/adfformosa.com.ar\/?p=4604\" title=\"Email this article\" class=\"s3-email hint--top\"><\/a><\/div><p style=\"text-align: justify;\"><strong><img loading=\"lazy\" decoding=\"async\" class=\"wp-image-4605 size-full alignleft\" src=\"https:\/\/adfformosa.com.ar\/wp-content\/uploads\/2016\/11\/stella-aniversario.jpg\" width=\"480\" height=\"359\" srcset=\"https:\/\/adfformosa.com.ar\/wp-content\/uploads\/2016\/11\/stella-aniversario.jpg 480w, https:\/\/adfformosa.com.ar\/wp-content\/uploads\/2016\/11\/stella-aniversario-300x224.jpg 300w\" sizes=\"auto, (max-width: 480px) 100vw, 480px\" \/>En la fecha la CTERA y las entidades de base de cada rinc\u00f3n del pa\u00eds recuerdan a quien en vida fuera Stella Maldonado,\u00a0Secretaria General de la Confederaci\u00f3n de Trabajadores de la Educaci\u00f3n de la Rep\u00fablica Argentina (Ctera).\u00a0<\/strong><\/p>\n<p style=\"text-align: justify;\"><strong>Militante por la escuela p\u00fablica, la calidad de vida de los maestros y los derechos humanos.<\/strong><\/p>\n<p>&nbsp;<\/p>\n<p style=\"text-align: center;\"><strong>13 de octubre recordamos a Stella Maldonado<\/strong><\/p>\n<p style=\"text-align: justify;\">Stella Maldonado, militante pol\u00edtica, social y sindical, comprometida con la lucha por una Patria con justicia social y con la Educaci\u00f3n como herramienta emancipatoria. Su honestidad y claridad conceptual eran una br\u00fajula para los y las Trabajadoras de la Educaci\u00f3n.<\/p>\n<p style=\"text-align: justify;\">A lo largo de su vida se desempe\u00f1\u00f3 como Trabajadora Social y Maestra en la Provincia de Buenos Aires. En la d\u00e9cada de los &#8217;70 particip\u00f3 en el programa DINEA, dedicado a la alfabetizaci\u00f3n de adultos, dejando una imborrable huella en este contexto.<\/p>\n<p style=\"text-align: justify;\">Stella sostuvo en su militancia gremial, la necesidad de luchar colectivamente para fortalecer la organizaci\u00f3n sindical que permita lograr que se mejoren las condiciones de trabajo, ampliar la formaci\u00f3n de base y generar tiempos espec\u00edficos para reflexionar sobre las propias pr\u00e1cticas educativas.<\/p>\n<p style=\"text-align: justify;\">De 2000 al 2006 se desempe\u00f1\u00f3 como Secretaria de Derechos Humanos del SUTEBA y Secretaria de Educaci\u00f3n de CTERA de 2004 al 2007. Se destac\u00f3 tambi\u00e9n como f\u00e9rrea militante de los Derechos Humanos, habiendo sido v\u00edctima de la represi\u00f3n ejercida por los genocidas de la \u00faltima Dictadura C\u00edvico-Militar. Miembro del CELS y consecuentemente sostuvo la lucha de las Madres y Abuelas de Plaza de Mayo y de la Agrupaci\u00f3n HIJOS.<\/p>\n<p style=\"text-align: justify;\">Como docente el desaf\u00edo de transformar la escuela, era una prioridad, en palabras de ella: \u00ababsolutamente atravesada por el conflicto social propio de cada \u00e9poca\u00bb de modo tal que se superara el: \u00abn\u00facleo duro de la pobreza\u00bb.<\/p>\n<p style=\"text-align: justify;\">Esta brecha entre los que m\u00e1s tienen y los que menos tienen \u00abproduce en s\u00ed misma una situaci\u00f3n de violencia que tiene su correlato en situaciones que llegan a la escuela\u00bb, manifestaba la dirigente gremial que asumi\u00f3 como Secretaria General de CTERA en 2007.Tiempo en el que se desempe\u00f1\u00f3 como Secretaria General de CTERA y Secretaria de Formaci\u00f3n de la CTA Nacional. Tambi\u00e9n formaba parte del Consejo Ejecutivo de la Internacional de la Educaci\u00f3n. De la mano de Stella las organizaciones de CTERA las comunidades en cada barrio y en cada escuela realizaron aportes para la nueva Ley de Educaci\u00f3n, en la cual aparecen definiciones como el Derecho Social a la Educaci\u00f3n, la responsabilidad indelegable del Estado en su financiamiento y organizaci\u00f3n, la universalizaci\u00f3n del Nivel Inicial y la formaci\u00f3n Permanente. Este \u00faltimo punto fue tomado en Paritaria transform\u00e1ndose en el Plan Nacional de Formaci\u00f3n Permanente. Destacamos tambi\u00e9n que le otorg\u00f3 siempre un papel preponderante a la juventud y su inserci\u00f3n en la vida pol\u00edtica y sindical.<\/p>\n<p style=\"text-align: justify;\">Su preocupaci\u00f3n por los Derechos Humanos, la situaci\u00f3n del pa\u00eds y de la Educaci\u00f3n P\u00fablica hicieron de Stella Maldonado una militante incansable y una luchadora imprescindible para el movimiento obrero y para los docentes argentinos.<\/p>\n<p style=\"text-align: justify;\">Con la partida de Stella qued\u00f3 un vac\u00edo enorme, no s\u00f3lo por su compromiso y militancia, sino por la calidad humana de esta compa\u00f1era que infatigablemente nos ense\u00f1\u00f3, con amor y humildad, una nueva forma de militar.<\/p>\n<p style=\"text-align: justify;\">\u00abDilucidar en qu\u00e9 consiste y qu\u00e9 produce el trabajo de ense\u00f1ar aqu\u00ed y ahora forma parte de nuestra lucha. Los Trabajadores de la Educaci\u00f3n necesitamos transformar el trabajo, pero no podemos transformar lo que conocemos s\u00f3lo emp\u00edricamente; tampoco lo haremos si lo hacemos desde la perspectiva del discurso hegem\u00f3nico. (&#8230;) En la disputa por el sentido del trabajo docente se pone en juego la pelea por el sentido de la Escuela P\u00fablica, que siempre so\u00f1amos: popular, democr\u00e1tica y un lugar de construcci\u00f3n de derechos\u00bb.<br \/>\nStella Maldonado<\/p>\n<p style=\"text-align: justify;\">Fuente: SUTEBA<\/p>\n","protected":false},"excerpt":{"rendered":"<p>En la fecha la CTERA y las entidades de base de cada rinc\u00f3n del pa\u00eds recuerdan a quien en vida fuera Stella Maldonado,\u00a0Secretaria General de la Confederaci\u00f3n de Trabajadores de&#8230; <span class=\"meta-more\"><a href=\"https:\/\/adfformosa.com.ar\/?p=4604\">Leer mas &raquo;<\/a><\/span><\/p>\n","protected":false},"author":3,"featured_media":4605,"comment_status":"open","ping_status":"closed","sticky":false,"template":"","format":"standard","meta":{"footnotes":""},"categories":[2],"tags":[],"class_list":["post-4604","post","type-post","status-publish","format-standard","has-post-thumbnail","hentry","category-prensa-adf","even alt"],"_links":{"self":[{"href":"https:\/\/adfformosa.com.ar\/index.php?rest_route=\/wp\/v2\/posts\/4604","targetHints":{"allow":["GET"]}}],"collection":[{"href":"https:\/\/adfformosa.com.ar\/index.php?rest_route=\/wp\/v2\/posts"}],"about":[{"href":"https:\/\/adfformosa.com.ar\/index.php?rest_route=\/wp\/v2\/types\/post"}],"author":[{"embeddable":true,"href":"https:\/\/adfformosa.com.ar\/index.php?rest_route=\/wp\/v2\/users\/3"}],"replies":[{"embeddable":true,"href":"https:\/\/adfformosa.com.ar\/index.php?rest_route=%2Fwp%2Fv2%2Fcomments&post=4604"}],"version-history":[{"count":4,"href":"https:\/\/adfformosa.com.ar\/index.php?rest_route=\/wp\/v2\/posts\/4604\/revisions"}],"predecessor-version":[{"id":4640,"href":"https:\/\/adfformosa.com.ar\/index.php?rest_route=\/wp\/v2\/posts\/4604\/revisions\/4640"}],"wp:featuredmedia":[{"embeddable":true,"href":"https:\/\/adfformosa.com.ar\/index.php?rest_route=\/wp\/v2\/media\/4605"}],"wp:attachment":[{"href":"https:\/\/adfformosa.com.ar\/index.php?rest_route=%2Fwp%2Fv2%2Fmedia&parent=4604"}],"wp:term":[{"taxonomy":"category","embeddable":true,"href":"https:\/\/adfformosa.com.ar\/index.php?rest_route=%2Fwp%2Fv2%2Fcategories&post=4604"},{"taxonomy":"post_tag","embeddable":true,"href":"https:\/\/adfformosa.com.ar\/index.php?rest_route=%2Fwp%2Fv2%2Ftags&post=4604"}],"curies":[{"name":"wp","href":"https:\/\/api.w.org\/{rel}","templated":true}]}}