{"id":4600,"date":"2016-10-12T19:06:12","date_gmt":"2016-10-12T22:06:12","guid":{"rendered":"http:\/\/adfformosa.com.ar\/?p=4600"},"modified":"2016-11-15T09:46:09","modified_gmt":"2016-11-15T12:46:09","slug":"ctera-en-el-senado-exposicion-sobre-proyecto-de-ley-de-financiamiento-educativo","status":"publish","type":"post","link":"https:\/\/adfformosa.com.ar\/?p=4600","title":{"rendered":"CTERA en el Senado: exposici\u00f3n sobre proyecto de Ley de Financiamiento Educativo"},"content":{"rendered":"<div id=\"s-share-buttons\" class=\"horizontal-w-c-r-border s-share-w-c\"><a href=\"http:\/\/www.facebook.com\/sharer.php?u=https:\/\/adfformosa.com.ar\/?p=4600\" target=\"_blank\" title=\"Share to Facebook\" class=\"s3-facebook hint--top\"><\/a><a href=\"http:\/\/twitter.com\/intent\/tweet?text=CTERA en el Senado: exposici\u00f3n sobre proyecto de Ley de Financiamiento Educativo&url=https:\/\/adfformosa.com.ar\/?p=4600\" target=\"_blank\"  title=\"Share to Twitter\" class=\"s3-twitter hint--top\"><\/a><a href=\"https:\/\/plus.google.com\/share?url=https:\/\/adfformosa.com.ar\/?p=4600\" target=\"_blank\"  title=\"Share to Google Plus\" class=\"s3-google-plus hint--top\"><\/a><a href=\"http:\/\/www.digg.com\/submit?url=https:\/\/adfformosa.com.ar\/?p=4600\" target=\"_blank\"  title=\"Share to Digg\" class=\"s3-digg hint--top\"><\/a><a href=\"http:\/\/www.tumblr.com\/share\/link?url=https%3A%2F%2Fadfformosa.com.ar%2F%3Fp%3D4600&name=CTERA+en+el+Senado%3A+exposici%C3%B3n+sobre+proyecto+de+Ley+de+Financiamiento+Educativo\" target=\"_blank\" title=\"Share to Tumblr\" class=\"s3-tumblr hint--top\"><\/a><a href=\"mailto:?Subject=CTERA%20en%20el%20Senado:%20exposici\u00f3n%20sobre%20proyecto%20de%20Ley%20de%20Financiamiento%20Educativo&Body=Here%20is%20the%20link%20to%20the%20article:%20https:\/\/adfformosa.com.ar\/?p=4600\" title=\"Email this article\" class=\"s3-email hint--top\"><\/a><\/div><p><img loading=\"lazy\" decoding=\"async\" class=\"wp-image-4601 size-full aligncenter\" src=\"https:\/\/adfformosa.com.ar\/wp-content\/uploads\/2016\/11\/lopez-con-diputados-ctera-e1479161254720.jpg\" width=\"600\" height=\"401\" \/><\/p>\n<p style=\"text-align: justify;\">En el d\u00eda de hoy, mi\u00e9rcoles 12 de octubre, la <span class=\"text_exposed_show\">CTERA, junto a otras organizaciones sindicales docentes y sociales, fue invitada por la Comisi\u00f3n de Educaci\u00f3n del Senado para exponer sobre la necesidad de una nueva Ley de Financiamiento Educativo.<\/span><\/p>\n<p style=\"text-align: justify;\"><span class=\"text_exposed_show\">El encuentro estuvo precedido por las Senadoras Nacionales Liliana Negre de Alonso y Norma Durango , Presidenta y Vice de la Comisi\u00f3n de Educaci\u00f3n -.<\/span><\/p>\n<p style=\"text-align: justify;\"><span class=\"text_exposed_show\">Por CTERA expuso Eduardo L\u00f3pez \u2013 Sec. General de UTE y Gremial de CTERA \u2013 qui\u00e9n expres\u00f3 los argumento s para que se sancione una nueva Ley de Financiamiento Educativo.<\/span><\/p>\n<p style=\"text-align: justify;\"><span class=\"text_exposed_show\">Estuvieron presentes tambi\u00e9n por la Junta Ejecutiva de CTERA, Noem\u00ed Tejeda \u2013 Sec. de Salud Laboral \u2013 y Alejo Demichelis &#8211; Sec. de Prensa -.<\/span><\/p>\n<div class=\"text_exposed_show\">\n<p style=\"text-align: justify;\"><strong>Buenos Aires, mi\u00e9rcoles 12 de octubre de 2016<\/strong><\/p>\n<p style=\"text-align: justify;\"><strong>Alejo Demichelis- Sec. de Prensa <\/strong><\/p>\n<p style=\"text-align: justify;\"><strong> Sonia Alesso-Secretaria General<\/strong><\/p>\n<\/div>\n","protected":false},"excerpt":{"rendered":"<p>En el d\u00eda de hoy, mi\u00e9rcoles 12 de octubre, la CTERA, junto a otras organizaciones sindicales docentes y sociales, fue invitada por la Comisi\u00f3n de Educaci\u00f3n del Senado para exponer&#8230; <span class=\"meta-more\"><a href=\"https:\/\/adfformosa.com.ar\/?p=4600\">Leer mas &raquo;<\/a><\/span><\/p>\n","protected":false},"author":3,"featured_media":4601,"comment_status":"open","ping_status":"closed","sticky":false,"template":"","format":"standard","meta":{"footnotes":""},"categories":[2],"tags":[],"class_list":["post-4600","post","type-post","status-publish","format-standard","has-post-thumbnail","hentry","category-prensa-adf","even alt"],"_links":{"self":[{"href":"https:\/\/adfformosa.com.ar\/index.php?rest_route=\/wp\/v2\/posts\/4600","targetHints":{"allow":["GET"]}}],"collection":[{"href":"https:\/\/adfformosa.com.ar\/index.php?rest_route=\/wp\/v2\/posts"}],"about":[{"href":"https:\/\/adfformosa.com.ar\/index.php?rest_route=\/wp\/v2\/types\/post"}],"author":[{"embeddable":true,"href":"https:\/\/adfformosa.com.ar\/index.php?rest_route=\/wp\/v2\/users\/3"}],"replies":[{"embeddable":true,"href":"https:\/\/adfformosa.com.ar\/index.php?rest_route=%2Fwp%2Fv2%2Fcomments&post=4600"}],"version-history":[{"count":2,"href":"https:\/\/adfformosa.com.ar\/index.php?rest_route=\/wp\/v2\/posts\/4600\/revisions"}],"predecessor-version":[{"id":4641,"href":"https:\/\/adfformosa.com.ar\/index.php?rest_route=\/wp\/v2\/posts\/4600\/revisions\/4641"}],"wp:featuredmedia":[{"embeddable":true,"href":"https:\/\/adfformosa.com.ar\/index.php?rest_route=\/wp\/v2\/media\/4601"}],"wp:attachment":[{"href":"https:\/\/adfformosa.com.ar\/index.php?rest_route=%2Fwp%2Fv2%2Fmedia&parent=4600"}],"wp:term":[{"taxonomy":"category","embeddable":true,"href":"https:\/\/adfformosa.com.ar\/index.php?rest_route=%2Fwp%2Fv2%2Fcategories&post=4600"},{"taxonomy":"post_tag","embeddable":true,"href":"https:\/\/adfformosa.com.ar\/index.php?rest_route=%2Fwp%2Fv2%2Ftags&post=4600"}],"curies":[{"name":"wp","href":"https:\/\/api.w.org\/{rel}","templated":true}]}}