{"id":4583,"date":"2016-09-26T17:52:54","date_gmt":"2016-09-26T20:52:54","guid":{"rendered":"http:\/\/adfformosa.com.ar\/?p=4583"},"modified":"2016-11-15T09:47:58","modified_gmt":"2016-11-15T12:47:58","slug":"martes-27-sin-clases-en-ninguna-escuela-publica-de-la-provincia","status":"publish","type":"post","link":"https:\/\/adfformosa.com.ar\/?p=4583","title":{"rendered":"Martes 27 sin clases en ninguna escuela p\u00fablica de la provincia"},"content":{"rendered":"<div id=\"s-share-buttons\" class=\"horizontal-w-c-r-border s-share-w-c\"><a href=\"http:\/\/www.facebook.com\/sharer.php?u=https:\/\/adfformosa.com.ar\/?p=4583\" target=\"_blank\" title=\"Share to Facebook\" class=\"s3-facebook hint--top\"><\/a><a href=\"http:\/\/twitter.com\/intent\/tweet?text=Martes 27 sin clases en ninguna escuela p\u00fablica de la provincia&url=https:\/\/adfformosa.com.ar\/?p=4583\" target=\"_blank\"  title=\"Share to Twitter\" class=\"s3-twitter hint--top\"><\/a><a href=\"https:\/\/plus.google.com\/share?url=https:\/\/adfformosa.com.ar\/?p=4583\" target=\"_blank\"  title=\"Share to Google Plus\" class=\"s3-google-plus hint--top\"><\/a><a href=\"http:\/\/www.digg.com\/submit?url=https:\/\/adfformosa.com.ar\/?p=4583\" target=\"_blank\"  title=\"Share to Digg\" class=\"s3-digg hint--top\"><\/a><a href=\"http:\/\/www.tumblr.com\/share\/link?url=https%3A%2F%2Fadfformosa.com.ar%2F%3Fp%3D4583&name=Martes+27+sin+clases+en+ninguna+escuela+p%C3%BAblica+de+la+provincia\" target=\"_blank\" title=\"Share to Tumblr\" class=\"s3-tumblr hint--top\"><\/a><a href=\"mailto:?Subject=Martes%2027%20sin%20clases%20en%20ninguna%20escuela%20p\u00fablica%20de%20la%20provincia&Body=Here%20is%20the%20link%20to%20the%20article:%20https:\/\/adfformosa.com.ar\/?p=4583\" title=\"Email this article\" class=\"s3-email hint--top\"><\/a><\/div><p><img loading=\"lazy\" decoding=\"async\" class=\"wp-image-4558 size-full aligncenter\" src=\"https:\/\/adfformosa.com.ar\/wp-content\/uploads\/2016\/09\/paro-27-ctera-e1474501086739.jpg\" width=\"600\" height=\"398\" \/><\/p>\n<p style=\"text-align: justify;\">La Agremiaci\u00f3n del Docente Formose\u00f1o confirma su adhesi\u00f3n al paro del martes 27 convocado por la Ctera por lo que no habr\u00e1 actividades educativas en ninguna escuela p\u00fablica de la provincia.<\/p>\n<p style=\"text-align: justify;\">\u201cEl paro es consecuencia de la falta de respuestas y de la necesidad que tenemos de discutir la reapertura de paritarias para una urgente recomposici\u00f3n salarial\u201d, dijo el titular de la Agremiaci\u00f3n, Luis Branchi.<\/p>\n<p style=\"text-align: justify;\"><span class=\"text_exposed_show\">Seg\u00fan detall\u00f3, \u201cel lunes 26 nuestro gremio partir\u00e1 a Buenos Aires para participar de la marcha al Ministerio de Educaci\u00f3n de la Naci\u00f3n con todos los gremios del pa\u00eds que conformamos la CTERA. Los docentes estamos entre la indigencia y la pobreza ya que la inflaci\u00f3n impacta fuertemente en el bolsillo de los trabajadores\u201d<\/span><\/p>\n<p style=\"text-align: justify;\"><span class=\"text_exposed_show\">Adem\u00e1s de la reapertura de paritarias reclamamos \u201cla formaci\u00f3n permanente y gratuita y el cumplimiento del fondo compensador por docente y por cargo que est\u00e1 estipulado claramente en el Art\u00edculo 3 del acuerdo paritario y que tambi\u00e9n incumplen\u201d explic\u00f3.<\/span><\/p>\n<div class=\"text_exposed_show\">\n<p style=\"text-align: justify;\">Advirti\u00f3 que \u201cLos programas socioeducativos; el aumento del PBI para educaci\u00f3n por el que juntamos cientos de firmas en cada escuela de la provincia; el impuesto a las ganancias y la suspensi\u00f3n del Plan Nacional de Evaluaci\u00f3n Aprender y el repudio al cierre de la causa Fuentealba II son parte de este reclamo.Por todo esto el 27 de septiembre, llamamos a parar masivamente\u201d concluy\u00f3 Branchi.<\/p>\n<\/div>\n","protected":false},"excerpt":{"rendered":"<p>La Agremiaci\u00f3n del Docente Formose\u00f1o confirma su adhesi\u00f3n al paro del martes 27 convocado por la Ctera por lo que no habr\u00e1 actividades educativas en ninguna escuela p\u00fablica de la&#8230; <span class=\"meta-more\"><a href=\"https:\/\/adfformosa.com.ar\/?p=4583\">Leer mas &raquo;<\/a><\/span><\/p>\n","protected":false},"author":3,"featured_media":4558,"comment_status":"open","ping_status":"closed","sticky":false,"template":"","format":"standard","meta":{"footnotes":""},"categories":[2],"tags":[],"class_list":["post-4583","post","type-post","status-publish","format-standard","has-post-thumbnail","hentry","category-prensa-adf","even alt"],"_links":{"self":[{"href":"https:\/\/adfformosa.com.ar\/index.php?rest_route=\/wp\/v2\/posts\/4583","targetHints":{"allow":["GET"]}}],"collection":[{"href":"https:\/\/adfformosa.com.ar\/index.php?rest_route=\/wp\/v2\/posts"}],"about":[{"href":"https:\/\/adfformosa.com.ar\/index.php?rest_route=\/wp\/v2\/types\/post"}],"author":[{"embeddable":true,"href":"https:\/\/adfformosa.com.ar\/index.php?rest_route=\/wp\/v2\/users\/3"}],"replies":[{"embeddable":true,"href":"https:\/\/adfformosa.com.ar\/index.php?rest_route=%2Fwp%2Fv2%2Fcomments&post=4583"}],"version-history":[{"count":2,"href":"https:\/\/adfformosa.com.ar\/index.php?rest_route=\/wp\/v2\/posts\/4583\/revisions"}],"predecessor-version":[{"id":4647,"href":"https:\/\/adfformosa.com.ar\/index.php?rest_route=\/wp\/v2\/posts\/4583\/revisions\/4647"}],"wp:featuredmedia":[{"embeddable":true,"href":"https:\/\/adfformosa.com.ar\/index.php?rest_route=\/wp\/v2\/media\/4558"}],"wp:attachment":[{"href":"https:\/\/adfformosa.com.ar\/index.php?rest_route=%2Fwp%2Fv2%2Fmedia&parent=4583"}],"wp:term":[{"taxonomy":"category","embeddable":true,"href":"https:\/\/adfformosa.com.ar\/index.php?rest_route=%2Fwp%2Fv2%2Fcategories&post=4583"},{"taxonomy":"post_tag","embeddable":true,"href":"https:\/\/adfformosa.com.ar\/index.php?rest_route=%2Fwp%2Fv2%2Ftags&post=4583"}],"curies":[{"name":"wp","href":"https:\/\/api.w.org\/{rel}","templated":true}]}}