{"id":4580,"date":"2016-09-01T08:19:23","date_gmt":"2016-09-01T11:19:23","guid":{"rendered":"http:\/\/adfformosa.com.ar\/?p=4580"},"modified":"2016-11-15T09:49:48","modified_gmt":"2016-11-15T12:49:48","slug":"branchi-ya-comenzamos-la-marcha-y-manana-viernes-no-habra-clases","status":"publish","type":"post","link":"https:\/\/adfformosa.com.ar\/?p=4580","title":{"rendered":"Branchi: \u201cYa comenzamos la marcha y ma\u00f1ana viernes no habr\u00e1 clases\u201d"},"content":{"rendered":"<div id=\"s-share-buttons\" class=\"horizontal-w-c-r-border s-share-w-c\"><a href=\"http:\/\/www.facebook.com\/sharer.php?u=https:\/\/adfformosa.com.ar\/?p=4580\" target=\"_blank\" title=\"Share to Facebook\" class=\"s3-facebook hint--top\"><\/a><a href=\"http:\/\/twitter.com\/intent\/tweet?text=Branchi: \u201cYa comenzamos la marcha y ma\u00f1ana viernes no habr\u00e1 clases\u201d&url=https:\/\/adfformosa.com.ar\/?p=4580\" target=\"_blank\"  title=\"Share to Twitter\" class=\"s3-twitter hint--top\"><\/a><a href=\"https:\/\/plus.google.com\/share?url=https:\/\/adfformosa.com.ar\/?p=4580\" target=\"_blank\"  title=\"Share to Google Plus\" class=\"s3-google-plus hint--top\"><\/a><a href=\"http:\/\/www.digg.com\/submit?url=https:\/\/adfformosa.com.ar\/?p=4580\" target=\"_blank\"  title=\"Share to Digg\" class=\"s3-digg hint--top\"><\/a><a href=\"http:\/\/www.tumblr.com\/share\/link?url=https%3A%2F%2Fadfformosa.com.ar%2F%3Fp%3D4580&name=Branchi%3A+%E2%80%9CYa+comenzamos+la+marcha+y+ma%C3%B1ana+viernes+no+habr%C3%A1+clases%E2%80%9D\" target=\"_blank\" title=\"Share to Tumblr\" class=\"s3-tumblr hint--top\"><\/a><a href=\"mailto:?Subject=Branchi:%20\u201cYa%20comenzamos%20la%20marcha%20y%20ma\u00f1ana%20viernes%20no%20habr\u00e1%20clases\u201d&Body=Here%20is%20the%20link%20to%20the%20article:%20https:\/\/adfformosa.com.ar\/?p=4580\" title=\"Email this article\" class=\"s3-email hint--top\"><\/a><\/div><div id=\"attachment_4581\" style=\"width: 610px\" class=\"wp-caption aligncenter\"><img loading=\"lazy\" decoding=\"async\" aria-describedby=\"caption-attachment-4581\" class=\"wp-image-4581 size-full\" src=\"https:\/\/adfformosa.com.ar\/wp-content\/uploads\/2016\/09\/marcha-en-corrientes-1-e1474503670823.jpg\" width=\"600\" height=\"399\" \/><p id=\"caption-attachment-4581\" class=\"wp-caption-text\">Columna NEA en Corrientes \u00abMarcha Federal Docente\u00bb<\/p><\/div>\n<p style=\"text-align: justify;\"><strong>En contacto con Radio Formosa, el Profesor Luis Branchi, Secretario General de ADF (Agremiaci\u00f3n del Docente\u00a0Formose\u00f1o) confirm\u00f3 que este viernes no habr\u00e1 clases ya que acompa\u00f1an la movilizaci\u00f3n nacional para reclaman derechos.<\/strong><\/p>\n<p style=\"text-align: justify;\">\u201cEstamos \u00a0partiendo desde Paran\u00e1 \u00a0ayer iniciamos con la columna del NEA que sali\u00f3 de Formosa, la otra desde Misiones nos juntamos en Corrientes y tuvimos actividades en Paran\u00e1 ahora estamos yendo a Santa Fe donde tenemos actividades y luego a Rosario donde se hace un acto central donde se unen las columnas del NOA y del centro y continuamos rumbo a Buenos Aires donde ma\u00f1ana, 2 de septiembre, se hace la gran concentraci\u00f3n en la Plaza de Mayo\u201d, coment\u00f3 Branchi.<\/p>\n<p style=\"text-align: justify;\">\u201cMa\u00f1ana hay paro nacional decretado por CTERA sin concurrencia a los lugares del trabajo por lo que no habr\u00e1 clases\u201d, sostuvo.<\/p>\n<p style=\"text-align: justify;\">Tras la manifestaci\u00f3n que \u201cva a ser un reclamo multitudinario m\u00e1s all\u00e1 del clima, hay un muy fuerte esp\u00edritu de preservar derechos logrados y evitar que se siga con la quita de los derechos de los trabajadores\u201d,\u00a0 esperar\u00e1n una respuesta del gobierno nacional.<\/p>\n<h4 style=\"text-align: justify;\"><span style=\"text-decoration: underline;\"><span style=\"color: #ff0000; text-decoration: underline;\">Escuchar entrevista ingresando con un clic ac\u00e1:<\/span><\/span><\/h4>\n<p><a href=\"http:\/\/radioformosa.com.ar\/branchi-ya-comenzamos-la-marcha-y-manana-viernes-no-habra-clases\/\">http:\/\/radioformosa.com.ar\/branchi-ya-comenzamos-la-marcha-y-manana-viernes-no-habra-clases\/<\/a><\/p>\n","protected":false},"excerpt":{"rendered":"<p>En contacto con Radio Formosa, el Profesor Luis Branchi, Secretario General de ADF (Agremiaci\u00f3n del Docente\u00a0Formose\u00f1o) confirm\u00f3 que este viernes no habr\u00e1 clases ya que acompa\u00f1an la movilizaci\u00f3n nacional para&#8230; <span class=\"meta-more\"><a href=\"https:\/\/adfformosa.com.ar\/?p=4580\">Leer mas &raquo;<\/a><\/span><\/p>\n","protected":false},"author":3,"featured_media":4581,"comment_status":"open","ping_status":"closed","sticky":false,"template":"","format":"standard","meta":{"footnotes":""},"categories":[2],"tags":[],"class_list":["post-4580","post","type-post","status-publish","format-standard","has-post-thumbnail","hentry","category-prensa-adf","even alt"],"_links":{"self":[{"href":"https:\/\/adfformosa.com.ar\/index.php?rest_route=\/wp\/v2\/posts\/4580","targetHints":{"allow":["GET"]}}],"collection":[{"href":"https:\/\/adfformosa.com.ar\/index.php?rest_route=\/wp\/v2\/posts"}],"about":[{"href":"https:\/\/adfformosa.com.ar\/index.php?rest_route=\/wp\/v2\/types\/post"}],"author":[{"embeddable":true,"href":"https:\/\/adfformosa.com.ar\/index.php?rest_route=\/wp\/v2\/users\/3"}],"replies":[{"embeddable":true,"href":"https:\/\/adfformosa.com.ar\/index.php?rest_route=%2Fwp%2Fv2%2Fcomments&post=4580"}],"version-history":[{"count":2,"href":"https:\/\/adfformosa.com.ar\/index.php?rest_route=\/wp\/v2\/posts\/4580\/revisions"}],"predecessor-version":[{"id":4652,"href":"https:\/\/adfformosa.com.ar\/index.php?rest_route=\/wp\/v2\/posts\/4580\/revisions\/4652"}],"wp:featuredmedia":[{"embeddable":true,"href":"https:\/\/adfformosa.com.ar\/index.php?rest_route=\/wp\/v2\/media\/4581"}],"wp:attachment":[{"href":"https:\/\/adfformosa.com.ar\/index.php?rest_route=%2Fwp%2Fv2%2Fmedia&parent=4580"}],"wp:term":[{"taxonomy":"category","embeddable":true,"href":"https:\/\/adfformosa.com.ar\/index.php?rest_route=%2Fwp%2Fv2%2Fcategories&post=4580"},{"taxonomy":"post_tag","embeddable":true,"href":"https:\/\/adfformosa.com.ar\/index.php?rest_route=%2Fwp%2Fv2%2Ftags&post=4580"}],"curies":[{"name":"wp","href":"https:\/\/api.w.org\/{rel}","templated":true}]}}