{"id":4577,"date":"2016-09-02T21:10:19","date_gmt":"2016-09-03T00:10:19","guid":{"rendered":"http:\/\/adfformosa.com.ar\/?p=4577"},"modified":"2016-11-15T09:48:32","modified_gmt":"2016-11-15T12:48:32","slug":"video-de-adf-unidos-por-el-mismo-reclamo-de-norte-a-sur","status":"publish","type":"post","link":"https:\/\/adfformosa.com.ar\/?p=4577","title":{"rendered":"Video de ADF: Unidos por el mismo reclamo de norte a sur"},"content":{"rendered":"<div id=\"s-share-buttons\" class=\"horizontal-w-c-r-border s-share-w-c\"><a href=\"http:\/\/www.facebook.com\/sharer.php?u=https:\/\/adfformosa.com.ar\/?p=4577\" target=\"_blank\" title=\"Share to Facebook\" class=\"s3-facebook hint--top\"><\/a><a href=\"http:\/\/twitter.com\/intent\/tweet?text=Video de ADF: Unidos por el mismo reclamo de norte a sur&url=https:\/\/adfformosa.com.ar\/?p=4577\" target=\"_blank\"  title=\"Share to Twitter\" class=\"s3-twitter hint--top\"><\/a><a href=\"https:\/\/plus.google.com\/share?url=https:\/\/adfformosa.com.ar\/?p=4577\" target=\"_blank\"  title=\"Share to Google Plus\" class=\"s3-google-plus hint--top\"><\/a><a href=\"http:\/\/www.digg.com\/submit?url=https:\/\/adfformosa.com.ar\/?p=4577\" target=\"_blank\"  title=\"Share to Digg\" class=\"s3-digg hint--top\"><\/a><a href=\"http:\/\/www.tumblr.com\/share\/link?url=https%3A%2F%2Fadfformosa.com.ar%2F%3Fp%3D4577&name=Video+de+ADF%3A+Unidos+por+el+mismo+reclamo+de+norte+a+sur\" target=\"_blank\" title=\"Share to Tumblr\" class=\"s3-tumblr hint--top\"><\/a><a href=\"mailto:?Subject=Video%20de%20ADF:%20Unidos%20por%20el%20mismo%20reclamo%20de%20norte%20a%20sur&Body=Here%20is%20the%20link%20to%20the%20article:%20https:\/\/adfformosa.com.ar\/?p=4577\" title=\"Email this article\" class=\"s3-email hint--top\"><\/a><\/div><p style=\"text-align: justify;\">Despu\u00e9s de tres d\u00edas de actos y caravanas por las provincias, la Marcha Federal contra el tarifazo, los despidos y el ajuste llega esta tarde a la Plaza de Mayo.<\/p>\n<p style=\"text-align: justify;\">La movida contra las pol\u00edticas del macrismo fue pensada a la manera de la marcha federal que en 1994 marc\u00f3 la resistencia al gobierno de Carlos Menem. Esta vez ha reunido a actores m\u00e1s diversos: con los sindicatos salieron movimientos sociales, PyMEs, cooperativas de trabajo, estudiantes, clubes de barrio, empresas recuperadas, es decir el arco de organizaciones del \u00e1mbito social que hoy est\u00e1n afectadas por el combo de inflaci\u00f3n, despidos, tarifazo y apertura de las importaciones que la llegada de Mauricio Macri al poder trajo bajo el brazo.<\/p>\n<h3 style=\"text-align: justify;\"><span style=\"text-decoration: underline;\"><span style=\"color: #ff0000; text-decoration: underline;\">VIDEO<\/span><\/span><\/h3>\n<p style=\"text-align: justify;\">La Agremiaci\u00f3n del Docente Formose\u00f1o-ADF form\u00f3 parte de la Columna NEA. Saliendo desde Formosa y Posadas. 1640 km hasta Plaza de Mayo. Columna integrada por compa\u00f1eros de: Formosa, Chaco, Santa Fe, Corrientes, Entre R\u00edos.<\/p>\n<p style=\"text-align: justify;\">Salida de Formosa 31 de agosto- Llegada a Buenos Aires 2 de septiembre- Acto y paro nacional docente.- A\u00d1O: 2016.<\/p>\n<p><iframe loading=\"lazy\" title=\"ADF en la Marcha Federal\" width=\"500\" height=\"375\" src=\"https:\/\/www.youtube.com\/embed\/lQTftUuK4vs?feature=oembed\" frameborder=\"0\" allow=\"accelerometer; autoplay; clipboard-write; encrypted-media; gyroscope; picture-in-picture; web-share\" referrerpolicy=\"strict-origin-when-cross-origin\" allowfullscreen><\/iframe><\/p>\n","protected":false},"excerpt":{"rendered":"<p>Despu\u00e9s de tres d\u00edas de actos y caravanas por las provincias, la Marcha Federal contra el tarifazo, los despidos y el ajuste llega esta tarde a la Plaza de Mayo&#8230;. <span class=\"meta-more\"><a href=\"https:\/\/adfformosa.com.ar\/?p=4577\">Leer mas &raquo;<\/a><\/span><\/p>\n","protected":false},"author":3,"featured_media":4570,"comment_status":"open","ping_status":"closed","sticky":false,"template":"","format":"standard","meta":{"footnotes":""},"categories":[2],"tags":[],"class_list":["post-4577","post","type-post","status-publish","format-standard","has-post-thumbnail","hentry","category-prensa-adf","even alt"],"_links":{"self":[{"href":"https:\/\/adfformosa.com.ar\/index.php?rest_route=\/wp\/v2\/posts\/4577","targetHints":{"allow":["GET"]}}],"collection":[{"href":"https:\/\/adfformosa.com.ar\/index.php?rest_route=\/wp\/v2\/posts"}],"about":[{"href":"https:\/\/adfformosa.com.ar\/index.php?rest_route=\/wp\/v2\/types\/post"}],"author":[{"embeddable":true,"href":"https:\/\/adfformosa.com.ar\/index.php?rest_route=\/wp\/v2\/users\/3"}],"replies":[{"embeddable":true,"href":"https:\/\/adfformosa.com.ar\/index.php?rest_route=%2Fwp%2Fv2%2Fcomments&post=4577"}],"version-history":[{"count":2,"href":"https:\/\/adfformosa.com.ar\/index.php?rest_route=\/wp\/v2\/posts\/4577\/revisions"}],"predecessor-version":[{"id":4649,"href":"https:\/\/adfformosa.com.ar\/index.php?rest_route=\/wp\/v2\/posts\/4577\/revisions\/4649"}],"wp:featuredmedia":[{"embeddable":true,"href":"https:\/\/adfformosa.com.ar\/index.php?rest_route=\/wp\/v2\/media\/4570"}],"wp:attachment":[{"href":"https:\/\/adfformosa.com.ar\/index.php?rest_route=%2Fwp%2Fv2%2Fmedia&parent=4577"}],"wp:term":[{"taxonomy":"category","embeddable":true,"href":"https:\/\/adfformosa.com.ar\/index.php?rest_route=%2Fwp%2Fv2%2Fcategories&post=4577"},{"taxonomy":"post_tag","embeddable":true,"href":"https:\/\/adfformosa.com.ar\/index.php?rest_route=%2Fwp%2Fv2%2Ftags&post=4577"}],"curies":[{"name":"wp","href":"https:\/\/api.w.org\/{rel}","templated":true}]}}