{"id":4566,"date":"2016-08-31T08:30:14","date_gmt":"2016-08-31T11:30:14","guid":{"rendered":"http:\/\/adfformosa.com.ar\/?p=4566"},"modified":"2016-11-15T09:50:29","modified_gmt":"2016-11-15T12:50:29","slug":"marcha-federal-salio-hoy-desde-formosa","status":"publish","type":"post","link":"https:\/\/adfformosa.com.ar\/?p=4566","title":{"rendered":"Marcha Federal sali\u00f3 hoy desde Formosa"},"content":{"rendered":"<div id=\"s-share-buttons\" class=\"horizontal-w-c-r-border s-share-w-c\"><a href=\"http:\/\/www.facebook.com\/sharer.php?u=https:\/\/adfformosa.com.ar\/?p=4566\" target=\"_blank\" title=\"Share to Facebook\" class=\"s3-facebook hint--top\"><\/a><a href=\"http:\/\/twitter.com\/intent\/tweet?text=Marcha Federal sali\u00f3 hoy desde Formosa&url=https:\/\/adfformosa.com.ar\/?p=4566\" target=\"_blank\"  title=\"Share to Twitter\" class=\"s3-twitter hint--top\"><\/a><a href=\"https:\/\/plus.google.com\/share?url=https:\/\/adfformosa.com.ar\/?p=4566\" target=\"_blank\"  title=\"Share to Google Plus\" class=\"s3-google-plus hint--top\"><\/a><a href=\"http:\/\/www.digg.com\/submit?url=https:\/\/adfformosa.com.ar\/?p=4566\" target=\"_blank\"  title=\"Share to Digg\" class=\"s3-digg hint--top\"><\/a><a href=\"http:\/\/www.tumblr.com\/share\/link?url=https%3A%2F%2Fadfformosa.com.ar%2F%3Fp%3D4566&name=Marcha+Federal+sali%C3%B3+hoy+desde+Formosa\" target=\"_blank\" title=\"Share to Tumblr\" class=\"s3-tumblr hint--top\"><\/a><a href=\"mailto:?Subject=Marcha%20Federal%20sali\u00f3%20hoy%20desde%20Formosa&Body=Here%20is%20the%20link%20to%20the%20article:%20https:\/\/adfformosa.com.ar\/?p=4566\" title=\"Email this article\" class=\"s3-email hint--top\"><\/a><\/div><div id=\"attachment_4567\" style=\"width: 610px\" class=\"wp-caption aligncenter\"><img loading=\"lazy\" decoding=\"async\" aria-describedby=\"caption-attachment-4567\" class=\"wp-image-4567 size-full\" src=\"https:\/\/adfformosa.com.ar\/wp-content\/uploads\/2016\/09\/marcha-federal-adf-1-e1474502292766.jpg\" width=\"600\" height=\"400\" \/><p id=\"caption-attachment-4567\" class=\"wp-caption-text\">Frente a la Agremiaci\u00f3n del Docente Formose\u00f1o partida de la columna del NEA \u00abMarcha Federal Docente\u00bb<\/p><\/div>\n<p style=\"text-align: justify;\">La marcha federal est\u00e1 compuesta por las columnas que simult\u00e1neamente comienzan su marcha desde Formosa,Mendoza, Jujuy y Chubut, todas converger\u00e1n el viernes en distintos puntos del conurbano bonaerense para ingresar a Plaza de Mayo donde se realizar\u00e1 un acto contra las pol\u00edticas socioecon\u00f3micas del gobierno de Mauricio Macri.<\/p>\n<p style=\"text-align: justify;\">Esta ma\u00f1ana luego de una conferencia de Prensa en ADF, sali\u00f3 la columna del NEA de la que formamos parte junto a las provincias de Chaco,Santa F\u00e9,Corrientes,Misiones y Entre R\u00edos.<\/p>\n<p style=\"text-align: justify;\">Desde la provincia del Chaco acompa\u00f1a la movilizaci\u00f3n el Secretario General de UTRE-CTERA Carlos Cuevas;Jos\u00e9 Testoni,Secretario General de la CTA Santa F\u00e9 y Sec.Adjunto de AMSAFE CTERA; la CTA Fsa con el Diputado Rub\u00e9n Ch\u00e1vez y Luis Branchi de ADF.<\/p>\n<p style=\"text-align: justify;\">Esta tarde estar\u00e1n encontr\u00e1ndose con los compa\u00f1eros de las provincias de Corrientes y Misiones en un acto a las 18 horas en Corrientes capital y seguir\u00e1n hasta Paran\u00e1.<\/p>\n<p style=\"text-align: justify;\">Ma\u00f1ana jueves estar\u00e1n en Santa F\u00e9 a las 9 de la ma\u00f1ana donde tambi\u00e9n est\u00e1 previsto realizar un acto para seguir luego hasta Rosario donde aproximadamente a las 18 horas se encontrar\u00e1n con la columna que llega del NOA( Salta-JUjuy-Tucum\u00e1n y Sgo del Estero).<\/p>\n<p style=\"text-align: justify;\">Desde all\u00ed partir\u00e1n a Buenos Aires para llegar el d\u00eda viernes y reunirse todas las columnas en Plaza de Mayo.<\/p>\n<p style=\"text-align: justify;\">El 2 de septiembre paro nacional docente, en Formosa sin movilizaci\u00f3n y sin asistencia a los lugares de trabajo.<\/p>\n<p><strong>Galer\u00eda de Fotos<\/strong><\/p>\n<p><img loading=\"lazy\" decoding=\"async\" class=\"aligncenter wp-image-4568 size-medium\" src=\"https:\/\/adfformosa.com.ar\/wp-content\/uploads\/2016\/09\/marcha-federal-adf-2-300x200.jpg\" width=\"300\" height=\"200\" srcset=\"https:\/\/adfformosa.com.ar\/wp-content\/uploads\/2016\/09\/marcha-federal-adf-2-300x200.jpg 300w, https:\/\/adfformosa.com.ar\/wp-content\/uploads\/2016\/09\/marcha-federal-adf-2-768x512.jpg 768w, https:\/\/adfformosa.com.ar\/wp-content\/uploads\/2016\/09\/marcha-federal-adf-2.jpg 960w\" sizes=\"auto, (max-width: 300px) 100vw, 300px\" \/><\/p>\n<p><img loading=\"lazy\" decoding=\"async\" class=\"wp-image-4569 size-medium aligncenter\" src=\"https:\/\/adfformosa.com.ar\/wp-content\/uploads\/2016\/09\/marcha-federal-adf-3-300x200.jpg\" width=\"300\" height=\"200\" srcset=\"https:\/\/adfformosa.com.ar\/wp-content\/uploads\/2016\/09\/marcha-federal-adf-3-300x200.jpg 300w, https:\/\/adfformosa.com.ar\/wp-content\/uploads\/2016\/09\/marcha-federal-adf-3-768x512.jpg 768w, https:\/\/adfformosa.com.ar\/wp-content\/uploads\/2016\/09\/marcha-federal-adf-3.jpg 960w\" sizes=\"auto, (max-width: 300px) 100vw, 300px\" \/><\/p>\n<p><img loading=\"lazy\" decoding=\"async\" class=\"wp-image-4570 size-medium aligncenter\" src=\"https:\/\/adfformosa.com.ar\/wp-content\/uploads\/2016\/09\/marcha-federal-adf-4-300x200.jpg\" width=\"300\" height=\"200\" srcset=\"https:\/\/adfformosa.com.ar\/wp-content\/uploads\/2016\/09\/marcha-federal-adf-4-300x200.jpg 300w, https:\/\/adfformosa.com.ar\/wp-content\/uploads\/2016\/09\/marcha-federal-adf-4-768x512.jpg 768w, https:\/\/adfformosa.com.ar\/wp-content\/uploads\/2016\/09\/marcha-federal-adf-4.jpg 960w\" sizes=\"auto, (max-width: 300px) 100vw, 300px\" \/><\/p>\n","protected":false},"excerpt":{"rendered":"<p>La marcha federal est\u00e1 compuesta por las columnas que simult\u00e1neamente comienzan su marcha desde Formosa,Mendoza, Jujuy y Chubut, todas converger\u00e1n el viernes en distintos puntos del conurbano bonaerense para ingresar&#8230; <span class=\"meta-more\"><a href=\"https:\/\/adfformosa.com.ar\/?p=4566\">Leer mas &raquo;<\/a><\/span><\/p>\n","protected":false},"author":3,"featured_media":4567,"comment_status":"open","ping_status":"closed","sticky":false,"template":"","format":"standard","meta":{"footnotes":""},"categories":[2],"tags":[],"class_list":["post-4566","post","type-post","status-publish","format-standard","has-post-thumbnail","hentry","category-prensa-adf","even alt"],"_links":{"self":[{"href":"https:\/\/adfformosa.com.ar\/index.php?rest_route=\/wp\/v2\/posts\/4566","targetHints":{"allow":["GET"]}}],"collection":[{"href":"https:\/\/adfformosa.com.ar\/index.php?rest_route=\/wp\/v2\/posts"}],"about":[{"href":"https:\/\/adfformosa.com.ar\/index.php?rest_route=\/wp\/v2\/types\/post"}],"author":[{"embeddable":true,"href":"https:\/\/adfformosa.com.ar\/index.php?rest_route=\/wp\/v2\/users\/3"}],"replies":[{"embeddable":true,"href":"https:\/\/adfformosa.com.ar\/index.php?rest_route=%2Fwp%2Fv2%2Fcomments&post=4566"}],"version-history":[{"count":2,"href":"https:\/\/adfformosa.com.ar\/index.php?rest_route=\/wp\/v2\/posts\/4566\/revisions"}],"predecessor-version":[{"id":4653,"href":"https:\/\/adfformosa.com.ar\/index.php?rest_route=\/wp\/v2\/posts\/4566\/revisions\/4653"}],"wp:featuredmedia":[{"embeddable":true,"href":"https:\/\/adfformosa.com.ar\/index.php?rest_route=\/wp\/v2\/media\/4567"}],"wp:attachment":[{"href":"https:\/\/adfformosa.com.ar\/index.php?rest_route=%2Fwp%2Fv2%2Fmedia&parent=4566"}],"wp:term":[{"taxonomy":"category","embeddable":true,"href":"https:\/\/adfformosa.com.ar\/index.php?rest_route=%2Fwp%2Fv2%2Fcategories&post=4566"},{"taxonomy":"post_tag","embeddable":true,"href":"https:\/\/adfformosa.com.ar\/index.php?rest_route=%2Fwp%2Fv2%2Ftags&post=4566"}],"curies":[{"name":"wp","href":"https:\/\/api.w.org\/{rel}","templated":true}]}}