{"id":4561,"date":"2016-08-30T20:41:40","date_gmt":"2016-08-30T23:41:40","guid":{"rendered":"http:\/\/adfformosa.com.ar\/?p=4561"},"modified":"2016-11-15T09:50:45","modified_gmt":"2016-11-15T12:50:45","slug":"el-senado-de-la-nacion-otorgo-el-premio-evita-companera-a-mora-pared","status":"publish","type":"post","link":"https:\/\/adfformosa.com.ar\/?p=4561","title":{"rendered":"El Senado de la Naci\u00f3n otorg\u00f3 el Premio Evita Compa\u00f1era a Mora Pared"},"content":{"rendered":"<div id=\"s-share-buttons\" class=\"horizontal-w-c-r-border s-share-w-c\"><a href=\"http:\/\/www.facebook.com\/sharer.php?u=https:\/\/adfformosa.com.ar\/?p=4561\" target=\"_blank\" title=\"Share to Facebook\" class=\"s3-facebook hint--top\"><\/a><a href=\"http:\/\/twitter.com\/intent\/tweet?text=El Senado de la Naci\u00f3n otorg\u00f3 el Premio Evita Compa\u00f1era a Mora Pared&url=https:\/\/adfformosa.com.ar\/?p=4561\" target=\"_blank\"  title=\"Share to Twitter\" class=\"s3-twitter hint--top\"><\/a><a href=\"https:\/\/plus.google.com\/share?url=https:\/\/adfformosa.com.ar\/?p=4561\" target=\"_blank\"  title=\"Share to Google Plus\" class=\"s3-google-plus hint--top\"><\/a><a href=\"http:\/\/www.digg.com\/submit?url=https:\/\/adfformosa.com.ar\/?p=4561\" target=\"_blank\"  title=\"Share to Digg\" class=\"s3-digg hint--top\"><\/a><a href=\"http:\/\/www.tumblr.com\/share\/link?url=https%3A%2F%2Fadfformosa.com.ar%2F%3Fp%3D4561&name=El+Senado+de+la+Naci%C3%B3n+otorg%C3%B3+el+Premio+Evita+Compa%C3%B1era+a+Mora+Pared\" target=\"_blank\" title=\"Share to Tumblr\" class=\"s3-tumblr hint--top\"><\/a><a href=\"mailto:?Subject=El%20Senado%20de%20la%20Naci\u00f3n%20otorg\u00f3%20el%20Premio%20Evita%20Compa\u00f1era%20a%20Mora%20Pared&Body=Here%20is%20the%20link%20to%20the%20article:%20https:\/\/adfformosa.com.ar\/?p=4561\" title=\"Email this article\" class=\"s3-email hint--top\"><\/a><\/div><p style=\"text-align: justify;\"><span style=\"color: #800080;\"><strong>CTERA felicita a la compa\u00f1era Mora Pared,Dirigente de UTRE-CTERA CHACO \u00a0por la distinci\u00f3n y tuvo el honor de acompa\u00f1ar a nuestra querida compa\u00f1era Mora Pared, Sec. General de CTA Chaco y miembro de UTRE &#8211; entidad de base de CTERA en Chaco &#8211; y de la Junta Ejecutiva de CTERA.<\/strong><\/span><\/p>\n<div id=\"attachment_4562\" style=\"width: 610px\" class=\"wp-caption aligncenter\"><img loading=\"lazy\" decoding=\"async\" aria-describedby=\"caption-attachment-4562\" class=\"wp-image-4562 size-full\" src=\"https:\/\/adfformosa.com.ar\/wp-content\/uploads\/2016\/09\/mora-pared-e1474501649227.jpg\" width=\"600\" height=\"400\" \/><p id=\"caption-attachment-4562\" class=\"wp-caption-text\">Mora Pared distinguida por el Senado de la Naci\u00f3n- Utre CTERA -Chaco.<\/p><\/div>\n<p style=\"text-align: justify;\">La ceremonia de entrega de los premios \u201cEvita Compa\u00f1era\u201d se llev\u00f3 a cabo\u00a0 en el sal\u00f3n Azul de la C\u00e1mara Alta. Fueron reconocidas mujeres destacadas de 17 provincias.<\/p>\n<p style=\"text-align: justify;\">La militante social, docente y gremialista Mora Pared, fue postulada por la senadora por el Chaco, Mar\u00eda In\u00e9s Pilatti Vergara, en homenaje a su lucha, trabajo y compromiso inclaudicable en las aulas, y en las calles tambi\u00e9n.<\/p>\n<p style=\"text-align: justify;\">En este sentido el titular del Comit\u00e9 de Prevenci\u00f3n de la Tortura de Chaco, Mario Bosch, le dedic\u00f3 las siguientes palabras: \u201cCuando hablamos de lucha, hablamos de luchadoras y luchadores, cuando de alguien s\u00f3lo decimos el nombre es porque no hace falta decir m\u00e1s. Cuando, hablando de lucha decimos \u201cMora\u201d, decimos \u201clucha\u201d en nombre propio, no hace falta aclarar el apellido. En el d\u00eda del homenaje a la lucha en nombre propio, de alguien que no necesita presentaciones ni discursos es un honor como compa\u00f1ero y comprovinciano poder estar y decir: Mora, sin necesidad de apellidos, sos un orgullo para el Chaco y para los que te habitamos\u201d.<\/p>\n<p style=\"text-align: justify;\">El premio es un reconocimiento instituido por ley en el a\u00f1o 2012, por iniciativa de la agrupaci\u00f3n Evita Compa\u00f1era del Honorable Senado de la Naci\u00f3n. Tiene como finalidad reconocer anualmente a una mujer de cada\u00a0 provincia que por su\u00a0 labor y su compromiso comunitario hayan representado el ideario de Mar\u00eda Eva Duarte de Per\u00f3n como s\u00edmbolo de esfuerzo y solidaridad.<\/p>\n<h3 style=\"text-align: center;\"><span style=\"text-decoration: underline; color: #800080;\"><strong>SU LABOR<\/strong><\/span><\/h3>\n<p style=\"text-align: justify;\">Mora es militante social, docente y gremialista. Integr\u00f3 muchos a\u00f1os la Asamblea Permanente por los Derechos Humanos, y en los a\u00f1os 70 fue integrante de organismos de Derechos Humanos APDH- Familiares de Presos Pol\u00edticos. En los a\u00f1os 80, Mora fue Congresal de la formaci\u00f3n de la primera Federaci\u00f3n de Trabajadores de la Educaci\u00f3n-FETECH, junto al fallecido Alfredo Bravo. Adem\u00e1s, se la reconoce por haber participado de la hist\u00f3rica Marcha Blanca, y en los a\u00f1os 90 ser ayunante, junto a docentes de todo el pa\u00eds, en los mil tres d\u00edas de la emblem\u00e1tica Carpa Blanca. Mora ocup\u00f3 distintas Secretar\u00edas en gremios docentes provinciales. En el a\u00f1o 2000, fue integrante del Foro por la Justicia Independiente. Fue adem\u00e1s Secretaria General de UTRE-CTERA, participante y disertante en distintos Congresos Provinciales, Nacionales, e Internacionales y miembro del Movimiento Pedag\u00f3gico Latinoamericano y del Caribe. Actualmente, ella integra la junta ejecutiva del gremio nacional CTERA-que es parte de la IES-Internacional de la Educaci\u00f3n y es secretaria general de CTA-Chaco.<\/p>\n<p style=\"text-align: justify;\"><img loading=\"lazy\" decoding=\"async\" class=\"wp-image-4563 size-full aligncenter\" src=\"https:\/\/adfformosa.com.ar\/wp-content\/uploads\/2016\/09\/mora-pared-2-e1474501763145.jpg\" width=\"600\" height=\"328\" \/><\/p>\n","protected":false},"excerpt":{"rendered":"<p>CTERA felicita a la compa\u00f1era Mora Pared,Dirigente de UTRE-CTERA CHACO \u00a0por la distinci\u00f3n y tuvo el honor de acompa\u00f1ar a nuestra querida compa\u00f1era Mora Pared, Sec. General de CTA Chaco&#8230; <span class=\"meta-more\"><a href=\"https:\/\/adfformosa.com.ar\/?p=4561\">Leer mas &raquo;<\/a><\/span><\/p>\n","protected":false},"author":3,"featured_media":4563,"comment_status":"open","ping_status":"closed","sticky":false,"template":"","format":"standard","meta":{"footnotes":""},"categories":[2],"tags":[],"class_list":["post-4561","post","type-post","status-publish","format-standard","has-post-thumbnail","hentry","category-prensa-adf","even alt"],"_links":{"self":[{"href":"https:\/\/adfformosa.com.ar\/index.php?rest_route=\/wp\/v2\/posts\/4561","targetHints":{"allow":["GET"]}}],"collection":[{"href":"https:\/\/adfformosa.com.ar\/index.php?rest_route=\/wp\/v2\/posts"}],"about":[{"href":"https:\/\/adfformosa.com.ar\/index.php?rest_route=\/wp\/v2\/types\/post"}],"author":[{"embeddable":true,"href":"https:\/\/adfformosa.com.ar\/index.php?rest_route=\/wp\/v2\/users\/3"}],"replies":[{"embeddable":true,"href":"https:\/\/adfformosa.com.ar\/index.php?rest_route=%2Fwp%2Fv2%2Fcomments&post=4561"}],"version-history":[{"count":2,"href":"https:\/\/adfformosa.com.ar\/index.php?rest_route=\/wp\/v2\/posts\/4561\/revisions"}],"predecessor-version":[{"id":4654,"href":"https:\/\/adfformosa.com.ar\/index.php?rest_route=\/wp\/v2\/posts\/4561\/revisions\/4654"}],"wp:featuredmedia":[{"embeddable":true,"href":"https:\/\/adfformosa.com.ar\/index.php?rest_route=\/wp\/v2\/media\/4563"}],"wp:attachment":[{"href":"https:\/\/adfformosa.com.ar\/index.php?rest_route=%2Fwp%2Fv2%2Fmedia&parent=4561"}],"wp:term":[{"taxonomy":"category","embeddable":true,"href":"https:\/\/adfformosa.com.ar\/index.php?rest_route=%2Fwp%2Fv2%2Fcategories&post=4561"},{"taxonomy":"post_tag","embeddable":true,"href":"https:\/\/adfformosa.com.ar\/index.php?rest_route=%2Fwp%2Fv2%2Ftags&post=4561"}],"curies":[{"name":"wp","href":"https:\/\/api.w.org\/{rel}","templated":true}]}}