{"id":4554,"date":"2016-09-01T14:22:10","date_gmt":"2016-09-01T17:22:10","guid":{"rendered":"http:\/\/adfformosa.com.ar\/?p=4554"},"modified":"2016-11-15T09:49:25","modified_gmt":"2016-11-15T12:49:25","slug":"adf-adhiere-al-paro-nacional-de-manana-convocado-por-la-ctera","status":"publish","type":"post","link":"https:\/\/adfformosa.com.ar\/?p=4554","title":{"rendered":"ADF adhiere al paro nacional de ma\u00f1ana convocado por la CTERA"},"content":{"rendered":"<div id=\"s-share-buttons\" class=\"horizontal-w-c-r-border s-share-w-c\"><a href=\"http:\/\/www.facebook.com\/sharer.php?u=https:\/\/adfformosa.com.ar\/?p=4554\" target=\"_blank\" title=\"Share to Facebook\" class=\"s3-facebook hint--top\"><\/a><a href=\"http:\/\/twitter.com\/intent\/tweet?text=ADF adhiere al paro nacional de ma\u00f1ana convocado por la CTERA&url=https:\/\/adfformosa.com.ar\/?p=4554\" target=\"_blank\"  title=\"Share to Twitter\" class=\"s3-twitter hint--top\"><\/a><a href=\"https:\/\/plus.google.com\/share?url=https:\/\/adfformosa.com.ar\/?p=4554\" target=\"_blank\"  title=\"Share to Google Plus\" class=\"s3-google-plus hint--top\"><\/a><a href=\"http:\/\/www.digg.com\/submit?url=https:\/\/adfformosa.com.ar\/?p=4554\" target=\"_blank\"  title=\"Share to Digg\" class=\"s3-digg hint--top\"><\/a><a href=\"http:\/\/www.tumblr.com\/share\/link?url=https%3A%2F%2Fadfformosa.com.ar%2F%3Fp%3D4554&name=ADF+adhiere+al+paro+nacional+de+ma%C3%B1ana+convocado+por+la+CTERA\" target=\"_blank\" title=\"Share to Tumblr\" class=\"s3-tumblr hint--top\"><\/a><a href=\"mailto:?Subject=ADF%20adhiere%20al%20paro%20nacional%20de%20ma\u00f1ana%20convocado%20por%20la%20CTERA&Body=Here%20is%20the%20link%20to%20the%20article:%20https:\/\/adfformosa.com.ar\/?p=4554\" title=\"Email this article\" class=\"s3-email hint--top\"><\/a><\/div><p style=\"text-align: justify;\"><img loading=\"lazy\" decoding=\"async\" class=\"wp-image-4555 size-full aligncenter\" src=\"https:\/\/adfformosa.com.ar\/wp-content\/uploads\/2016\/09\/14064029_1770102656546957_6106979850263991020_n-e1472750499640.jpg\" alt=\"#ParoDocente #Formosa\" width=\"600\" height=\"589\" \/><\/p>\n<p style=\"text-align: justify;\">La Agremiaci\u00f3n del Docente Formose\u00f1o convoca a los docentes de los distintos niveles y modalidades a sumarse al paro nacional de ma\u00f1ana 2 de septiembre.<\/p>\n<p style=\"text-align: justify;\">Los docentes paramos:<br \/>\n\uf0fc Por la reapertura de las Paritarias.<br \/>\n\uf0fc NO al impuesto a las ganancias<br \/>\n\uf0fc Por la continuidad de los Planes Nacionales Socioeducativos en las provincias<br \/>\n\uf0fc Por escuelas dignas<br \/>\n\uf0fc Por el 10% del PBI para Educaci\u00f3n<br \/>\n\uf0fc Contra el ajuste, los tarifazos y despidos<br \/>\n\uf0fc Por justicia completa por Carlos Fuente Alba<br \/>\n\u00a1Porque el plan de ajuste del gobierno nacional afecta a las aulas!<br \/>\nPorque los despidos en educaci\u00f3n repercuten directamente en los recursos humanos necesarios para una buena educaci\u00f3n.<br \/>\nPorque gobernar es dar trabajo, NO quitarlo.<br \/>\n\u00a1Hagamos efectiva esta medida! Apoyemos a los compa\u00f1eros que con la marcha federal llevan el reclamo a nivel nacional.<\/p>\n<h4 style=\"text-align: justify;\"><strong>Junta Directiva de ADF<\/strong><\/h4>\n<p style=\"text-align: justify;\">Silvia Mendoza-Prensa ADF<br \/>\n1 Septiembre de 2016.<\/p>\n","protected":false},"excerpt":{"rendered":"<p>La Agremiaci\u00f3n del Docente Formose\u00f1o convoca a los docentes de los distintos niveles y modalidades a sumarse al paro nacional de ma\u00f1ana 2 de septiembre. Los docentes paramos: \uf0fc Por&#8230; <span class=\"meta-more\"><a href=\"https:\/\/adfformosa.com.ar\/?p=4554\">Leer mas &raquo;<\/a><\/span><\/p>\n","protected":false},"author":3,"featured_media":4555,"comment_status":"open","ping_status":"closed","sticky":false,"template":"","format":"standard","meta":{"footnotes":""},"categories":[2],"tags":[],"class_list":["post-4554","post","type-post","status-publish","format-standard","has-post-thumbnail","hentry","category-prensa-adf","even alt"],"_links":{"self":[{"href":"https:\/\/adfformosa.com.ar\/index.php?rest_route=\/wp\/v2\/posts\/4554","targetHints":{"allow":["GET"]}}],"collection":[{"href":"https:\/\/adfformosa.com.ar\/index.php?rest_route=\/wp\/v2\/posts"}],"about":[{"href":"https:\/\/adfformosa.com.ar\/index.php?rest_route=\/wp\/v2\/types\/post"}],"author":[{"embeddable":true,"href":"https:\/\/adfformosa.com.ar\/index.php?rest_route=\/wp\/v2\/users\/3"}],"replies":[{"embeddable":true,"href":"https:\/\/adfformosa.com.ar\/index.php?rest_route=%2Fwp%2Fv2%2Fcomments&post=4554"}],"version-history":[{"count":2,"href":"https:\/\/adfformosa.com.ar\/index.php?rest_route=\/wp\/v2\/posts\/4554\/revisions"}],"predecessor-version":[{"id":4651,"href":"https:\/\/adfformosa.com.ar\/index.php?rest_route=\/wp\/v2\/posts\/4554\/revisions\/4651"}],"wp:featuredmedia":[{"embeddable":true,"href":"https:\/\/adfformosa.com.ar\/index.php?rest_route=\/wp\/v2\/media\/4555"}],"wp:attachment":[{"href":"https:\/\/adfformosa.com.ar\/index.php?rest_route=%2Fwp%2Fv2%2Fmedia&parent=4554"}],"wp:term":[{"taxonomy":"category","embeddable":true,"href":"https:\/\/adfformosa.com.ar\/index.php?rest_route=%2Fwp%2Fv2%2Fcategories&post=4554"},{"taxonomy":"post_tag","embeddable":true,"href":"https:\/\/adfformosa.com.ar\/index.php?rest_route=%2Fwp%2Fv2%2Ftags&post=4554"}],"curies":[{"name":"wp","href":"https:\/\/api.w.org\/{rel}","templated":true}]}}