{"id":4551,"date":"2016-08-29T21:23:03","date_gmt":"2016-08-30T00:23:03","guid":{"rendered":"http:\/\/adfformosa.com.ar\/?p=4551"},"modified":"2016-11-15T09:51:14","modified_gmt":"2016-11-15T12:51:14","slug":"marcha-federal-contra-los-tarifazos-los-despidos-y-el-ajuste","status":"publish","type":"post","link":"https:\/\/adfformosa.com.ar\/?p=4551","title":{"rendered":"Marcha Federal contra los tarifazos, los despidos y el ajuste"},"content":{"rendered":"<div id=\"s-share-buttons\" class=\"horizontal-w-c-r-border s-share-w-c\"><a href=\"http:\/\/www.facebook.com\/sharer.php?u=https:\/\/adfformosa.com.ar\/?p=4551\" target=\"_blank\" title=\"Share to Facebook\" class=\"s3-facebook hint--top\"><\/a><a href=\"http:\/\/twitter.com\/intent\/tweet?text=Marcha Federal contra los tarifazos, los despidos y el ajuste&url=https:\/\/adfformosa.com.ar\/?p=4551\" target=\"_blank\"  title=\"Share to Twitter\" class=\"s3-twitter hint--top\"><\/a><a href=\"https:\/\/plus.google.com\/share?url=https:\/\/adfformosa.com.ar\/?p=4551\" target=\"_blank\"  title=\"Share to Google Plus\" class=\"s3-google-plus hint--top\"><\/a><a href=\"http:\/\/www.digg.com\/submit?url=https:\/\/adfformosa.com.ar\/?p=4551\" target=\"_blank\"  title=\"Share to Digg\" class=\"s3-digg hint--top\"><\/a><a href=\"http:\/\/www.tumblr.com\/share\/link?url=https%3A%2F%2Fadfformosa.com.ar%2F%3Fp%3D4551&name=Marcha+Federal+contra+los+tarifazos%2C+los+despidos+y+el+ajuste\" target=\"_blank\" title=\"Share to Tumblr\" class=\"s3-tumblr hint--top\"><\/a><a href=\"mailto:?Subject=Marcha%20Federal%20contra%20los%20tarifazos,%20los%20despidos%20y%20el%20ajuste&Body=Here%20is%20the%20link%20to%20the%20article:%20https:\/\/adfformosa.com.ar\/?p=4551\" title=\"Email this article\" class=\"s3-email hint--top\"><\/a><\/div><div style=\"text-align: justify;\"><img loading=\"lazy\" decoding=\"async\" class=\"wp-image-4552 size-full aligncenter\" src=\"https:\/\/adfformosa.com.ar\/wp-content\/uploads\/2016\/08\/marcha-federal-2016-e1472516192614.jpg\" width=\"600\" height=\"229\" \/><\/div>\n<div style=\"text-align: justify;\"><\/div>\n<div style=\"text-align: justify;\">El pr\u00f3ximo mi\u00e9rcoles 31 del corriente, \u00a0desde las provincias de Mendoza, Jujuy, Misiones, Formosa y Chubut, se iniciar\u00e1 la Marcha Federal para reclamar contra los tarifazos, los despidos y el ajuste como consignas centrales, a las que se suman las demandas espec\u00edficas de cada sector, como la cultura, la producci\u00f3n, la educaci\u00f3n, la salud, etc.<\/div>\n<div style=\"text-align: justify;\"><\/div>\n<blockquote>\n<div style=\"text-align: justify;\"><strong>El secretario general de la CTA de los Trabajadores, Hugo Yasky, anunci\u00f3 que el monumento a San Mart\u00edn, en Mendoza fue el punto de partida el pasado 17 de agosto de una marcha federal contra los \u201cajustes y tarifazos\u201d que unir\u00e1 distintas provincias y finalizar\u00e1 en la Plaza de Mayo de la Capital Federal.<\/strong><\/div>\n<div style=\"text-align: justify;\"><\/div>\n<div style=\"text-align: justify;\"><strong>Yasky a\u00f1adi\u00f3 que \u201cva a ser una movilizaci\u00f3n que va a exceder los l\u00edmites del sindicalismo porque habr\u00e1 representantes de pymes, peque\u00f1os productores rurales, clubes barriales, movimientos cooperativos y varios gremios de la CGT y de la CTA\u201d. <\/strong><\/div>\n<\/blockquote>\n<div style=\"text-align: justify;\"><\/div>\n<div style=\"text-align: justify;\">La Marcha finalizar\u00e1 el viernes 2 de septiembre con un acto en Plaza de Mayo a las 17:00<\/div>\n<div style=\"text-align: justify;\"><\/div>\n<div style=\"text-align: justify;\">De la marcha participar\u00e1n distintas organizaciones gremiales, sociales, culturales, de la peque\u00f1a y mediana empresa, educativas, cooperativas, entre otras, constituyendo un espacio leg\u00edtimo de confluencia y de unidad de acci\u00f3n denominado \u201cArticulaci\u00f3n Popular\u201d, surgido ante la restauraci\u00f3n neoliberal que lleva adelante el actual gobierno.<\/div>\n<div style=\"text-align: justify;\"><\/div>\n<div style=\"text-align: justify;\">Dos d\u00edas antes del acto central, cinco columnas provenientes de todos los puntos del pa\u00eds marchar\u00e1n hacia la Ciudad de Buenos Aires, realizando en el trayecto actos masivos hasta confluir el viernes 2 de septiembre en la Plaza de Mayo.<\/div>\n<div style=\"text-align: justify;\"><\/div>\n<div>\n<div style=\"text-align: justify;\"><strong><span style=\"text-decoration: underline;\">COLUMNAS:<\/span><\/strong><\/div>\n<div style=\"text-align: justify;\"><\/div>\n<div style=\"text-align: justify;\"><span style=\"text-decoration: underline;\"><strong>Columna NOA:<\/strong><\/span> desde Jujuy. 1710 km hasta Plaza de Mayo. Integrada por compa\u00f1eros de: Jujuy, Salta, Tucum\u00e1n, Santiago del Estero, C\u00f3rdoba.<\/div>\n<div style=\"text-align: justify;\"><\/div>\n<div style=\"text-align: justify;\"><span style=\"text-decoration: underline;\"><strong>Columna NEA:<\/strong> <\/span>desde Formosa y Posadas. 1640 km hasta Plaza de Mayo. Integrada por compa\u00f1eros de: Formosa, Chaco, Santa Fe, Corrientes, Entre R\u00edos.<\/div>\n<div style=\"text-align: justify;\"><\/div>\n<div style=\"text-align: justify;\"><span style=\"text-decoration: underline;\"><strong>Columna CUYO:<\/strong><\/span> desde Cerro de la Gloria, Mendoza. 1430 km hasta Plaza de Mayo. Integrada por compa\u00f1eros de: Mendoza, La Rioja, San Juan, San Luis.<\/div>\n<div style=\"text-align: justify;\"><\/div>\n<div style=\"text-align: justify;\"><span style=\"text-decoration: underline;\"><strong>Columna SUR Oeste (Cordillera)<\/strong><\/span>: desde Esquel. 1814 km hasta Plaza de Mayo. Integrada por compa\u00f1eros de: Chubut, Neuqu\u00e9n, La Pampa, distritos de la Pcia. de Buenos Aires.<\/div>\n<div style=\"text-align: justify;\"><span style=\"text-decoration: underline;\"><strong>\u00a0<\/strong><\/span><\/div>\n<div style=\"text-align: justify;\"><span style=\"text-decoration: underline;\"><strong>Columna SUR Este (Costa):<\/strong><\/span> desde Rawson. 1725 hasta Plaza de Mayo. Integrada por compa\u00f1eros de las ciudades de Rawson, Viedma, Bah\u00eda Blanca, Tres Arroyos, Mar del Plata.<\/div>\n<div style=\"text-align: justify;\"><\/div>\n<div style=\"text-align: justify;\"><span style=\"text-decoration: underline;\"><strong>RECORRIDO POR CONUBANO Y CAPITAL FEDERAL:<\/strong><\/span><\/div>\n<div style=\"text-align: justify;\"><\/div>\n<div style=\"text-align: justify;\">Las columnas de NOA, NEA y CUYO a las que se suman los distritos de la provincia de Buenos Aires de la primera secci\u00f3n electoral, realizan un acto en La Matanza. Concluido el mismo, parten hacia Plaza Once donde se encolumna la marcha para comenzar a caminar hacia Plaza de Mayo.<\/div>\n<div style=\"text-align: justify;\"><\/div>\n<div style=\"text-align: justify;\">Las columnas SUR CORDILLERA, SUR COSTA, SEGUNDA, TERCERA, CUARTA, QUINTA, SEXTA, S\u00c9PTIMA Y OCTAVA secciones electorales de Pcia. de Buenos Aires se concentran en Plaza Avellaneda, de la ciudad de Avellaneda, para marchar hacia Plaza de Mayo.<\/div>\n<div style=\"text-align: justify;\"><\/div>\n<div style=\"text-align: justify;\">Punto de encuentro de las dos columnas: Avenida de Mayo y 9 de Julio para marchar hacia Plaza de Mayo.<\/div>\n<div><\/div>\n<\/div>\n","protected":false},"excerpt":{"rendered":"<p>El pr\u00f3ximo mi\u00e9rcoles 31 del corriente, \u00a0desde las provincias de Mendoza, Jujuy, Misiones, Formosa y Chubut, se iniciar\u00e1 la Marcha Federal para reclamar contra los tarifazos, los despidos y el&#8230; <span class=\"meta-more\"><a href=\"https:\/\/adfformosa.com.ar\/?p=4551\">Leer mas &raquo;<\/a><\/span><\/p>\n","protected":false},"author":3,"featured_media":4552,"comment_status":"open","ping_status":"closed","sticky":false,"template":"","format":"standard","meta":{"footnotes":""},"categories":[2],"tags":[],"class_list":["post-4551","post","type-post","status-publish","format-standard","has-post-thumbnail","hentry","category-prensa-adf","even alt"],"_links":{"self":[{"href":"https:\/\/adfformosa.com.ar\/index.php?rest_route=\/wp\/v2\/posts\/4551","targetHints":{"allow":["GET"]}}],"collection":[{"href":"https:\/\/adfformosa.com.ar\/index.php?rest_route=\/wp\/v2\/posts"}],"about":[{"href":"https:\/\/adfformosa.com.ar\/index.php?rest_route=\/wp\/v2\/types\/post"}],"author":[{"embeddable":true,"href":"https:\/\/adfformosa.com.ar\/index.php?rest_route=\/wp\/v2\/users\/3"}],"replies":[{"embeddable":true,"href":"https:\/\/adfformosa.com.ar\/index.php?rest_route=%2Fwp%2Fv2%2Fcomments&post=4551"}],"version-history":[{"count":2,"href":"https:\/\/adfformosa.com.ar\/index.php?rest_route=\/wp\/v2\/posts\/4551\/revisions"}],"predecessor-version":[{"id":4655,"href":"https:\/\/adfformosa.com.ar\/index.php?rest_route=\/wp\/v2\/posts\/4551\/revisions\/4655"}],"wp:featuredmedia":[{"embeddable":true,"href":"https:\/\/adfformosa.com.ar\/index.php?rest_route=\/wp\/v2\/media\/4552"}],"wp:attachment":[{"href":"https:\/\/adfformosa.com.ar\/index.php?rest_route=%2Fwp%2Fv2%2Fmedia&parent=4551"}],"wp:term":[{"taxonomy":"category","embeddable":true,"href":"https:\/\/adfformosa.com.ar\/index.php?rest_route=%2Fwp%2Fv2%2Fcategories&post=4551"},{"taxonomy":"post_tag","embeddable":true,"href":"https:\/\/adfformosa.com.ar\/index.php?rest_route=%2Fwp%2Fv2%2Ftags&post=4551"}],"curies":[{"name":"wp","href":"https:\/\/api.w.org\/{rel}","templated":true}]}}