{"id":4546,"date":"2016-08-26T21:06:56","date_gmt":"2016-08-27T00:06:56","guid":{"rendered":"http:\/\/adfformosa.com.ar\/?p=4546"},"modified":"2016-11-15T09:51:57","modified_gmt":"2016-11-15T12:51:57","slug":"caba-docentes-tendran-licencia-por-violencia-de-genero","status":"publish","type":"post","link":"https:\/\/adfformosa.com.ar\/?p=4546","title":{"rendered":"CABA: Docentes tendr\u00e1n licencia por violencia de g\u00e9nero"},"content":{"rendered":"<div id=\"s-share-buttons\" class=\"horizontal-w-c-r-border s-share-w-c\"><a href=\"http:\/\/www.facebook.com\/sharer.php?u=https:\/\/adfformosa.com.ar\/?p=4546\" target=\"_blank\" title=\"Share to Facebook\" class=\"s3-facebook hint--top\"><\/a><a href=\"http:\/\/twitter.com\/intent\/tweet?text=CABA: Docentes tendr\u00e1n licencia por violencia de g\u00e9nero&url=https:\/\/adfformosa.com.ar\/?p=4546\" target=\"_blank\"  title=\"Share to Twitter\" class=\"s3-twitter hint--top\"><\/a><a href=\"https:\/\/plus.google.com\/share?url=https:\/\/adfformosa.com.ar\/?p=4546\" target=\"_blank\"  title=\"Share to Google Plus\" class=\"s3-google-plus hint--top\"><\/a><a href=\"http:\/\/www.digg.com\/submit?url=https:\/\/adfformosa.com.ar\/?p=4546\" target=\"_blank\"  title=\"Share to Digg\" class=\"s3-digg hint--top\"><\/a><a href=\"http:\/\/www.tumblr.com\/share\/link?url=https%3A%2F%2Fadfformosa.com.ar%2F%3Fp%3D4546&name=CABA%3A+Docentes+tendr%C3%A1n+licencia+por+violencia+de+g%C3%A9nero\" target=\"_blank\" title=\"Share to Tumblr\" class=\"s3-tumblr hint--top\"><\/a><a href=\"mailto:?Subject=CABA:%20Docentes%20tendr\u00e1n%20licencia%20por%20violencia%20de%20g\u00e9nero&Body=Here%20is%20the%20link%20to%20the%20article:%20https:\/\/adfformosa.com.ar\/?p=4546\" title=\"Email this article\" class=\"s3-email hint--top\"><\/a><\/div><p><img loading=\"lazy\" decoding=\"async\" class=\"wp-image-4548 size-medium alignleft\" src=\"https:\/\/adfformosa.com.ar\/wp-content\/uploads\/2016\/08\/licencia-por-violencia-de-g\u00e9nero-UTE-300x154.jpg\" width=\"300\" height=\"154\" srcset=\"https:\/\/adfformosa.com.ar\/wp-content\/uploads\/2016\/08\/licencia-por-violencia-de-g\u00e9nero-UTE-300x154.jpg 300w, https:\/\/adfformosa.com.ar\/wp-content\/uploads\/2016\/08\/licencia-por-violencia-de-g\u00e9nero-UTE.jpg 720w\" sizes=\"auto, (max-width: 300px) 100vw, 300px\" \/><\/p>\n<p style=\"text-align: justify;\">As\u00ed reclamaban en el recinto de las Legislatura Porte\u00f1a compa\u00f1eras y compa\u00f1eros de UTE, quienes luego de algunas horas celebraron que por primera vez en el a\u00f1o hubiera un proyecto votado por unanimidad.<\/p>\n<p style=\"text-align: justify;\">La Licencia Especial para la Trabajadora de la Educaci\u00f3n de CABA, es un triunfo de la larga lucha que vienen llevando adelante compa\u00f1eras y compa\u00f1eros de UTE, como parte de la pol\u00edtica<span class=\"text_exposed_show\"> gremial que coloc\u00f3 en agenda esta tem\u00e1tica.<\/span><\/p>\n<p style=\"text-align: justify;\"><span class=\"text_exposed_show\">CTERA acompa\u00f1a esta nueva conquista ,que en contextos dif\u00edciles como el que atraviesa el sector trabajador ,resulta alentador y fortalece para seguir, con la firme convicci\u00f3n de que el camino marcado tendr\u00e1 matices, pero nos encontrar\u00e1 luchando.<\/span><\/p>\n<p style=\"text-align: justify;\"><span class=\"text_exposed_show\">Desde La Secretar\u00eda de G\u00e9nero e Igualdad de Oportunidades de CTERA, se impulsa la incorporaci\u00f3n de esta licencia en las normativas provinciales, entendiendo que es un derecho fundamental para la visibilizaci\u00f3n de este flagelo, la protecci\u00f3n de compa\u00f1eras v\u00edctimas, y para el resguardo laboral de las mismas.<\/span><\/p>\n<p style=\"text-align: justify;\"><span class=\"text_exposed_show\">Fortalecidas por nuestra historia de lucha, reafirmamos el compromiso pol\u00edtico de trabajar para que \u00a0#NiUnaMenos sea una realidad.<\/span><\/p>\n<div class=\"text_exposed_show\">\n<p style=\"text-align: justify;\">Buenos Aires, viernes 26 de agosto de 2016<\/p>\n<p style=\"text-align: justify;\">Alejo Demichelis- Sec. de Prensa<\/p>\n<p style=\"text-align: justify;\"><strong>Estefan\u00eda Aguirre -Secretaria de G\u00e9nero<\/strong><\/p>\n<p style=\"text-align: justify;\"><strong>Sonia Alesso-\u00a0Secretaria General CTERA<\/strong><\/p>\n<\/div>\n<p style=\"text-align: justify;\"><img loading=\"lazy\" decoding=\"async\" class=\"wp-image-4549 size-full aligncenter\" src=\"https:\/\/adfformosa.com.ar\/wp-content\/uploads\/2016\/08\/LICENCIA-POR-VIOLENCIA-ute-uno.jpg\" width=\"480\" height=\"270\" srcset=\"https:\/\/adfformosa.com.ar\/wp-content\/uploads\/2016\/08\/LICENCIA-POR-VIOLENCIA-ute-uno.jpg 480w, https:\/\/adfformosa.com.ar\/wp-content\/uploads\/2016\/08\/LICENCIA-POR-VIOLENCIA-ute-uno-300x169.jpg 300w\" sizes=\"auto, (max-width: 480px) 100vw, 480px\" \/><\/p>\n","protected":false},"excerpt":{"rendered":"<p>As\u00ed reclamaban en el recinto de las Legislatura Porte\u00f1a compa\u00f1eras y compa\u00f1eros de UTE, quienes luego de algunas horas celebraron que por primera vez en el a\u00f1o hubiera un proyecto&#8230; <span class=\"meta-more\"><a href=\"https:\/\/adfformosa.com.ar\/?p=4546\">Leer mas &raquo;<\/a><\/span><\/p>\n","protected":false},"author":3,"featured_media":4549,"comment_status":"open","ping_status":"closed","sticky":false,"template":"","format":"standard","meta":{"footnotes":""},"categories":[2],"tags":[],"class_list":["post-4546","post","type-post","status-publish","format-standard","has-post-thumbnail","hentry","category-prensa-adf","even alt"],"_links":{"self":[{"href":"https:\/\/adfformosa.com.ar\/index.php?rest_route=\/wp\/v2\/posts\/4546","targetHints":{"allow":["GET"]}}],"collection":[{"href":"https:\/\/adfformosa.com.ar\/index.php?rest_route=\/wp\/v2\/posts"}],"about":[{"href":"https:\/\/adfformosa.com.ar\/index.php?rest_route=\/wp\/v2\/types\/post"}],"author":[{"embeddable":true,"href":"https:\/\/adfformosa.com.ar\/index.php?rest_route=\/wp\/v2\/users\/3"}],"replies":[{"embeddable":true,"href":"https:\/\/adfformosa.com.ar\/index.php?rest_route=%2Fwp%2Fv2%2Fcomments&post=4546"}],"version-history":[{"count":3,"href":"https:\/\/adfformosa.com.ar\/index.php?rest_route=\/wp\/v2\/posts\/4546\/revisions"}],"predecessor-version":[{"id":4657,"href":"https:\/\/adfformosa.com.ar\/index.php?rest_route=\/wp\/v2\/posts\/4546\/revisions\/4657"}],"wp:featuredmedia":[{"embeddable":true,"href":"https:\/\/adfformosa.com.ar\/index.php?rest_route=\/wp\/v2\/media\/4549"}],"wp:attachment":[{"href":"https:\/\/adfformosa.com.ar\/index.php?rest_route=%2Fwp%2Fv2%2Fmedia&parent=4546"}],"wp:term":[{"taxonomy":"category","embeddable":true,"href":"https:\/\/adfformosa.com.ar\/index.php?rest_route=%2Fwp%2Fv2%2Fcategories&post=4546"},{"taxonomy":"post_tag","embeddable":true,"href":"https:\/\/adfformosa.com.ar\/index.php?rest_route=%2Fwp%2Fv2%2Ftags&post=4546"}],"curies":[{"name":"wp","href":"https:\/\/api.w.org\/{rel}","templated":true}]}}