{"id":4541,"date":"2016-08-24T21:59:14","date_gmt":"2016-08-25T00:59:14","guid":{"rendered":"http:\/\/adfformosa.com.ar\/?p=4541"},"modified":"2016-08-29T21:03:54","modified_gmt":"2016-08-30T00:03:54","slug":"paro-nacional-tuvo-un-alto-acatamiento-en-formosa","status":"publish","type":"post","link":"https:\/\/adfformosa.com.ar\/?p=4541","title":{"rendered":"Paro nacional tuvo un alto acatamiento en Formosa"},"content":{"rendered":"<div id=\"s-share-buttons\" class=\"horizontal-w-c-r-border s-share-w-c\"><a href=\"http:\/\/www.facebook.com\/sharer.php?u=https:\/\/adfformosa.com.ar\/?p=4541\" target=\"_blank\" title=\"Share to Facebook\" class=\"s3-facebook hint--top\"><\/a><a href=\"http:\/\/twitter.com\/intent\/tweet?text=Paro nacional tuvo un alto acatamiento en Formosa&url=https:\/\/adfformosa.com.ar\/?p=4541\" target=\"_blank\"  title=\"Share to Twitter\" class=\"s3-twitter hint--top\"><\/a><a href=\"https:\/\/plus.google.com\/share?url=https:\/\/adfformosa.com.ar\/?p=4541\" target=\"_blank\"  title=\"Share to Google Plus\" class=\"s3-google-plus hint--top\"><\/a><a href=\"http:\/\/www.digg.com\/submit?url=https:\/\/adfformosa.com.ar\/?p=4541\" target=\"_blank\"  title=\"Share to Digg\" class=\"s3-digg hint--top\"><\/a><a href=\"http:\/\/www.tumblr.com\/share\/link?url=https%3A%2F%2Fadfformosa.com.ar%2F%3Fp%3D4541&name=Paro+nacional+tuvo+un+alto+acatamiento+en+Formosa\" target=\"_blank\" title=\"Share to Tumblr\" class=\"s3-tumblr hint--top\"><\/a><a href=\"mailto:?Subject=Paro%20nacional%20tuvo%20un%20alto%20acatamiento%20en%20Formosa&Body=Here%20is%20the%20link%20to%20the%20article:%20https:\/\/adfformosa.com.ar\/?p=4541\" title=\"Email this article\" class=\"s3-email hint--top\"><\/a><\/div><p style=\"text-align: justify;\"><img loading=\"lazy\" decoding=\"async\" class=\"alignleft wp-image-4543 size-medium\" src=\"https:\/\/adfformosa.com.ar\/wp-content\/uploads\/2016\/08\/paro-del-24-CTERA-300x194.jpg\" width=\"300\" height=\"194\" srcset=\"https:\/\/adfformosa.com.ar\/wp-content\/uploads\/2016\/08\/paro-del-24-CTERA-300x194.jpg 300w, https:\/\/adfformosa.com.ar\/wp-content\/uploads\/2016\/08\/paro-del-24-CTERA.jpg 480w\" sizes=\"auto, (max-width: 300px) 100vw, 300px\" \/><strong>M\u00e1s del 90% de los docentes formose\u00f1os acataron el paro<\/strong><\/p>\n<p style=\"text-align: justify;\">Luis Branchi dijo que \u201cel acatamiento en todos lados est\u00e1 muy alto, va ser absolutamente arriba del 90%, lleg\u00f3 el momento de hacerlo porque no tenemos respuestas a los pedidos que hacemos\u201d.<\/p>\n<p style=\"text-align: justify;\">\u201cNosotros no hacemos movilizaciones en Formosa porque entendemos que el reclamo es central, s\u00ed participamos de la movilizaci\u00f3n que se hace de los cuatro puntos cardinales del pa\u00eds, vamos a marchar a Plaza de Mayo, en Formosa salimos e<span class=\"text_exposed_show\">l 31 de agosto, salimos y nos vamos uniendo con los compa\u00f1eros del pa\u00eds Para lleGar el d\u00eda 2 a plaza de mayo frente a la casa rosada\u201d, coment\u00f3 Branchi y dijo que ir\u00e1n dos o tres colectivos repletos de representantes de la docencia formose\u00f1a.<\/span><\/p>\n<div class=\"text_exposed_show\">\n<p style=\"text-align: justify;\">El gremialista manifest\u00f3 que buscar\u00e1n la contundencia para que el Gobierno Nacional cambie de actitud y de opini\u00f3n, \u201cvamos a intentar que el gobierno revea su marcha y se ocupe de lo que m\u00e1s necesitan\u201d.<\/p>\n<p style=\"text-align: justify;\">Fuente: Radio Formosa<\/p>\n<p style=\"text-align: justify;\"><img loading=\"lazy\" decoding=\"async\" class=\"wp-image-4544 size-full aligncenter\" src=\"https:\/\/adfformosa.com.ar\/wp-content\/uploads\/2016\/08\/conferencia-TRES-GREMIALISTAS-e1472515367946.jpg\" width=\"600\" height=\"400\" \/><\/p>\n<\/div>\n","protected":false},"excerpt":{"rendered":"<p>M\u00e1s del 90% de los docentes formose\u00f1os acataron el paro Luis Branchi dijo que \u201cel acatamiento en todos lados est\u00e1 muy alto, va ser absolutamente arriba del 90%, lleg\u00f3 el&#8230; <span class=\"meta-more\"><a href=\"https:\/\/adfformosa.com.ar\/?p=4541\">Leer mas &raquo;<\/a><\/span><\/p>\n","protected":false},"author":3,"featured_media":4543,"comment_status":"open","ping_status":"closed","sticky":false,"template":"","format":"standard","meta":{"footnotes":""},"categories":[2],"tags":[],"class_list":["post-4541","post","type-post","status-publish","format-standard","has-post-thumbnail","hentry","category-prensa-adf","even alt"],"_links":{"self":[{"href":"https:\/\/adfformosa.com.ar\/index.php?rest_route=\/wp\/v2\/posts\/4541","targetHints":{"allow":["GET"]}}],"collection":[{"href":"https:\/\/adfformosa.com.ar\/index.php?rest_route=\/wp\/v2\/posts"}],"about":[{"href":"https:\/\/adfformosa.com.ar\/index.php?rest_route=\/wp\/v2\/types\/post"}],"author":[{"embeddable":true,"href":"https:\/\/adfformosa.com.ar\/index.php?rest_route=\/wp\/v2\/users\/3"}],"replies":[{"embeddable":true,"href":"https:\/\/adfformosa.com.ar\/index.php?rest_route=%2Fwp%2Fv2%2Fcomments&post=4541"}],"version-history":[{"count":1,"href":"https:\/\/adfformosa.com.ar\/index.php?rest_route=\/wp\/v2\/posts\/4541\/revisions"}],"predecessor-version":[{"id":4545,"href":"https:\/\/adfformosa.com.ar\/index.php?rest_route=\/wp\/v2\/posts\/4541\/revisions\/4545"}],"wp:featuredmedia":[{"embeddable":true,"href":"https:\/\/adfformosa.com.ar\/index.php?rest_route=\/wp\/v2\/media\/4543"}],"wp:attachment":[{"href":"https:\/\/adfformosa.com.ar\/index.php?rest_route=%2Fwp%2Fv2%2Fmedia&parent=4541"}],"wp:term":[{"taxonomy":"category","embeddable":true,"href":"https:\/\/adfformosa.com.ar\/index.php?rest_route=%2Fwp%2Fv2%2Fcategories&post=4541"},{"taxonomy":"post_tag","embeddable":true,"href":"https:\/\/adfformosa.com.ar\/index.php?rest_route=%2Fwp%2Fv2%2Ftags&post=4541"}],"curies":[{"name":"wp","href":"https:\/\/api.w.org\/{rel}","templated":true}]}}