{"id":4536,"date":"2016-08-22T20:43:37","date_gmt":"2016-08-22T23:43:37","guid":{"rendered":"http:\/\/adfformosa.com.ar\/?p=4536"},"modified":"2016-11-15T09:53:20","modified_gmt":"2016-11-15T12:53:20","slug":"gremios-convocan-a-una-conferencia-de-prensa-por-el-paro-del-24","status":"publish","type":"post","link":"https:\/\/adfformosa.com.ar\/?p=4536","title":{"rendered":"Gremios convocan a una conferencia de prensa por el paro del 24"},"content":{"rendered":"<div id=\"s-share-buttons\" class=\"horizontal-w-c-r-border s-share-w-c\"><a href=\"http:\/\/www.facebook.com\/sharer.php?u=https:\/\/adfformosa.com.ar\/?p=4536\" target=\"_blank\" title=\"Share to Facebook\" class=\"s3-facebook hint--top\"><\/a><a href=\"http:\/\/twitter.com\/intent\/tweet?text=Gremios convocan a una conferencia de prensa por el paro del 24&url=https:\/\/adfformosa.com.ar\/?p=4536\" target=\"_blank\"  title=\"Share to Twitter\" class=\"s3-twitter hint--top\"><\/a><a href=\"https:\/\/plus.google.com\/share?url=https:\/\/adfformosa.com.ar\/?p=4536\" target=\"_blank\"  title=\"Share to Google Plus\" class=\"s3-google-plus hint--top\"><\/a><a href=\"http:\/\/www.digg.com\/submit?url=https:\/\/adfformosa.com.ar\/?p=4536\" target=\"_blank\"  title=\"Share to Digg\" class=\"s3-digg hint--top\"><\/a><a href=\"http:\/\/www.tumblr.com\/share\/link?url=https%3A%2F%2Fadfformosa.com.ar%2F%3Fp%3D4536&name=Gremios+convocan+a+una+conferencia+de+prensa+por+el+paro+del+24\" target=\"_blank\" title=\"Share to Tumblr\" class=\"s3-tumblr hint--top\"><\/a><a href=\"mailto:?Subject=Gremios%20convocan%20a%20una%20conferencia%20de%20prensa%20por%20el%20paro%20del%2024&Body=Here%20is%20the%20link%20to%20the%20article:%20https:\/\/adfformosa.com.ar\/?p=4536\" title=\"Email this article\" class=\"s3-email hint--top\"><\/a><\/div><p style=\"text-align: justify;\"><img loading=\"lazy\" decoding=\"async\" class=\"wp-image-4538  alignleft\" src=\"https:\/\/adfformosa.com.ar\/wp-content\/uploads\/2016\/08\/conferencia-prensa-portada-e1472514966928.jpg\" width=\"293\" height=\"195\" \/>Esta tarde tuvo lugar en la sede gremial una conferencia de prensa encabezada por el Secretario General de la Agremiaci\u00f3n del Docente Formose\u00f1o, Luis Branchi.<\/p>\n<p style=\"text-align: justify;\">\u00abLos gremios nos unimos por los motivos que preocupan a todos los docentes como el impuesto a las ganancias;por la inflaci\u00f3n que ya super\u00f3 el porcentaje logrado en paritarias y porque naci\u00f3n firm\u00f3 el acuerdo de mantenerlas abiertas para ajustar salarios si la inflaci\u00f3n superaba el acuerdo y nada de eso se pudo lograr a pesar de haber mantenido reuniones con la patronal\u00bb dijo Branchi al comienzo de la misma.<\/p>\n<p style=\"text-align: justify;\"><img loading=\"lazy\" decoding=\"async\" class=\"wp-image-4539  alignright\" src=\"https:\/\/adfformosa.com.ar\/wp-content\/uploads\/2016\/08\/conferencia-DOS-e1472515041702.jpg\" width=\"257\" height=\"171\" \/>Asegur\u00f3 que \u00abcon las entidades gremiales hermanas los hemos convocado porque queremos dar a conocer, cada una de las entidades ac\u00e1 presentes, la situaci\u00f3n por la cual se est\u00e1 convocando a un paro nacional y la visi\u00f3n que cada uno tenemos de estos ocho meses del gobierno nacional con respecto a las pol\u00edticas implementadas y que impactan negativamente en el trabajador porque no se est\u00e1n cumpliendo\u00bb.<\/p>\n<p style=\"text-align: justify;\">Las entidades presentes referidas por Branchi fueron : UPCN estuvo el Secretario Adjunto -Faustino Duarte acompa\u00f1ado por el Secretario Gremial Lic.Marcelo Castro.<\/p>\n<p style=\"text-align: justify;\">Por UDA particip\u00f3 el Secretario Gral Adjunto Miguel Angel Duarte.<\/p>\n<p style=\"text-align: justify;\">\u00abTambi\u00e9n comparten aunque no est\u00e9n presentes los compa\u00f1eros de la Asociaci\u00f3n Civil Arturo Jauretche y AMET\u00bb indic\u00f3 Branchi.<\/p>\n","protected":false},"excerpt":{"rendered":"<p>Esta tarde tuvo lugar en la sede gremial una conferencia de prensa encabezada por el Secretario General de la Agremiaci\u00f3n del Docente Formose\u00f1o, Luis Branchi. \u00abLos gremios nos unimos por&#8230; <span class=\"meta-more\"><a href=\"https:\/\/adfformosa.com.ar\/?p=4536\">Leer mas &raquo;<\/a><\/span><\/p>\n","protected":false},"author":3,"featured_media":4539,"comment_status":"open","ping_status":"closed","sticky":false,"template":"","format":"standard","meta":{"footnotes":""},"categories":[2],"tags":[],"class_list":["post-4536","post","type-post","status-publish","format-standard","has-post-thumbnail","hentry","category-prensa-adf","even alt"],"_links":{"self":[{"href":"https:\/\/adfformosa.com.ar\/index.php?rest_route=\/wp\/v2\/posts\/4536","targetHints":{"allow":["GET"]}}],"collection":[{"href":"https:\/\/adfformosa.com.ar\/index.php?rest_route=\/wp\/v2\/posts"}],"about":[{"href":"https:\/\/adfformosa.com.ar\/index.php?rest_route=\/wp\/v2\/types\/post"}],"author":[{"embeddable":true,"href":"https:\/\/adfformosa.com.ar\/index.php?rest_route=\/wp\/v2\/users\/3"}],"replies":[{"embeddable":true,"href":"https:\/\/adfformosa.com.ar\/index.php?rest_route=%2Fwp%2Fv2%2Fcomments&post=4536"}],"version-history":[{"count":2,"href":"https:\/\/adfformosa.com.ar\/index.php?rest_route=\/wp\/v2\/posts\/4536\/revisions"}],"predecessor-version":[{"id":4660,"href":"https:\/\/adfformosa.com.ar\/index.php?rest_route=\/wp\/v2\/posts\/4536\/revisions\/4660"}],"wp:featuredmedia":[{"embeddable":true,"href":"https:\/\/adfformosa.com.ar\/index.php?rest_route=\/wp\/v2\/media\/4539"}],"wp:attachment":[{"href":"https:\/\/adfformosa.com.ar\/index.php?rest_route=%2Fwp%2Fv2%2Fmedia&parent=4536"}],"wp:term":[{"taxonomy":"category","embeddable":true,"href":"https:\/\/adfformosa.com.ar\/index.php?rest_route=%2Fwp%2Fv2%2Fcategories&post=4536"},{"taxonomy":"post_tag","embeddable":true,"href":"https:\/\/adfformosa.com.ar\/index.php?rest_route=%2Fwp%2Fv2%2Ftags&post=4536"}],"curies":[{"name":"wp","href":"https:\/\/api.w.org\/{rel}","templated":true}]}}