{"id":4531,"date":"2016-08-25T20:19:12","date_gmt":"2016-08-25T23:19:12","guid":{"rendered":"http:\/\/adfformosa.com.ar\/?p=4531"},"modified":"2016-11-15T09:52:37","modified_gmt":"2016-11-15T12:52:37","slug":"encuentro-con-docentes-de-localidades-del-centro-oeste-formoseno","status":"publish","type":"post","link":"https:\/\/adfformosa.com.ar\/?p=4531","title":{"rendered":"Encuentro con docentes de localidades del centro oeste formose\u00f1o"},"content":{"rendered":"<div id=\"s-share-buttons\" class=\"horizontal-w-c-r-border s-share-w-c\"><a href=\"http:\/\/www.facebook.com\/sharer.php?u=https:\/\/adfformosa.com.ar\/?p=4531\" target=\"_blank\" title=\"Share to Facebook\" class=\"s3-facebook hint--top\"><\/a><a href=\"http:\/\/twitter.com\/intent\/tweet?text=Encuentro con docentes de localidades del centro oeste formose\u00f1o&url=https:\/\/adfformosa.com.ar\/?p=4531\" target=\"_blank\"  title=\"Share to Twitter\" class=\"s3-twitter hint--top\"><\/a><a href=\"https:\/\/plus.google.com\/share?url=https:\/\/adfformosa.com.ar\/?p=4531\" target=\"_blank\"  title=\"Share to Google Plus\" class=\"s3-google-plus hint--top\"><\/a><a href=\"http:\/\/www.digg.com\/submit?url=https:\/\/adfformosa.com.ar\/?p=4531\" target=\"_blank\"  title=\"Share to Digg\" class=\"s3-digg hint--top\"><\/a><a href=\"http:\/\/www.tumblr.com\/share\/link?url=https%3A%2F%2Fadfformosa.com.ar%2F%3Fp%3D4531&name=Encuentro+con+docentes+de+localidades+del+centro+oeste+formose%C3%B1o\" target=\"_blank\" title=\"Share to Tumblr\" class=\"s3-tumblr hint--top\"><\/a><a href=\"mailto:?Subject=Encuentro%20con%20docentes%20de%20localidades%20del%20centro%20oeste%20formose\u00f1o&Body=Here%20is%20the%20link%20to%20the%20article:%20https:\/\/adfformosa.com.ar\/?p=4531\" title=\"Email this article\" class=\"s3-email hint--top\"><\/a><\/div><p style=\"text-align: justify;\"><img loading=\"lazy\" decoding=\"async\" class=\"wp-image-4532 size-full aligncenter\" src=\"https:\/\/adfformosa.com.ar\/wp-content\/uploads\/2016\/08\/rio-muerto-1-e1472512849767.jpg\" width=\"600\" height=\"338\" \/><\/p>\n<p style=\"text-align: justify;\">El Secretario General del gremio ,Luis Branchi acompa\u00f1ado por el Secretario del Interior,Solano Mendoza y las compa\u00f1eras miembros de la Junta Directiva \u00a0Mercede<span class=\"text_exposed_show\">s Galeano y Alicia D\u00edaz, estuvieron visitando las escuelas de las localidades ubicadas en el centro oeste de la provincia.<\/span><\/p>\n<p style=\"text-align: justify;\">En las reuniones con los docentes de \u00a0R\u00edo Muerto; Posta Cambio Zalazar \u00a0y Guadalc\u00e1zar se trataron los siguientes temas:<\/p>\n<ol>\n<li style=\"text-align: justify;\">Ley de Jubilaci\u00f3n 1638 sobre \u00a0\u00abR\u00c9GIMEN ORDINARIO y ESPECIAL DE JUBILACI\u00d3N\u00bb su implicancias;82% m\u00f3vil garantizado; Sin modificaci\u00f3n de los 25 a\u00f1os de servicio sin importar la edad para jubilarse; ejemplos de liquidaci\u00f3n de sueldos para los docentes que decidan jubilarse con la vieja ley y la vigente a partir del 19\/07\/16<\/li>\n<li style=\"text-align: justify;\">Marcha nacional programada para el 2 de septiembre.<\/li>\n<\/ol>\n<p><img loading=\"lazy\" decoding=\"async\" class=\"wp-image-4534 size-medium aligncenter\" src=\"https:\/\/adfformosa.com.ar\/wp-content\/uploads\/2016\/08\/rio-muerto-3-300x169.jpg\" width=\"300\" height=\"169\" srcset=\"https:\/\/adfformosa.com.ar\/wp-content\/uploads\/2016\/08\/rio-muerto-3-300x169.jpg 300w, https:\/\/adfformosa.com.ar\/wp-content\/uploads\/2016\/08\/rio-muerto-3-768x432.jpg 768w, https:\/\/adfformosa.com.ar\/wp-content\/uploads\/2016\/08\/rio-muerto-3.jpg 960w\" sizes=\"auto, (max-width: 300px) 100vw, 300px\" \/><\/p>\n<p><img loading=\"lazy\" decoding=\"async\" class=\"wp-image-4533 size-medium aligncenter\" src=\"https:\/\/adfformosa.com.ar\/wp-content\/uploads\/2016\/08\/rio-muerto-2-300x169.jpg\" width=\"300\" height=\"169\" srcset=\"https:\/\/adfformosa.com.ar\/wp-content\/uploads\/2016\/08\/rio-muerto-2-300x169.jpg 300w, https:\/\/adfformosa.com.ar\/wp-content\/uploads\/2016\/08\/rio-muerto-2-768x432.jpg 768w, https:\/\/adfformosa.com.ar\/wp-content\/uploads\/2016\/08\/rio-muerto-2.jpg 960w\" sizes=\"auto, (max-width: 300px) 100vw, 300px\" \/><\/p>\n","protected":false},"excerpt":{"rendered":"<p>El Secretario General del gremio ,Luis Branchi acompa\u00f1ado por el Secretario del Interior,Solano Mendoza y las compa\u00f1eras miembros de la Junta Directiva \u00a0Mercedes Galeano y Alicia D\u00edaz, estuvieron visitando las&#8230; <span class=\"meta-more\"><a href=\"https:\/\/adfformosa.com.ar\/?p=4531\">Leer mas &raquo;<\/a><\/span><\/p>\n","protected":false},"author":3,"featured_media":4533,"comment_status":"open","ping_status":"closed","sticky":false,"template":"","format":"standard","meta":{"footnotes":""},"categories":[2],"tags":[],"class_list":["post-4531","post","type-post","status-publish","format-standard","has-post-thumbnail","hentry","category-prensa-adf","even alt"],"_links":{"self":[{"href":"https:\/\/adfformosa.com.ar\/index.php?rest_route=\/wp\/v2\/posts\/4531","targetHints":{"allow":["GET"]}}],"collection":[{"href":"https:\/\/adfformosa.com.ar\/index.php?rest_route=\/wp\/v2\/posts"}],"about":[{"href":"https:\/\/adfformosa.com.ar\/index.php?rest_route=\/wp\/v2\/types\/post"}],"author":[{"embeddable":true,"href":"https:\/\/adfformosa.com.ar\/index.php?rest_route=\/wp\/v2\/users\/3"}],"replies":[{"embeddable":true,"href":"https:\/\/adfformosa.com.ar\/index.php?rest_route=%2Fwp%2Fv2%2Fcomments&post=4531"}],"version-history":[{"count":2,"href":"https:\/\/adfformosa.com.ar\/index.php?rest_route=\/wp\/v2\/posts\/4531\/revisions"}],"predecessor-version":[{"id":4659,"href":"https:\/\/adfformosa.com.ar\/index.php?rest_route=\/wp\/v2\/posts\/4531\/revisions\/4659"}],"wp:featuredmedia":[{"embeddable":true,"href":"https:\/\/adfformosa.com.ar\/index.php?rest_route=\/wp\/v2\/media\/4533"}],"wp:attachment":[{"href":"https:\/\/adfformosa.com.ar\/index.php?rest_route=%2Fwp%2Fv2%2Fmedia&parent=4531"}],"wp:term":[{"taxonomy":"category","embeddable":true,"href":"https:\/\/adfformosa.com.ar\/index.php?rest_route=%2Fwp%2Fv2%2Fcategories&post=4531"},{"taxonomy":"post_tag","embeddable":true,"href":"https:\/\/adfformosa.com.ar\/index.php?rest_route=%2Fwp%2Fv2%2Ftags&post=4531"}],"curies":[{"name":"wp","href":"https:\/\/api.w.org\/{rel}","templated":true}]}}