{"id":4527,"date":"2016-08-29T20:18:51","date_gmt":"2016-08-29T23:18:51","guid":{"rendered":"http:\/\/adfformosa.com.ar\/?p=4527"},"modified":"2016-08-29T20:18:51","modified_gmt":"2016-08-29T23:18:51","slug":"nueva-direccion-para-la-oficina-de-auditoria-medica-laboral","status":"publish","type":"post","link":"https:\/\/adfformosa.com.ar\/?p=4527","title":{"rendered":"Nueva direcci\u00f3n para la oficina de \u00abAuditor\u00eda M\u00e9dica Laboral\u00bb"},"content":{"rendered":"<div id=\"s-share-buttons\" class=\"horizontal-w-c-r-border s-share-w-c\"><a href=\"http:\/\/www.facebook.com\/sharer.php?u=https:\/\/adfformosa.com.ar\/?p=4527\" target=\"_blank\" title=\"Share to Facebook\" class=\"s3-facebook hint--top\"><\/a><a href=\"http:\/\/twitter.com\/intent\/tweet?text=Nueva direcci\u00f3n para la oficina de \u00abAuditor\u00eda M\u00e9dica Laboral\u00bb&url=https:\/\/adfformosa.com.ar\/?p=4527\" target=\"_blank\"  title=\"Share to Twitter\" class=\"s3-twitter hint--top\"><\/a><a href=\"https:\/\/plus.google.com\/share?url=https:\/\/adfformosa.com.ar\/?p=4527\" target=\"_blank\"  title=\"Share to Google Plus\" class=\"s3-google-plus hint--top\"><\/a><a href=\"http:\/\/www.digg.com\/submit?url=https:\/\/adfformosa.com.ar\/?p=4527\" target=\"_blank\"  title=\"Share to Digg\" class=\"s3-digg hint--top\"><\/a><a href=\"http:\/\/www.tumblr.com\/share\/link?url=https%3A%2F%2Fadfformosa.com.ar%2F%3Fp%3D4527&name=Nueva+direcci%C3%B3n+para+la+oficina+de+%C2%ABAuditor%C3%ADa+M%C3%A9dica+Laboral%C2%BB\" target=\"_blank\" title=\"Share to Tumblr\" class=\"s3-tumblr hint--top\"><\/a><a href=\"mailto:?Subject=Nueva%20direcci\u00f3n%20para%20la%20oficina%20de%20\u00abAuditor\u00eda%20M\u00e9dica%20Laboral\u00bb&Body=Here%20is%20the%20link%20to%20the%20article:%20https:\/\/adfformosa.com.ar\/?p=4527\" title=\"Email this article\" class=\"s3-email hint--top\"><\/a><\/div><p style=\"text-align: justify;\"><img loading=\"lazy\" decoding=\"async\" class=\"alignleft wp-image-4528 size-medium\" src=\"https:\/\/adfformosa.com.ar\/wp-content\/uploads\/2016\/08\/auditoria-medica-2016-copia-169x300.jpg\" width=\"169\" height=\"300\" srcset=\"https:\/\/adfformosa.com.ar\/wp-content\/uploads\/2016\/08\/auditoria-medica-2016-copia-169x300.jpg 169w, https:\/\/adfformosa.com.ar\/wp-content\/uploads\/2016\/08\/auditoria-medica-2016-copia.jpg 540w\" sizes=\"auto, (max-width: 169px) 100vw, 169px\" \/><\/p>\n<p style=\"text-align: justify;\"><strong>Desde Auditor\u00eda General se inform\u00f3 que hasta el d\u00eda mi\u00e9rcoles 31 de agosto atender\u00e1n en Yrigoyen 2<span class=\"text_exposed_show\">89.<\/span><\/strong><\/p>\n<div class=\"text_exposed_show\">\n<p style=\"text-align: justify;\"><strong>A partir de septiembre la oficina que se ocupa de controlar el ausentismo por razones de salud y que fiscaliza los ex\u00e1menes m\u00e9dicos de los agentes de la administraci\u00f3n p\u00fablica funcionar\u00e1 en el local ubicado en C\u00f3rdoba 1572.<\/strong><\/p>\n<p style=\"text-align: justify;\"><strong>All\u00ed atender\u00e1n reci\u00e9n a partir del d\u00eda 5 de septiembre en los horarios habituales de 7:30 a 12:30 y por la tarde de 16 a 19.<\/strong><\/p>\n<p style=\"text-align: justify;\"><strong>Se inform\u00f3 que por el traslado los d\u00edas 1 y 2 de septiembre no atender\u00e1n al p\u00fablico.<\/strong><\/p>\n<p style=\"text-align: justify;\"><strong>Por ahora todav\u00eda atender\u00e1n consultas en estos n\u00fameros telef\u00f3nicos: Celular: TE 3704-053559 y Fijo: 4436127.<\/strong><\/p>\n<p style=\"text-align: center;\"><strong>Se informar\u00e1 si hay modificaciones en estos n\u00fameros en breve.<\/strong><\/p>\n<\/div>\n","protected":false},"excerpt":{"rendered":"<p>Desde Auditor\u00eda General se inform\u00f3 que hasta el d\u00eda mi\u00e9rcoles 31 de agosto atender\u00e1n en Yrigoyen 289. A partir de septiembre la oficina que se ocupa de controlar el ausentismo&#8230; <span class=\"meta-more\"><a href=\"https:\/\/adfformosa.com.ar\/?p=4527\">Leer mas &raquo;<\/a><\/span><\/p>\n","protected":false},"author":3,"featured_media":4528,"comment_status":"open","ping_status":"closed","sticky":false,"template":"","format":"standard","meta":{"footnotes":""},"categories":[2],"tags":[],"class_list":["post-4527","post","type-post","status-publish","format-standard","has-post-thumbnail","hentry","category-prensa-adf","even alt"],"_links":{"self":[{"href":"https:\/\/adfformosa.com.ar\/index.php?rest_route=\/wp\/v2\/posts\/4527","targetHints":{"allow":["GET"]}}],"collection":[{"href":"https:\/\/adfformosa.com.ar\/index.php?rest_route=\/wp\/v2\/posts"}],"about":[{"href":"https:\/\/adfformosa.com.ar\/index.php?rest_route=\/wp\/v2\/types\/post"}],"author":[{"embeddable":true,"href":"https:\/\/adfformosa.com.ar\/index.php?rest_route=\/wp\/v2\/users\/3"}],"replies":[{"embeddable":true,"href":"https:\/\/adfformosa.com.ar\/index.php?rest_route=%2Fwp%2Fv2%2Fcomments&post=4527"}],"version-history":[{"count":1,"href":"https:\/\/adfformosa.com.ar\/index.php?rest_route=\/wp\/v2\/posts\/4527\/revisions"}],"predecessor-version":[{"id":4529,"href":"https:\/\/adfformosa.com.ar\/index.php?rest_route=\/wp\/v2\/posts\/4527\/revisions\/4529"}],"wp:featuredmedia":[{"embeddable":true,"href":"https:\/\/adfformosa.com.ar\/index.php?rest_route=\/wp\/v2\/media\/4528"}],"wp:attachment":[{"href":"https:\/\/adfformosa.com.ar\/index.php?rest_route=%2Fwp%2Fv2%2Fmedia&parent=4527"}],"wp:term":[{"taxonomy":"category","embeddable":true,"href":"https:\/\/adfformosa.com.ar\/index.php?rest_route=%2Fwp%2Fv2%2Fcategories&post=4527"},{"taxonomy":"post_tag","embeddable":true,"href":"https:\/\/adfformosa.com.ar\/index.php?rest_route=%2Fwp%2Fv2%2Ftags&post=4527"}],"curies":[{"name":"wp","href":"https:\/\/api.w.org\/{rel}","templated":true}]}}