{"id":4523,"date":"2016-08-26T20:05:27","date_gmt":"2016-08-26T23:05:27","guid":{"rendered":"http:\/\/adfformosa.com.ar\/?p=4523"},"modified":"2016-11-15T09:52:12","modified_gmt":"2016-11-15T12:52:12","slug":"resolucion-de-la-asamblea-de-adf","status":"publish","type":"post","link":"https:\/\/adfformosa.com.ar\/?p=4523","title":{"rendered":"Resoluci\u00f3n de la Asamblea de ADF"},"content":{"rendered":"<div id=\"s-share-buttons\" class=\"horizontal-w-c-r-border s-share-w-c\"><a href=\"http:\/\/www.facebook.com\/sharer.php?u=https:\/\/adfformosa.com.ar\/?p=4523\" target=\"_blank\" title=\"Share to Facebook\" class=\"s3-facebook hint--top\"><\/a><a href=\"http:\/\/twitter.com\/intent\/tweet?text=Resoluci\u00f3n de la Asamblea de ADF&url=https:\/\/adfformosa.com.ar\/?p=4523\" target=\"_blank\"  title=\"Share to Twitter\" class=\"s3-twitter hint--top\"><\/a><a href=\"https:\/\/plus.google.com\/share?url=https:\/\/adfformosa.com.ar\/?p=4523\" target=\"_blank\"  title=\"Share to Google Plus\" class=\"s3-google-plus hint--top\"><\/a><a href=\"http:\/\/www.digg.com\/submit?url=https:\/\/adfformosa.com.ar\/?p=4523\" target=\"_blank\"  title=\"Share to Digg\" class=\"s3-digg hint--top\"><\/a><a href=\"http:\/\/www.tumblr.com\/share\/link?url=https%3A%2F%2Fadfformosa.com.ar%2F%3Fp%3D4523&name=Resoluci%C3%B3n+de+la+Asamblea+de+ADF\" target=\"_blank\" title=\"Share to Tumblr\" class=\"s3-tumblr hint--top\"><\/a><a href=\"mailto:?Subject=Resoluci\u00f3n%20de%20la%20Asamblea%20de%20ADF&Body=Here%20is%20the%20link%20to%20the%20article:%20https:\/\/adfformosa.com.ar\/?p=4523\" title=\"Email this article\" class=\"s3-email hint--top\"><\/a><\/div><p style=\"text-align: justify;\"><img loading=\"lazy\" decoding=\"async\" class=\"wp-image-4524 size-full aligncenter\" src=\"https:\/\/adfformosa.com.ar\/wp-content\/uploads\/2016\/08\/DSC_0069-e1472512321484.jpg\" width=\"600\" height=\"400\" \/><\/p>\n<p style=\"text-align: justify;\">La Asamblea General Ordinaria de la Agremiaci\u00f3n del Docente Formose\u00f1o, reunida el d\u00eda viernes 26 de agosto en el sal\u00f3n de eventos del Hotel de Gendarmer\u00eda Nacional, tras el debate con los 172 Delegados Escolares Titulares que representan a gran parte del territorio provincial,resolvi\u00f3 dar mandato a la Junta Directiva para los siguientes puntos:<\/p>\n<p style=\"text-align: justify;\">1) Ratificar la pol\u00edtica de di\u00e1logo y concertaci\u00f3n llevada adelante por la Junta Directiva con el E<span class=\"text_exposed_show\">stado empleador.<\/span><\/p>\n<div class=\"text_exposed_show\">\n<p style=\"text-align: justify;\">2) Solicitar la reapertura de las discusi\u00f3n salarial por incorporaci\u00f3n de sumas fija al b\u00e1sico.<\/p>\n<p style=\"text-align: justify;\">3) Continuar con el reclamo a trav\u00e9s de la CTERA y la CTA por la eliminaci\u00f3n del impuesto a las ganancias para los trabajadores.<\/p>\n<p style=\"text-align: justify;\">4) Solicitar que Auditor\u00eda M\u00e9dica implemente en puntos estrat\u00e9gicos del territorio provincial, centros de atenci\u00f3n para tramitar las licencias docentes.<\/p>\n<p style=\"text-align: justify;\">5) Igual remuneraci\u00f3n, igual trabajo: Continuar trabajando para lograr cambios en el nomenclador docente que permita la equiparaci\u00f3n salarial de los docentes del Nivel Inicial,Primario y de las escuelas especiales con el de Nivel Medio.<\/p>\n<p style=\"text-align: justify;\">6) Reiterar el pedido de designaci\u00f3n de personal de servicios administrativos en las instituciones educativas.<\/p>\n<p style=\"text-align: justify;\">7) Reclamar el pago de planillas complementarias pendientes y celeridad en la entrega de recibos de haberes.<\/p>\n<p style=\"text-align: justify;\">8) Exigir la culminaci\u00f3n del proceso de titularizaci\u00f3n docentes y el respeto de los Derechos del Docente suplente con reserva de cargo o con cargo afectado seg\u00fan lo legislado por los Decretos de Titularizaci\u00f3n y Estabilidad Docente del Poder Ejecutivo Provincial.<\/p>\n<p style=\"text-align: justify;\">9) Solicitar celeridad en la firma de los Decretos de baja.<\/p>\n<p style=\"text-align: justify;\">10) Reclamar el pago de la Capacitaci\u00f3n desarrollada en el a\u00f1o 2015.<\/p>\n<p style=\"text-align: justify;\">11) Solicitar mejoras en el servicio de farmacia del IASEP. ( Obra social )<\/p>\n<p style=\"text-align: justify;\">12) Ratificar la defensa de la jubilaci\u00f3n docente con 25 a\u00f1os de servicio sin l\u00edmite de edad y el haber jubilatorio del 82% m\u00f3vil garantizados por la Constituci\u00f3n Provincial.<\/p>\n<p style=\"text-align: justify;\">13) Ratificar la participaci\u00f3n de ADF en la \u00abMarcha Federal\u00bb organizada por la CTA y el paro convocado por CTERA para el d\u00eda 2 de septiembre.<\/p>\n<p style=\"text-align: justify;\">En la sesi\u00f3n se aprueba la Memoria y Balance correspondiente al ejercicio 2014-2015.<\/p>\n<p style=\"text-align: center;\"><strong>Junta Directiva de la Agremiaci\u00f3n del Docente Formose\u00f1o.<\/strong><\/p>\n<\/div>\n<p style=\"text-align: center;\"><img loading=\"lazy\" decoding=\"async\" class=\"wp-image-4525 size-full alignnone\" src=\"https:\/\/adfformosa.com.ar\/wp-content\/uploads\/2016\/08\/DSC_0090-e1472512440353.jpg\" width=\"600\" height=\"400\" \/><\/p>\n","protected":false},"excerpt":{"rendered":"<p>La Asamblea General Ordinaria de la Agremiaci\u00f3n del Docente Formose\u00f1o, reunida el d\u00eda viernes 26 de agosto en el sal\u00f3n de eventos del Hotel de Gendarmer\u00eda Nacional, tras el debate&#8230; <span class=\"meta-more\"><a href=\"https:\/\/adfformosa.com.ar\/?p=4523\">Leer mas &raquo;<\/a><\/span><\/p>\n","protected":false},"author":3,"featured_media":4525,"comment_status":"open","ping_status":"closed","sticky":false,"template":"","format":"standard","meta":{"footnotes":""},"categories":[2],"tags":[],"class_list":["post-4523","post","type-post","status-publish","format-standard","has-post-thumbnail","hentry","category-prensa-adf","even alt"],"_links":{"self":[{"href":"https:\/\/adfformosa.com.ar\/index.php?rest_route=\/wp\/v2\/posts\/4523","targetHints":{"allow":["GET"]}}],"collection":[{"href":"https:\/\/adfformosa.com.ar\/index.php?rest_route=\/wp\/v2\/posts"}],"about":[{"href":"https:\/\/adfformosa.com.ar\/index.php?rest_route=\/wp\/v2\/types\/post"}],"author":[{"embeddable":true,"href":"https:\/\/adfformosa.com.ar\/index.php?rest_route=\/wp\/v2\/users\/3"}],"replies":[{"embeddable":true,"href":"https:\/\/adfformosa.com.ar\/index.php?rest_route=%2Fwp%2Fv2%2Fcomments&post=4523"}],"version-history":[{"count":2,"href":"https:\/\/adfformosa.com.ar\/index.php?rest_route=\/wp\/v2\/posts\/4523\/revisions"}],"predecessor-version":[{"id":4658,"href":"https:\/\/adfformosa.com.ar\/index.php?rest_route=\/wp\/v2\/posts\/4523\/revisions\/4658"}],"wp:featuredmedia":[{"embeddable":true,"href":"https:\/\/adfformosa.com.ar\/index.php?rest_route=\/wp\/v2\/media\/4525"}],"wp:attachment":[{"href":"https:\/\/adfformosa.com.ar\/index.php?rest_route=%2Fwp%2Fv2%2Fmedia&parent=4523"}],"wp:term":[{"taxonomy":"category","embeddable":true,"href":"https:\/\/adfformosa.com.ar\/index.php?rest_route=%2Fwp%2Fv2%2Fcategories&post=4523"},{"taxonomy":"post_tag","embeddable":true,"href":"https:\/\/adfformosa.com.ar\/index.php?rest_route=%2Fwp%2Fv2%2Ftags&post=4523"}],"curies":[{"name":"wp","href":"https:\/\/api.w.org\/{rel}","templated":true}]}}