{"id":4515,"date":"2016-08-18T15:23:55","date_gmt":"2016-08-18T18:23:55","guid":{"rendered":"http:\/\/adfformosa.com.ar\/?p=4515"},"modified":"2016-11-15T09:53:43","modified_gmt":"2016-11-15T12:53:43","slug":"adf-confirma-el-paro-nacional-docente-para-el-24-de-agosto-y-el-2-de-septiembre","status":"publish","type":"post","link":"https:\/\/adfformosa.com.ar\/?p=4515","title":{"rendered":"ADF confirma el paro nacional docente para el 24 de Agosto y el 2 de septiembre"},"content":{"rendered":"<div id=\"s-share-buttons\" class=\"horizontal-w-c-r-border s-share-w-c\"><a href=\"http:\/\/www.facebook.com\/sharer.php?u=https:\/\/adfformosa.com.ar\/?p=4515\" target=\"_blank\" title=\"Share to Facebook\" class=\"s3-facebook hint--top\"><\/a><a href=\"http:\/\/twitter.com\/intent\/tweet?text=ADF confirma el paro nacional docente para el 24 de Agosto y el 2 de septiembre&url=https:\/\/adfformosa.com.ar\/?p=4515\" target=\"_blank\"  title=\"Share to Twitter\" class=\"s3-twitter hint--top\"><\/a><a href=\"https:\/\/plus.google.com\/share?url=https:\/\/adfformosa.com.ar\/?p=4515\" target=\"_blank\"  title=\"Share to Google Plus\" class=\"s3-google-plus hint--top\"><\/a><a href=\"http:\/\/www.digg.com\/submit?url=https:\/\/adfformosa.com.ar\/?p=4515\" target=\"_blank\"  title=\"Share to Digg\" class=\"s3-digg hint--top\"><\/a><a href=\"http:\/\/www.tumblr.com\/share\/link?url=https%3A%2F%2Fadfformosa.com.ar%2F%3Fp%3D4515&name=ADF+confirma+el+paro+nacional+docente+para+el+24+de+Agosto+y+el+2+de+septiembre\" target=\"_blank\" title=\"Share to Tumblr\" class=\"s3-tumblr hint--top\"><\/a><a href=\"mailto:?Subject=ADF%20confirma%20el%20paro%20nacional%20docente%20para%20el%2024%20de%20Agosto%20y%20el%202%20de%20septiembre&Body=Here%20is%20the%20link%20to%20the%20article:%20https:\/\/adfformosa.com.ar\/?p=4515\" title=\"Email this article\" class=\"s3-email hint--top\"><\/a><\/div><div id=\"attachment_4517\" style=\"width: 610px\" class=\"wp-caption aligncenter\"><img loading=\"lazy\" decoding=\"async\" aria-describedby=\"caption-attachment-4517\" class=\"wp-image-4517 size-full\" src=\"https:\/\/adfformosa.com.ar\/wp-content\/uploads\/2016\/08\/Paro-Nacional-Docente-Luis-Branchi-e1471559341403.jpg\" width=\"600\" height=\"374\" \/><p id=\"caption-attachment-4517\" class=\"wp-caption-text\">Luis Branchi- Secretario General de ADF- #Formosa #Educaci\u00f3n<\/p><\/div>\n<p style=\"text-align: justify;\">El Secretario General de la Agremiaci\u00f3n del Docente Formose\u00f1o, Luis Branchi confirm\u00f3 que el gremio entidad de base de la CTERA en Formosa participar\u00e1 del plan de lucha ante la falta de soluciones a la problem\u00e1tica educativa nacional.<\/p>\n<p style=\"text-align: justify;\">Branchi, quien estuvo en\u00a0 el Congreso Extraordinario del gremio en su car\u00e1cter de Secretario de Acci\u00f3n Social, sostuvo que junto a los gremialistas del pa\u00eds \u00a0se resolvi\u00f3 realizar dos paros, sin concurrencia a los lugares de trabajo; El primero ser\u00e1 por 24 horas el d\u00eda mi\u00e9rcoles 24 de agosto y el segundo en el mes de Septiembre con la misma modalidad y programado para el d\u00eda 2.<\/p>\n<p style=\"text-align: justify;\"><img loading=\"lazy\" decoding=\"async\" class=\"wp-image-4518 size-medium alignleft\" src=\"https:\/\/adfformosa.com.ar\/wp-content\/uploads\/2016\/08\/congreso-de-ctera-2016-2-300x225.jpg\" width=\"300\" height=\"225\" srcset=\"https:\/\/adfformosa.com.ar\/wp-content\/uploads\/2016\/08\/congreso-de-ctera-2016-2-300x225.jpg 300w, https:\/\/adfformosa.com.ar\/wp-content\/uploads\/2016\/08\/congreso-de-ctera-2016-2-768x576.jpg 768w, https:\/\/adfformosa.com.ar\/wp-content\/uploads\/2016\/08\/congreso-de-ctera-2016-2.jpg 960w\" sizes=\"auto, (max-width: 300px) 100vw, 300px\" \/>Dijo adem\u00e1s que el plan de lucha tiene como ejes del reclamo la reapertura de la paritaria nacional; Aumento salarial; Cumplimiento de los acuerdos paritarios; No al impuesto a las ganancias; No a la modificaci\u00f3n de la jubilaci\u00f3n y el aumento del 10% del PBI para Educaci\u00f3n.<\/p>\n<p style=\"text-align: justify;\">Se\u00f1al\u00f3 que en el mismo Congreso los gremios como ADF y todas las entidades de base participar\u00e1n activamente de la \u201cMarcha Federal\u201d convocada por la CTA de Hugo Yasky y otras organizaciones sindicales y sociales a realizarse los d\u00edas 31 al 2 de septiembre.<\/p>\n<p style=\"text-align: justify;\">Seguir la lucha por la Causa \u201cFuentealba II\u201d en una Jornada Nacional contra la Impunidad en 21 de septiembre y fortalecer las luchas provinciales ante la negativa de los gobiernos a no reabrir las paritarias.<\/p>\n<p style=\"text-align: justify;\">Finalmente expres\u00f3 que \u201cel paro ser\u00e1 articulado con los otros gremios por lo que podr\u00eda transformarse en un paro total\u201d<\/p>\n","protected":false},"excerpt":{"rendered":"<p>El Secretario General de la Agremiaci\u00f3n del Docente Formose\u00f1o, Luis Branchi confirm\u00f3 que el gremio entidad de base de la CTERA en Formosa participar\u00e1 del plan de lucha ante la&#8230; <span class=\"meta-more\"><a href=\"https:\/\/adfformosa.com.ar\/?p=4515\">Leer mas &raquo;<\/a><\/span><\/p>\n","protected":false},"author":3,"featured_media":4517,"comment_status":"open","ping_status":"closed","sticky":false,"template":"","format":"standard","meta":{"footnotes":""},"categories":[2],"tags":[],"class_list":["post-4515","post","type-post","status-publish","format-standard","has-post-thumbnail","hentry","category-prensa-adf","even alt"],"_links":{"self":[{"href":"https:\/\/adfformosa.com.ar\/index.php?rest_route=\/wp\/v2\/posts\/4515","targetHints":{"allow":["GET"]}}],"collection":[{"href":"https:\/\/adfformosa.com.ar\/index.php?rest_route=\/wp\/v2\/posts"}],"about":[{"href":"https:\/\/adfformosa.com.ar\/index.php?rest_route=\/wp\/v2\/types\/post"}],"author":[{"embeddable":true,"href":"https:\/\/adfformosa.com.ar\/index.php?rest_route=\/wp\/v2\/users\/3"}],"replies":[{"embeddable":true,"href":"https:\/\/adfformosa.com.ar\/index.php?rest_route=%2Fwp%2Fv2%2Fcomments&post=4515"}],"version-history":[{"count":2,"href":"https:\/\/adfformosa.com.ar\/index.php?rest_route=\/wp\/v2\/posts\/4515\/revisions"}],"predecessor-version":[{"id":4661,"href":"https:\/\/adfformosa.com.ar\/index.php?rest_route=\/wp\/v2\/posts\/4515\/revisions\/4661"}],"wp:featuredmedia":[{"embeddable":true,"href":"https:\/\/adfformosa.com.ar\/index.php?rest_route=\/wp\/v2\/media\/4517"}],"wp:attachment":[{"href":"https:\/\/adfformosa.com.ar\/index.php?rest_route=%2Fwp%2Fv2%2Fmedia&parent=4515"}],"wp:term":[{"taxonomy":"category","embeddable":true,"href":"https:\/\/adfformosa.com.ar\/index.php?rest_route=%2Fwp%2Fv2%2Fcategories&post=4515"},{"taxonomy":"post_tag","embeddable":true,"href":"https:\/\/adfformosa.com.ar\/index.php?rest_route=%2Fwp%2Fv2%2Ftags&post=4515"}],"curies":[{"name":"wp","href":"https:\/\/api.w.org\/{rel}","templated":true}]}}