{"id":4496,"date":"2016-06-28T09:53:42","date_gmt":"2016-06-28T12:53:42","guid":{"rendered":"http:\/\/adfformosa.com.ar\/?p=4496"},"modified":"2016-11-15T09:56:09","modified_gmt":"2016-11-15T12:56:09","slug":"revista-de-ctera-para-descargar-miradas-sobre-el-bicentenario-de-la-independencia","status":"publish","type":"post","link":"https:\/\/adfformosa.com.ar\/?p=4496","title":{"rendered":"Revista de CTERA para descargar  \u201cMiradas sobre el Bicentenario de la Independencia\u201d"},"content":{"rendered":"<div id=\"s-share-buttons\" class=\"horizontal-w-c-r-border s-share-w-c\"><a href=\"http:\/\/www.facebook.com\/sharer.php?u=https:\/\/adfformosa.com.ar\/?p=4496\" target=\"_blank\" title=\"Share to Facebook\" class=\"s3-facebook hint--top\"><\/a><a href=\"http:\/\/twitter.com\/intent\/tweet?text=Revista de CTERA para descargar  \u201cMiradas sobre el Bicentenario de la Independencia\u201d&url=https:\/\/adfformosa.com.ar\/?p=4496\" target=\"_blank\"  title=\"Share to Twitter\" class=\"s3-twitter hint--top\"><\/a><a href=\"https:\/\/plus.google.com\/share?url=https:\/\/adfformosa.com.ar\/?p=4496\" target=\"_blank\"  title=\"Share to Google Plus\" class=\"s3-google-plus hint--top\"><\/a><a href=\"http:\/\/www.digg.com\/submit?url=https:\/\/adfformosa.com.ar\/?p=4496\" target=\"_blank\"  title=\"Share to Digg\" class=\"s3-digg hint--top\"><\/a><a href=\"http:\/\/www.tumblr.com\/share\/link?url=https%3A%2F%2Fadfformosa.com.ar%2F%3Fp%3D4496&name=Revista+de+CTERA+para+descargar++%E2%80%9CMiradas+sobre+el+Bicentenario+de+la+Independencia%E2%80%9D\" target=\"_blank\" title=\"Share to Tumblr\" class=\"s3-tumblr hint--top\"><\/a><a href=\"mailto:?Subject=Revista%20de%20CTERA%20para%20descargar%20%20\u201cMiradas%20sobre%20el%20Bicentenario%20de%20la%20Independencia\u201d&Body=Here%20is%20the%20link%20to%20the%20article:%20https:\/\/adfformosa.com.ar\/?p=4496\" title=\"Email this article\" class=\"s3-email hint--top\"><\/a><\/div><p><strong style=\"font-weight: 600;\">Revista N\u00b027 de Junio 2016\u00a0<\/strong><\/p>\n<p style=\"text-align: center;\"><strong style=\"font-weight: 600;\">\u201cMIRADAS SOBRE EL BICENTENARIO DE LA INDEPENDENCIA\u201d<\/strong><\/p>\n<p><img loading=\"lazy\" decoding=\"async\" class=\"alignleft size-medium wp-image-4497\" src=\"https:\/\/adfformosa.com.ar\/wp-content\/uploads\/2016\/07\/6e45d7d27d383bf32c9fc167dc192b2d_L-233x300.jpg\" alt=\"6e45d7d27d383bf32c9fc167dc192b2d_L\" width=\"233\" height=\"300\" srcset=\"https:\/\/adfformosa.com.ar\/wp-content\/uploads\/2016\/07\/6e45d7d27d383bf32c9fc167dc192b2d_L-233x300.jpg 233w, https:\/\/adfformosa.com.ar\/wp-content\/uploads\/2016\/07\/6e45d7d27d383bf32c9fc167dc192b2d_L.jpg 700w\" sizes=\"auto, (max-width: 233px) 100vw, 233px\" \/><\/p>\n<p style=\"text-align: justify;\">La Confederaci\u00f3n de Trabajadores de la Educaci\u00f3n de la Rep\u00fablica Argentina (CTERA) se suma a la conmemoraci\u00f3n del <strong style=\"font-weight: 600;\">Bicentenario de la Declaraci\u00f3n de la Independencia<\/strong> con una propuesta editorial que invita a reflexionar sobre el sentido de aquella gesta patria y su devenir hist\u00f3rico.<\/p>\n<p style=\"text-align: justify;\">La conmemoraci\u00f3n del bicentenario se da en un momento hist\u00f3rico en el que, desde el punto de visto pol\u00edtico y econ\u00f3mico, es necesario volver a preguntarnos por el significado que cobra hoy la independencia de nuestro pa\u00eds. Lo consideramos necesario porque, as\u00ed como a principios del Siglo XIX sobrevolaba en la patria naciente la idea de la restauraci\u00f3n conservadora, hoy tambi\u00e9n en el aire de nuestra \u00e9poca hay claras se\u00f1ales que dejan al descubierto las intenciones de volver a someter a la Argentina a una situaci\u00f3n de dependencia y hacernos \u201cdoblar la rodilla\u201d frente a los designios de las potencias mundiales en el orden global capitalista neocolonial.<\/p>\n<p style=\"text-align: justify;\">Lamentablemente no son s\u00f3lo \u201cintenciones\u201d de la restauraci\u00f3n conservadora las que podemos observar en la actualidad, sino golpes bruscos de tim\u00f3n que se ponen de manifiesto en los hechos concretos, en los gestos de la oligarqu\u00eda gobernante, y en las medidas pol\u00edticas y econ\u00f3micas tomadas por el gobierno de derecha en el contexto actual: Pago a los fondos buitres en condiciones de entrega del patrimonio nacional; incorporaci\u00f3n de Argentina a la Alianza del Pac\u00edfico en calidad de pa\u00eds observador; reuni\u00f3n con los gobernantes ingleses sin ning\u00fan reclamo en\u00e9rgico por la soberan\u00eda sobre las Islas Malvinas; visita al pa\u00eds del presidente de los Estados Unidos con claras muestras de abdicaci\u00f3n y condicionamientos para la firma de tratados bilaterales de comercio e instalaci\u00f3n de bases militares; pedido de perd\u00f3n a los empresarios espa\u00f1oles por el \u201csufrimiento del capital\u201d radicado en nuestro pa\u00eds en la \u00faltima d\u00e9cada; decreto presidencial dando a los militares autonom\u00eda del poder pol\u00edtico y constante actitud de genuflexi\u00f3n frente a los poderosos del mundo con abandono de las pol\u00edticas de integraci\u00f3n latinoamericana que hab\u00edan caracterizado a nuestros pa\u00edses especialmente desde el \u201cno al ALCA\u201d en el a\u00f1o 2005.<\/p>\n<p style=\"text-align: justify;\">Frente a esta situaci\u00f3n, desde los movimientos sociales, las organizaciones sindicales, las escuelas, los barrios y las comunidades queremos seguir hablando de la independencia en su sentido amplio y trabajar para lograr que su realidad sea efectiva.<\/p>\n<p style=\"text-align: justify;\">Por ello, con esta publicaci\u00f3n queremos hacer un aporte mostrando nuestro punto de vista y poniendo en manos de los docentes y estudiantes de nuestro pa\u00eds un material que invite a la reflexi\u00f3n y recuperaci\u00f3n de los conceptos m\u00e1s fuertes desde el origen de la Argentina: \u201cRevoluci\u00f3n e Independencia\u201d. Un material que promueva el an\u00e1lisis del devenir de la gesta en todo el territorio y a lo largo del tiempo, los avances y los retrocesos, las disputas por el sentido pol\u00edtico y cultural de la emancipaci\u00f3n y el papel de los distintos sujetos sociales\u00a0 hist\u00f3ricos.<\/p>\n<p style=\"text-align: justify;\">Para esto contamos con el valioso aporte de un grupo de historiadoras e historiadores de diversos puntos de nuestro pa\u00eds y del Uruguay que ha decidido colaborar en esta iniciativa aportando sus conocimientos y reafirmando su compromiso como trabajadores de la educaci\u00f3n, la ciencia y la cultura.<\/p>\n<p style=\"text-align: justify;\">Desde este espacio, pensamos que hoy la clase trabajadora se tiene que apropiar del festejo, de la conmemoraci\u00f3n, y de los nuevos desaf\u00edos que significan hacer de la independencia una realidad concreta; pues, en manos de los empresarios gobernando, la independencia tal como la concebimos, corre un serio peligro.<\/p>\n<p>Sonia Alesso<\/p>\n<p>Secretaria General de CTERA<\/p>\n<p><span style=\"text-decoration: underline;\"><span style=\"color: #00ccff; text-decoration: underline;\">DESCARGAR REVISTA HACIENDO CLIC EN EL ENLACE DE ABAJO.<\/span><\/span><\/p>\n<p><img loading=\"lazy\" decoding=\"async\" class=\"alignnone wp-image-4497 \" src=\"https:\/\/adfformosa.com.ar\/wp-content\/uploads\/2016\/07\/6e45d7d27d383bf32c9fc167dc192b2d_L-233x300.jpg\" width=\"177\" height=\"228\" srcset=\"https:\/\/adfformosa.com.ar\/wp-content\/uploads\/2016\/07\/6e45d7d27d383bf32c9fc167dc192b2d_L-233x300.jpg 233w, https:\/\/adfformosa.com.ar\/wp-content\/uploads\/2016\/07\/6e45d7d27d383bf32c9fc167dc192b2d_L.jpg 700w\" sizes=\"auto, (max-width: 177px) 100vw, 177px\" \/><\/p>\n<p><a href=\"https:\/\/adfformosa.com.ar\/wp-content\/uploads\/2016\/07\/CANTO_INDEPENDENCIA_WEB_2.pdf\">CANTO_INDEPENDENCIA_WEB_2<\/a><a href=\"http:\/\/Revista &quot;Canto Maestro N\u00b027&quot; JUnio 2016- CTERA\">http:\/\/Revista \u00abCanto Maestro N\u00b027\u00bb JUnio 2016- CTERA<\/a><\/p>\n","protected":false},"excerpt":{"rendered":"<p>Revista N\u00b027 de Junio 2016\u00a0 \u201cMIRADAS SOBRE EL BICENTENARIO DE LA INDEPENDENCIA\u201d La Confederaci\u00f3n de Trabajadores de la Educaci\u00f3n de la Rep\u00fablica Argentina (CTERA) se suma a la conmemoraci\u00f3n del&#8230; <span class=\"meta-more\"><a href=\"https:\/\/adfformosa.com.ar\/?p=4496\">Leer mas &raquo;<\/a><\/span><\/p>\n","protected":false},"author":3,"featured_media":4497,"comment_status":"open","ping_status":"closed","sticky":false,"template":"","format":"standard","meta":{"footnotes":""},"categories":[2],"tags":[],"class_list":["post-4496","post","type-post","status-publish","format-standard","has-post-thumbnail","hentry","category-prensa-adf","even alt"],"_links":{"self":[{"href":"https:\/\/adfformosa.com.ar\/index.php?rest_route=\/wp\/v2\/posts\/4496","targetHints":{"allow":["GET"]}}],"collection":[{"href":"https:\/\/adfformosa.com.ar\/index.php?rest_route=\/wp\/v2\/posts"}],"about":[{"href":"https:\/\/adfformosa.com.ar\/index.php?rest_route=\/wp\/v2\/types\/post"}],"author":[{"embeddable":true,"href":"https:\/\/adfformosa.com.ar\/index.php?rest_route=\/wp\/v2\/users\/3"}],"replies":[{"embeddable":true,"href":"https:\/\/adfformosa.com.ar\/index.php?rest_route=%2Fwp%2Fv2%2Fcomments&post=4496"}],"version-history":[{"count":3,"href":"https:\/\/adfformosa.com.ar\/index.php?rest_route=\/wp\/v2\/posts\/4496\/revisions"}],"predecessor-version":[{"id":4665,"href":"https:\/\/adfformosa.com.ar\/index.php?rest_route=\/wp\/v2\/posts\/4496\/revisions\/4665"}],"wp:featuredmedia":[{"embeddable":true,"href":"https:\/\/adfformosa.com.ar\/index.php?rest_route=\/wp\/v2\/media\/4497"}],"wp:attachment":[{"href":"https:\/\/adfformosa.com.ar\/index.php?rest_route=%2Fwp%2Fv2%2Fmedia&parent=4496"}],"wp:term":[{"taxonomy":"category","embeddable":true,"href":"https:\/\/adfformosa.com.ar\/index.php?rest_route=%2Fwp%2Fv2%2Fcategories&post=4496"},{"taxonomy":"post_tag","embeddable":true,"href":"https:\/\/adfformosa.com.ar\/index.php?rest_route=%2Fwp%2Fv2%2Ftags&post=4496"}],"curies":[{"name":"wp","href":"https:\/\/api.w.org\/{rel}","templated":true}]}}