{"id":4470,"date":"2016-06-28T12:43:23","date_gmt":"2016-06-28T15:43:23","guid":{"rendered":"http:\/\/adfformosa.com.ar\/?p=4470"},"modified":"2016-11-15T09:55:54","modified_gmt":"2016-11-15T12:55:54","slug":"ctera-cuarta-jornada-de-formacion-en-salud-sexual-y-procreacion-responsable","status":"publish","type":"post","link":"https:\/\/adfformosa.com.ar\/?p=4470","title":{"rendered":"CTERA : Cuarta Jornada de \u00abFormaci\u00f3n en Salud Sexual y Procreaci\u00f3n Responsable\u00bb"},"content":{"rendered":"<div id=\"s-share-buttons\" class=\"horizontal-w-c-r-border s-share-w-c\"><a href=\"http:\/\/www.facebook.com\/sharer.php?u=https:\/\/adfformosa.com.ar\/?p=4470\" target=\"_blank\" title=\"Share to Facebook\" class=\"s3-facebook hint--top\"><\/a><a href=\"http:\/\/twitter.com\/intent\/tweet?text=CTERA : Cuarta Jornada de \u00abFormaci\u00f3n en Salud Sexual y Procreaci\u00f3n Responsable\u00bb&url=https:\/\/adfformosa.com.ar\/?p=4470\" target=\"_blank\"  title=\"Share to Twitter\" class=\"s3-twitter hint--top\"><\/a><a href=\"https:\/\/plus.google.com\/share?url=https:\/\/adfformosa.com.ar\/?p=4470\" target=\"_blank\"  title=\"Share to Google Plus\" class=\"s3-google-plus hint--top\"><\/a><a href=\"http:\/\/www.digg.com\/submit?url=https:\/\/adfformosa.com.ar\/?p=4470\" target=\"_blank\"  title=\"Share to Digg\" class=\"s3-digg hint--top\"><\/a><a href=\"http:\/\/www.tumblr.com\/share\/link?url=https%3A%2F%2Fadfformosa.com.ar%2F%3Fp%3D4470&name=CTERA+%3A+Cuarta+Jornada+de+%C2%ABFormaci%C3%B3n+en+Salud+Sexual+y+Procreaci%C3%B3n+Responsable%C2%BB\" target=\"_blank\" title=\"Share to Tumblr\" class=\"s3-tumblr hint--top\"><\/a><a href=\"mailto:?Subject=CTERA%20:%20Cuarta%20Jornada%20de%20\u00abFormaci\u00f3n%20en%20Salud%20Sexual%20y%20Procreaci\u00f3n%20Responsable\u00bb&Body=Here%20is%20the%20link%20to%20the%20article:%20https:\/\/adfformosa.com.ar\/?p=4470\" title=\"Email this article\" class=\"s3-email hint--top\"><\/a><\/div><p>Las compa\u00f1eras del gremio Alicia Diaz y Norma Puchetta participan hoy de la 4ta Jornada de Formaci\u00f3n en Salud Sexual y Procreaci\u00f3n Responsable. Convocadas por CTERA, Buenos Aires.<\/p>\n<div id=\"attachment_4474\" style=\"width: 550px\" class=\"wp-caption aligncenter\"><img loading=\"lazy\" decoding=\"async\" aria-describedby=\"caption-attachment-4474\" class=\"wp-image-4474 size-full\" src=\"https:\/\/adfformosa.com.ar\/wp-content\/uploads\/2016\/07\/13567091_1740920049484948_2623993961436863152_n.jpg\" width=\"540\" height=\"960\" srcset=\"https:\/\/adfformosa.com.ar\/wp-content\/uploads\/2016\/07\/13567091_1740920049484948_2623993961436863152_n.jpg 540w, https:\/\/adfformosa.com.ar\/wp-content\/uploads\/2016\/07\/13567091_1740920049484948_2623993961436863152_n-169x300.jpg 169w\" sizes=\"auto, (max-width: 540px) 100vw, 540px\" \/><p id=\"caption-attachment-4474\" class=\"wp-caption-text\">Alicia D\u00edaz y Norma Puchetta de ADF en capacitaci\u00f3n de CTERA<\/p><\/div>\n<p style=\"text-align: justify;\"><img loading=\"lazy\" decoding=\"async\" class=\"aligncenter wp-image-4473 size-full\" src=\"https:\/\/adfformosa.com.ar\/wp-content\/uploads\/2016\/07\/13432418_1740920152818271_2403124894534439629_n.jpg\" width=\"540\" height=\"960\" srcset=\"https:\/\/adfformosa.com.ar\/wp-content\/uploads\/2016\/07\/13432418_1740920152818271_2403124894534439629_n.jpg 540w, https:\/\/adfformosa.com.ar\/wp-content\/uploads\/2016\/07\/13432418_1740920152818271_2403124894534439629_n-169x300.jpg 169w\" sizes=\"auto, (max-width: 540px) 100vw, 540px\" \/><\/p>\n<div id=\"attachment_4472\" style=\"width: 610px\" class=\"wp-caption aligncenter\"><img loading=\"lazy\" decoding=\"async\" aria-describedby=\"caption-attachment-4472\" class=\"wp-image-4472 size-full\" src=\"https:\/\/adfformosa.com.ar\/wp-content\/uploads\/2016\/07\/13507122_1740920069484946_8321472908992114987_n-e1467837402901.jpg\" width=\"600\" height=\"338\" \/><p id=\"caption-attachment-4472\" class=\"wp-caption-text\">Profesora Alicia D\u00edaz- ADF Formosa<\/p><\/div>\n<p style=\"text-align: justify;\"><img loading=\"lazy\" decoding=\"async\" class=\"aligncenter wp-image-4471 size-full\" src=\"https:\/\/adfformosa.com.ar\/wp-content\/uploads\/2016\/07\/13516258_1740920002818286_5632834321628344388_n.jpg\" width=\"560\" height=\"315\" srcset=\"https:\/\/adfformosa.com.ar\/wp-content\/uploads\/2016\/07\/13516258_1740920002818286_5632834321628344388_n.jpg 560w, https:\/\/adfformosa.com.ar\/wp-content\/uploads\/2016\/07\/13516258_1740920002818286_5632834321628344388_n-300x169.jpg 300w\" sizes=\"auto, (max-width: 560px) 100vw, 560px\" \/><\/p>\n<p style=\"text-align: justify;\">El 28 de junio, se llev\u00f3 a cabo en CTERA, el Taller de Consejer\u00eda Integral y Promoci\u00f3n en Salud Sexual y Reproductiva, en el marco de las actividades que hace m\u00e1s de 4 a\u00f1os, CTERA viene desarrollando\u00a0 en articulaci\u00f3n con el Programa Nacional de Salud Sexual y Procreaci\u00f3n Responsable del Ministerio de Salud de la Naci\u00f3n.<\/p>\n<p style=\"text-align: justify;\">La apertura estuvo a cargo de Estefan\u00eda Aguirre, Secretaria de G\u00e9nero CTERA, Noem\u00ed Tejeda, Secretaria de Salud Laboral CTERA\u00a0 y Carolina Pedrozo, del \u00c1rea de Promoci\u00f3n Comunitaria del Programa Nacional de SS y PR, del Ministerio de Salud de la Naci\u00f3n.<\/p>\n<p style=\"text-align: justify;\">La consolidaci\u00f3n y desarrollo de consejer\u00edas Integrales en salud sexual y reproductiva\u00a0 hacia el interior de cada sindicato, para el fortalecimiento de la autonom\u00eda de las personas en el marco de los Derechos Sexuales y Reproductivos, fueron uno de\u00a0 los objetivos del encuentro.<\/p>\n<p style=\"text-align: justify;\">En dicho encuentro surgieron y se profundizaron tambi\u00e9n, tem\u00e1ticas relacionadas con los Derechos sexuales y reproductivos, m\u00e9todos anticonceptivos, infecciones de transmisi\u00f3n sexual, diversidad, g\u00e9nero, sexualidad y marco \u00a0legal en Salud Sexual y Procreaci\u00f3n Responsable.<\/p>\n<p style=\"text-align: justify;\">Participaron de la jornada compa\u00f1eros y compa\u00f1eras representantes de las organizaciones de base de CTERA, responsables del \u00e1rea Salud y\/o G\u00e9nero de las provincias de Buenos Aires, San Luis, Corrientes, C\u00f3rdoba, Chubut, Formosa, La Pampa y San Juan, con el fin de profundizar en el marco de los derechos sexuales y reproductivos, pol\u00edticas gremiales y pedag\u00f3gicas de intervenci\u00f3n en nuestras organizaciones sindicales.<\/p>\n<p style=\"text-align: justify;\">Texto: Prensa CTERA.<\/p>\n","protected":false},"excerpt":{"rendered":"<p>Las compa\u00f1eras del gremio Alicia Diaz y Norma Puchetta participan hoy de la 4ta Jornada de Formaci\u00f3n en Salud Sexual y Procreaci\u00f3n Responsable. Convocadas por CTERA, Buenos Aires. El 28&#8230; <span class=\"meta-more\"><a href=\"https:\/\/adfformosa.com.ar\/?p=4470\">Leer mas &raquo;<\/a><\/span><\/p>\n","protected":false},"author":3,"featured_media":4474,"comment_status":"open","ping_status":"closed","sticky":false,"template":"","format":"standard","meta":{"footnotes":""},"categories":[2],"tags":[],"class_list":["post-4470","post","type-post","status-publish","format-standard","has-post-thumbnail","hentry","category-prensa-adf","even alt"],"_links":{"self":[{"href":"https:\/\/adfformosa.com.ar\/index.php?rest_route=\/wp\/v2\/posts\/4470","targetHints":{"allow":["GET"]}}],"collection":[{"href":"https:\/\/adfformosa.com.ar\/index.php?rest_route=\/wp\/v2\/posts"}],"about":[{"href":"https:\/\/adfformosa.com.ar\/index.php?rest_route=\/wp\/v2\/types\/post"}],"author":[{"embeddable":true,"href":"https:\/\/adfformosa.com.ar\/index.php?rest_route=\/wp\/v2\/users\/3"}],"replies":[{"embeddable":true,"href":"https:\/\/adfformosa.com.ar\/index.php?rest_route=%2Fwp%2Fv2%2Fcomments&post=4470"}],"version-history":[{"count":3,"href":"https:\/\/adfformosa.com.ar\/index.php?rest_route=\/wp\/v2\/posts\/4470\/revisions"}],"predecessor-version":[{"id":4505,"href":"https:\/\/adfformosa.com.ar\/index.php?rest_route=\/wp\/v2\/posts\/4470\/revisions\/4505"}],"wp:featuredmedia":[{"embeddable":true,"href":"https:\/\/adfformosa.com.ar\/index.php?rest_route=\/wp\/v2\/media\/4474"}],"wp:attachment":[{"href":"https:\/\/adfformosa.com.ar\/index.php?rest_route=%2Fwp%2Fv2%2Fmedia&parent=4470"}],"wp:term":[{"taxonomy":"category","embeddable":true,"href":"https:\/\/adfformosa.com.ar\/index.php?rest_route=%2Fwp%2Fv2%2Fcategories&post=4470"},{"taxonomy":"post_tag","embeddable":true,"href":"https:\/\/adfformosa.com.ar\/index.php?rest_route=%2Fwp%2Fv2%2Ftags&post=4470"}],"curies":[{"name":"wp","href":"https:\/\/api.w.org\/{rel}","templated":true}]}}