{"id":4460,"date":"2016-06-24T12:32:21","date_gmt":"2016-06-24T15:32:21","guid":{"rendered":"http:\/\/adfformosa.com.ar\/?p=4460"},"modified":"2016-11-15T09:56:34","modified_gmt":"2016-11-15T12:56:34","slug":"adf-en-la-inauguracion-de-la-sede-de-suteco-gremio-docente-entidad-de-base-de-ctera-en-corrientes","status":"publish","type":"post","link":"https:\/\/adfformosa.com.ar\/?p=4460","title":{"rendered":"ADF en la inauguraci\u00f3n de la sede de SUTECO gremio docente entidad de base de CTERA en Corrientes"},"content":{"rendered":"<div id=\"s-share-buttons\" class=\"horizontal-w-c-r-border s-share-w-c\"><a href=\"http:\/\/www.facebook.com\/sharer.php?u=https:\/\/adfformosa.com.ar\/?p=4460\" target=\"_blank\" title=\"Share to Facebook\" class=\"s3-facebook hint--top\"><\/a><a href=\"http:\/\/twitter.com\/intent\/tweet?text=ADF en la inauguraci\u00f3n de la sede de SUTECO gremio docente entidad de base de CTERA en Corrientes&url=https:\/\/adfformosa.com.ar\/?p=4460\" target=\"_blank\"  title=\"Share to Twitter\" class=\"s3-twitter hint--top\"><\/a><a href=\"https:\/\/plus.google.com\/share?url=https:\/\/adfformosa.com.ar\/?p=4460\" target=\"_blank\"  title=\"Share to Google Plus\" class=\"s3-google-plus hint--top\"><\/a><a href=\"http:\/\/www.digg.com\/submit?url=https:\/\/adfformosa.com.ar\/?p=4460\" target=\"_blank\"  title=\"Share to Digg\" class=\"s3-digg hint--top\"><\/a><a href=\"http:\/\/www.tumblr.com\/share\/link?url=https%3A%2F%2Fadfformosa.com.ar%2F%3Fp%3D4460&name=ADF+en+la+inauguraci%C3%B3n+de+la+sede+de+SUTECO+gremio+docente+entidad+de+base+de+CTERA+en+Corrientes\" target=\"_blank\" title=\"Share to Tumblr\" class=\"s3-tumblr hint--top\"><\/a><a href=\"mailto:?Subject=ADF%20en%20la%20inauguraci\u00f3n%20de%20la%20sede%20de%20SUTECO%20gremio%20docente%20entidad%20de%20base%20de%20CTERA%20en%20Corrientes&Body=Here%20is%20the%20link%20to%20the%20article:%20https:\/\/adfformosa.com.ar\/?p=4460\" title=\"Email this article\" class=\"s3-email hint--top\"><\/a><\/div><div id=\"attachment_4461\" style=\"width: 681px\" class=\"wp-caption aligncenter\"><img loading=\"lazy\" decoding=\"async\" aria-describedby=\"caption-attachment-4461\" class=\"wp-image-4461 size-full\" src=\"https:\/\/adfformosa.com.ar\/wp-content\/uploads\/2016\/07\/suteco-portada.jpg\" width=\"671\" height=\"503\" srcset=\"https:\/\/adfformosa.com.ar\/wp-content\/uploads\/2016\/07\/suteco-portada.jpg 671w, https:\/\/adfformosa.com.ar\/wp-content\/uploads\/2016\/07\/suteco-portada-300x225.jpg 300w\" sizes=\"auto, (max-width: 671px) 100vw, 671px\" \/><p id=\"caption-attachment-4461\" class=\"wp-caption-text\">#Suteco #Corrientes<\/p><\/div>\n<h4 style=\"text-align: center;\"><span style=\"text-decoration: underline; color: #ff0000;\"><strong>El viernes 24 de junio el SUTECO habilit\u00f3 la sede gremial totalmente remodelada<\/strong><\/span><\/h4>\n<p style=\"text-align: justify;\">El acto estuvo encabezado por Fernand<span class=\"text_exposed_show\">o Ram\u00edrez ,Secretario General de SUTECO y el Secretario Gral Adjunto Gerardo Marturet;acompa\u00f1ados por miembros de la Conducci\u00f3n de SUTECO actuales y anteriores.<\/span><\/p>\n<p style=\"text-align: justify;\"><span class=\"text_exposed_show\">El acto fue muy emotivo, con hist\u00f3ricas compa\u00f1eras y compa\u00f1eros que narraron la historia de SUTECO desde sus inicios hasta la actualidad.<\/span><\/p>\n<p style=\"text-align: justify;\"><span class=\"text_exposed_show\">El nuevo sal\u00f3n estuvo colmado de docentes correntinos que vinieron de todas las localidades de la provincia.<br \/>\nLa casa que hoy alberga a los trabajadores de la educaci\u00f3n correntinos fue donada por el sacerdote del tercer mundo Esteban De Quirini.<\/span><\/p>\n<p style=\"text-align: justify;\"><span class=\"text_exposed_show\">Gregoria P\u00e9rez , Isabelino Vallejos y Mirta Polimeni emocionaron con sus palabras.<\/span><\/p>\n<p style=\"text-align: justify;\"><span class=\"text_exposed_show\">Se resaltaron las figuras de el padre Esteban De Quirini y de Mario Marturet.<\/span><\/p>\n<p style=\"text-align: justify;\"><span class=\"text_exposed_show\">En el acto fue recordada las compa\u00f1eras Mary S\u00e1nchez y Stella Maldonado por su apoyo comprometido a SUTECO.<br \/>\nLa CTERA estuvo presente con la presencia de distintas compa\u00f1eras y compa\u00f1eros de la Junta Ejecutiva y de otras entidades de base. Participaron Luis Branchi &#8211; Sec. General de ADF Formosa -, Carlos Cuevas &#8211; Sec. General de UTRE Chaco -,<\/span><\/p>\n<p style=\"text-align: justify;\"><span class=\"text_exposed_show\">Mora Pared -Sec.General CTA Chaco &#8211; , Silvia Almaz\u00e1n &#8211; Sec. de Educaci\u00f3n y Cultura de SUTEBA -, Mariano Mango &#8211; Sec. Gesti\u00f3n Privada de UTE -, Albrtina Armoa &#8211; ADF &#8211; y Alejo Demichelis &#8211; Sec de Prensa de CTERA -.<br \/>\nEl Secretario de Prensa de CTERA, Alejo Demichelis, llev\u00f3 el saludo y la felicitaci\u00f3n de Sonia Alesso &#8211; Sec. General de CTERA &#8211; ante este nuevo logro de SUTECO para los trabajadores de la educaci\u00f3n de Corrientes.<\/span><\/p>\n<div class=\"text_exposed_show\">\n<p style=\"text-align: justify;\">Viernes 24 de junio de 2016<\/p>\n<p style=\"text-align: justify;\"><span style=\"text-decoration: underline;\">TEXTO DE PRENSA CTERA<\/span><\/p>\n<p><strong>Galeria de Fotos<\/strong><\/p>\n<div id=\"attachment_4467\" style=\"width: 610px\" class=\"wp-caption aligncenter\"><img loading=\"lazy\" decoding=\"async\" aria-describedby=\"caption-attachment-4467\" class=\"wp-image-4467 size-full\" src=\"https:\/\/adfformosa.com.ar\/wp-content\/uploads\/2016\/07\/SUTECO-SIETE-e1467837465395.jpg\" width=\"600\" height=\"338\" \/><p id=\"caption-attachment-4467\" class=\"wp-caption-text\">Fernando Ram\u00edrez -Secretario General de SUTECO #Corrientes<\/p><\/div>\n<div id=\"attachment_4466\" style=\"width: 610px\" class=\"wp-caption aligncenter\"><img loading=\"lazy\" decoding=\"async\" aria-describedby=\"caption-attachment-4466\" class=\"wp-image-4466 size-full\" src=\"https:\/\/adfformosa.com.ar\/wp-content\/uploads\/2016\/07\/SUTECO-SEIS-e1467837476215.jpg\" width=\"600\" height=\"338\" \/><p id=\"caption-attachment-4466\" class=\"wp-caption-text\">Gerardo Marturet- Secretario General Adjunto de SUTECO- Corrientes<\/p><\/div>\n<p><img loading=\"lazy\" decoding=\"async\" class=\"aligncenter wp-image-4465 size-full\" src=\"https:\/\/adfformosa.com.ar\/wp-content\/uploads\/2016\/07\/SUTECO-CUATRO-e1467837498992.jpg\" width=\"600\" height=\"360\" \/><\/p>\n<p><img loading=\"lazy\" decoding=\"async\" class=\"aligncenter wp-image-4464 size-full\" src=\"https:\/\/adfformosa.com.ar\/wp-content\/uploads\/2016\/07\/SUTECO-TRES-e1467837508401.jpg\" width=\"600\" height=\"338\" \/><\/p>\n<p><img loading=\"lazy\" decoding=\"async\" class=\"aligncenter wp-image-4463 size-full\" src=\"https:\/\/adfformosa.com.ar\/wp-content\/uploads\/2016\/07\/SUTECO-DOS-e1467837520365.jpg\" width=\"600\" height=\"338\" \/><\/p>\n<p><img loading=\"lazy\" decoding=\"async\" class=\"aligncenter wp-image-4462 size-full\" src=\"https:\/\/adfformosa.com.ar\/wp-content\/uploads\/2016\/07\/suteco-UNO.jpg\" width=\"283\" height=\"503\" srcset=\"https:\/\/adfformosa.com.ar\/wp-content\/uploads\/2016\/07\/suteco-UNO.jpg 283w, https:\/\/adfformosa.com.ar\/wp-content\/uploads\/2016\/07\/suteco-UNO-169x300.jpg 169w\" sizes=\"auto, (max-width: 283px) 100vw, 283px\" \/><\/p>\n<\/div>\n","protected":false},"excerpt":{"rendered":"<p>El viernes 24 de junio el SUTECO habilit\u00f3 la sede gremial totalmente remodelada El acto estuvo encabezado por Fernando Ram\u00edrez ,Secretario General de SUTECO y el Secretario Gral Adjunto Gerardo&#8230; <span class=\"meta-more\"><a href=\"https:\/\/adfformosa.com.ar\/?p=4460\">Leer mas &raquo;<\/a><\/span><\/p>\n","protected":false},"author":3,"featured_media":4461,"comment_status":"open","ping_status":"closed","sticky":false,"template":"","format":"standard","meta":{"footnotes":""},"categories":[2],"tags":[],"class_list":["post-4460","post","type-post","status-publish","format-standard","has-post-thumbnail","hentry","category-prensa-adf","even alt"],"_links":{"self":[{"href":"https:\/\/adfformosa.com.ar\/index.php?rest_route=\/wp\/v2\/posts\/4460","targetHints":{"allow":["GET"]}}],"collection":[{"href":"https:\/\/adfformosa.com.ar\/index.php?rest_route=\/wp\/v2\/posts"}],"about":[{"href":"https:\/\/adfformosa.com.ar\/index.php?rest_route=\/wp\/v2\/types\/post"}],"author":[{"embeddable":true,"href":"https:\/\/adfformosa.com.ar\/index.php?rest_route=\/wp\/v2\/users\/3"}],"replies":[{"embeddable":true,"href":"https:\/\/adfformosa.com.ar\/index.php?rest_route=%2Fwp%2Fv2%2Fcomments&post=4460"}],"version-history":[{"count":4,"href":"https:\/\/adfformosa.com.ar\/index.php?rest_route=\/wp\/v2\/posts\/4460\/revisions"}],"predecessor-version":[{"id":4666,"href":"https:\/\/adfformosa.com.ar\/index.php?rest_route=\/wp\/v2\/posts\/4460\/revisions\/4666"}],"wp:featuredmedia":[{"embeddable":true,"href":"https:\/\/adfformosa.com.ar\/index.php?rest_route=\/wp\/v2\/media\/4461"}],"wp:attachment":[{"href":"https:\/\/adfformosa.com.ar\/index.php?rest_route=%2Fwp%2Fv2%2Fmedia&parent=4460"}],"wp:term":[{"taxonomy":"category","embeddable":true,"href":"https:\/\/adfformosa.com.ar\/index.php?rest_route=%2Fwp%2Fv2%2Fcategories&post=4460"},{"taxonomy":"post_tag","embeddable":true,"href":"https:\/\/adfformosa.com.ar\/index.php?rest_route=%2Fwp%2Fv2%2Ftags&post=4460"}],"curies":[{"name":"wp","href":"https:\/\/api.w.org\/{rel}","templated":true}]}}