{"id":4447,"date":"2016-07-01T11:52:05","date_gmt":"2016-07-01T14:52:05","guid":{"rendered":"http:\/\/adfformosa.com.ar\/?p=4447"},"modified":"2016-07-07T09:18:03","modified_gmt":"2016-07-07T12:18:03","slug":"adf-en-misiones-leverberg-vuelve-a-ocupar-el-cargo-de-secretaria-general-de-la-udpm","status":"publish","type":"post","link":"https:\/\/adfformosa.com.ar\/?p=4447","title":{"rendered":"ADF en Misiones \/ Leverberg vuelve a ocupar el cargo de Secretaria General de la UDPM"},"content":{"rendered":"<div id=\"s-share-buttons\" class=\"horizontal-w-c-r-border s-share-w-c\"><a href=\"http:\/\/www.facebook.com\/sharer.php?u=https:\/\/adfformosa.com.ar\/?p=4447\" target=\"_blank\" title=\"Share to Facebook\" class=\"s3-facebook hint--top\"><\/a><a href=\"http:\/\/twitter.com\/intent\/tweet?text=ADF en Misiones \/ Leverberg vuelve a ocupar el cargo de Secretaria General de la UDPM&url=https:\/\/adfformosa.com.ar\/?p=4447\" target=\"_blank\"  title=\"Share to Twitter\" class=\"s3-twitter hint--top\"><\/a><a href=\"https:\/\/plus.google.com\/share?url=https:\/\/adfformosa.com.ar\/?p=4447\" target=\"_blank\"  title=\"Share to Google Plus\" class=\"s3-google-plus hint--top\"><\/a><a href=\"http:\/\/www.digg.com\/submit?url=https:\/\/adfformosa.com.ar\/?p=4447\" target=\"_blank\"  title=\"Share to Digg\" class=\"s3-digg hint--top\"><\/a><a href=\"http:\/\/www.tumblr.com\/share\/link?url=https%3A%2F%2Fadfformosa.com.ar%2F%3Fp%3D4447&name=ADF+en+Misiones+%2F+Leverberg+vuelve+a+ocupar+el+cargo+de+Secretaria+General+de+la+UDPM\" target=\"_blank\" title=\"Share to Tumblr\" class=\"s3-tumblr hint--top\"><\/a><a href=\"mailto:?Subject=ADF%20en%20Misiones%20\/%20Leverberg%20vuelve%20a%20ocupar%20el%20cargo%20de%20Secretaria%20General%20de%20la%20UDPM&Body=Here%20is%20the%20link%20to%20the%20article:%20https:\/\/adfformosa.com.ar\/?p=4447\" title=\"Email this article\" class=\"s3-email hint--top\"><\/a><\/div><p style=\"text-align: justify;\"><img loading=\"lazy\" decoding=\"async\" class=\"wp-image-4448 size-full aligncenter\" src=\"https:\/\/adfformosa.com.ar\/wp-content\/uploads\/2016\/07\/image-5-e1467818014245.jpg\" width=\"600\" height=\"397\" \/><\/p>\n<p style=\"text-align: justify;\">La Uni\u00f3n de Docentes de la Provincia de Misiones (UDPM) proclam\u00f3 a las nuevas autoridades que fueron electas el pasado 28 de mayo y de esta manera Stella Maris Leverberg vuelve a la secretar\u00eda general de dicho sindicato. El acto se realiz\u00f3 durante la ma\u00f1ana de este viernes en el club Alem\u00e1n de Posadas, ante cerca de mil delegados, afiliados y dirigentes de la UDPM y de ADOMIS; con la presencia de autoridades provinciales y dirigentes de gremios docentes nacionales.<\/p>\n<p style=\"text-align: justify;\">Tambi\u00e9n en la oportunidad los militantes y dirigentes aprovecharon la ocasi\u00f3n para firmar un petitorio Por una nueva Ley de Financiamiento Educativo. Las planillas con las firmas ser\u00e1n presentadas ante la CTERA y el Ministerio de Educaci\u00f3n de la Naci\u00f3n.<\/p>\n<p style=\"text-align: justify;\"><em>\u201cTengo una emoci\u00f3n muy grande, que tenemos de poder volver llevar adelante los destinos de la UDPM, 46 a\u00f1os de vida, de lucha sostenida, de mucha verdad y responsabilidad. Hemos cuidado la representaci\u00f3n de la provincia de Misiones, se han ganado estos espacios y se ha ganado el acompa\u00f1amiento de toda la docencia misionera, porque fuimos construyendo paso a paso esta instituci\u00f3n que hoy es una de las m\u00e1s grandes del litoral argentino, orgullo absoluto\u201d<\/em>, indic\u00f3 emocionada la flamante secretaria general del sindicato.<\/p>\n<p style=\"text-align: justify;\"><em>\u201cEsa construcci\u00f3n se nutre y fortalece con los delegados escolares de las manos de la legitimas representaciones que son los delegados departamentales. Es una construcci\u00f3n en espiral, siempre ascendente. Es all\u00ed donde juegan muchos factores. Nosotros pertenecemos a la hist\u00f3rica celeste que es la CTERA, es nuestro brazo que nos indica y nos regala una rica historia de conquistas<\/em>\u201d, se\u00f1al\u00f3.<\/p>\n<p style=\"text-align: justify;\"><em>\u201cEn este camino vamos encontrando a la fuerza pol\u00edtica que nos representa y nos empuja a seguir trabajando con el mismo renovado y apasionado deseo de seguir entendiendo a la educaci\u00f3n como al tope de la agenda p\u00fablica\u201d<\/em>, a\u00f1adi\u00f3 Leverberg.<\/p>\n<p style=\"text-align: justify;\"><img loading=\"lazy\" decoding=\"async\" class=\"alignleft wp-image-4450 size-full\" src=\"https:\/\/adfformosa.com.ar\/wp-content\/uploads\/2016\/07\/udpm-4-e1467818315434.jpg\" width=\"300\" height=\"169\" \/>Tambi\u00e9n hizo hincapi\u00e9 en las persecuciones y agravios por parte de otros grupos opositores al sindicato. <em>\u201cAprendimos en esta trayectoria a superar dificultades, y vaya que las tenemos, son todos los d\u00edas que aparecen aquellos mezquinos o mal intencionados; pero saben qu\u00e9, el coraz\u00f3n es tan grande y generoso que no los vemos, no los sentimos y seguimos con la misma fuerza de la Renovaci\u00f3n con el ingeniero, Eduardo Rovira porque tenemos la voluntad de seguir consiguiendo m\u00e1s cosas para los misioneros y juntos\u201d<\/em>.<\/p>\n<p style=\"text-align: justify;\">Por \u00faltimo agradeci\u00f3 a su amigo gobernador de Misiones. <em>\u201cQuiero mandar mi saludo m\u00e1s sincero al amigo, al docente, al afiliado de la UDPM, Hugo Mario Passalacqua, gobernador de todos los misioneros\u201d<\/em>, cerr\u00f3.<\/p>\n<p style=\"text-align: justify;\">Participaro<img loading=\"lazy\" decoding=\"async\" class=\"wp-image-4451 size-full alignright\" src=\"https:\/\/adfformosa.com.ar\/wp-content\/uploads\/2016\/07\/marilu-e1467818292278.jpg\" width=\"300\" height=\"199\" \/>n del acto el vicegobernador de Misiones, Oscar Herrera Ahuad; la ministra de Educaci\u00f3n, Ivonne Aquino; la senadora, Sandra Gim\u00e9nez; la parlamentaria del MERCOSUR, Cecilia Britto; el presidente de CGE, Mauricio Maidana; el subsecretario de Educaci\u00f3n, Christian Dechat, Intendentes de distintas localidades de la provincia, concejales, funcionarios de la Educaci\u00f3n, entre otros.<\/p>\n<p style=\"text-align: justify;\">Tambi\u00e9n estuvieron representantes y dirigentes de la CTERA, que a la vez son Secretarios Generales de los sindicatos docentes de sus provincias como ser Roberto Baradel de SUTEBA, Luis Branchi de ADF, Gerardo Marturet de SUTECO.<\/p>\n<p style=\"text-align: justify;\">Luego del acto se realiz\u00f3 un agasajo para los delegados y militantes con la presentaci\u00f3n de grupos musicales y cuerpo de baile de escuelas de folclore de Ober\u00e1.<\/p>\n<p style=\"text-align: justify;\"><strong>Galer\u00eda de Fotos<\/strong><\/p>\n<p><img loading=\"lazy\" decoding=\"async\" class=\"aligncenter wp-image-4458 size-full\" src=\"https:\/\/adfformosa.com.ar\/wp-content\/uploads\/2016\/07\/image-11-e1467837275768.jpg\" width=\"600\" height=\"397\" \/><\/p>\n<p><img loading=\"lazy\" decoding=\"async\" class=\"aligncenter wp-image-4457 size-full\" src=\"https:\/\/adfformosa.com.ar\/wp-content\/uploads\/2016\/07\/image-9-e1467837288673.jpg\" width=\"600\" height=\"397\" \/><\/p>\n<div id=\"attachment_4456\" style=\"width: 610px\" class=\"wp-caption aligncenter\"><img loading=\"lazy\" decoding=\"async\" aria-describedby=\"caption-attachment-4456\" class=\"wp-image-4456 size-full\" src=\"https:\/\/adfformosa.com.ar\/wp-content\/uploads\/2016\/07\/esta-dos-e1467837300476.jpg\" width=\"600\" height=\"397\" \/><p id=\"caption-attachment-4456\" class=\"wp-caption-text\">Luis Branchi- Secretario General de ADF- en Misiones #UDPM<\/p><\/div>\n<p><img loading=\"lazy\" decoding=\"async\" class=\"aligncenter wp-image-4455 size-full\" src=\"https:\/\/adfformosa.com.ar\/wp-content\/uploads\/2016\/07\/image-e1467837310994.jpg\" width=\"600\" height=\"397\" \/><\/p>\n<p><img loading=\"lazy\" decoding=\"async\" class=\"aligncenter wp-image-4454 size-full\" src=\"https:\/\/adfformosa.com.ar\/wp-content\/uploads\/2016\/07\/image-3-e1467837321336.jpg\" width=\"600\" height=\"397\" \/><\/p>\n<p><img loading=\"lazy\" decoding=\"async\" class=\"aligncenter wp-image-4453 size-full\" src=\"https:\/\/adfformosa.com.ar\/wp-content\/uploads\/2016\/07\/image-1-e1467837330627.jpg\" width=\"600\" height=\"397\" \/><\/p>\n<p style=\"text-align: justify;\"><img loading=\"lazy\" decoding=\"async\" class=\"aligncenter wp-image-4452 size-full\" src=\"https:\/\/adfformosa.com.ar\/wp-content\/uploads\/2016\/07\/image-6-e1467837341922.jpg\" width=\"600\" height=\"397\" \/><\/p>\n","protected":false},"excerpt":{"rendered":"<p>La Uni\u00f3n de Docentes de la Provincia de Misiones (UDPM) proclam\u00f3 a las nuevas autoridades que fueron electas el pasado 28 de mayo y de esta manera Stella Maris Leverberg&#8230; <span class=\"meta-more\"><a href=\"https:\/\/adfformosa.com.ar\/?p=4447\">Leer mas &raquo;<\/a><\/span><\/p>\n","protected":false},"author":3,"featured_media":4458,"comment_status":"open","ping_status":"closed","sticky":false,"template":"","format":"standard","meta":{"footnotes":""},"categories":[2],"tags":[],"class_list":["post-4447","post","type-post","status-publish","format-standard","has-post-thumbnail","hentry","category-prensa-adf","even alt"],"_links":{"self":[{"href":"https:\/\/adfformosa.com.ar\/index.php?rest_route=\/wp\/v2\/posts\/4447","targetHints":{"allow":["GET"]}}],"collection":[{"href":"https:\/\/adfformosa.com.ar\/index.php?rest_route=\/wp\/v2\/posts"}],"about":[{"href":"https:\/\/adfformosa.com.ar\/index.php?rest_route=\/wp\/v2\/types\/post"}],"author":[{"embeddable":true,"href":"https:\/\/adfformosa.com.ar\/index.php?rest_route=\/wp\/v2\/users\/3"}],"replies":[{"embeddable":true,"href":"https:\/\/adfformosa.com.ar\/index.php?rest_route=%2Fwp%2Fv2%2Fcomments&post=4447"}],"version-history":[{"count":6,"href":"https:\/\/adfformosa.com.ar\/index.php?rest_route=\/wp\/v2\/posts\/4447\/revisions"}],"predecessor-version":[{"id":4485,"href":"https:\/\/adfformosa.com.ar\/index.php?rest_route=\/wp\/v2\/posts\/4447\/revisions\/4485"}],"wp:featuredmedia":[{"embeddable":true,"href":"https:\/\/adfformosa.com.ar\/index.php?rest_route=\/wp\/v2\/media\/4458"}],"wp:attachment":[{"href":"https:\/\/adfformosa.com.ar\/index.php?rest_route=%2Fwp%2Fv2%2Fmedia&parent=4447"}],"wp:term":[{"taxonomy":"category","embeddable":true,"href":"https:\/\/adfformosa.com.ar\/index.php?rest_route=%2Fwp%2Fv2%2Fcategories&post=4447"},{"taxonomy":"post_tag","embeddable":true,"href":"https:\/\/adfformosa.com.ar\/index.php?rest_route=%2Fwp%2Fv2%2Ftags&post=4447"}],"curies":[{"name":"wp","href":"https:\/\/api.w.org\/{rel}","templated":true}]}}