{"id":4441,"date":"2016-06-29T11:11:14","date_gmt":"2016-06-29T14:11:14","guid":{"rendered":"http:\/\/adfformosa.com.ar\/?p=4441"},"modified":"2016-07-06T17:36:15","modified_gmt":"2016-07-06T20:36:15","slug":"cine-taller-con-alumnos-y-profesores-de-la-epes-77-del-barrio-juan-manuel-de-rosas","status":"publish","type":"post","link":"https:\/\/adfformosa.com.ar\/?p=4441","title":{"rendered":"\u00abCine Taller\u00bb con alumnos y profesores de la EPES 77 del barrio Juan Manuel de Rosas"},"content":{"rendered":"<div id=\"s-share-buttons\" class=\"horizontal-w-c-r-border s-share-w-c\"><a href=\"http:\/\/www.facebook.com\/sharer.php?u=https:\/\/adfformosa.com.ar\/?p=4441\" target=\"_blank\" title=\"Share to Facebook\" class=\"s3-facebook hint--top\"><\/a><a href=\"http:\/\/twitter.com\/intent\/tweet?text=\u00abCine Taller\u00bb con alumnos y profesores de la EPES 77 del barrio Juan Manuel de Rosas&url=https:\/\/adfformosa.com.ar\/?p=4441\" target=\"_blank\"  title=\"Share to Twitter\" class=\"s3-twitter hint--top\"><\/a><a href=\"https:\/\/plus.google.com\/share?url=https:\/\/adfformosa.com.ar\/?p=4441\" target=\"_blank\"  title=\"Share to Google Plus\" class=\"s3-google-plus hint--top\"><\/a><a href=\"http:\/\/www.digg.com\/submit?url=https:\/\/adfformosa.com.ar\/?p=4441\" target=\"_blank\"  title=\"Share to Digg\" class=\"s3-digg hint--top\"><\/a><a href=\"http:\/\/www.tumblr.com\/share\/link?url=https%3A%2F%2Fadfformosa.com.ar%2F%3Fp%3D4441&name=%C2%ABCine+Taller%C2%BB+con+alumnos+y+profesores+de+la+EPES+77+del+barrio+Juan+Manuel+de+Rosas\" target=\"_blank\" title=\"Share to Tumblr\" class=\"s3-tumblr hint--top\"><\/a><a href=\"mailto:?Subject=\u00abCine%20Taller\u00bb%20con%20alumnos%20y%20profesores%20de%20la%20EPES%2077%20del%20barrio%20Juan%20Manuel%20de%20Rosas&Body=Here%20is%20the%20link%20to%20the%20article:%20https:\/\/adfformosa.com.ar\/?p=4441\" title=\"Email this article\" class=\"s3-email hint--top\"><\/a><\/div><div id=\"attachment_4442\" style=\"width: 610px\" class=\"wp-caption aligncenter\"><img loading=\"lazy\" decoding=\"async\" aria-describedby=\"caption-attachment-4442\" class=\"wp-image-4442 size-full\" src=\"https:\/\/adfformosa.com.ar\/wp-content\/uploads\/2016\/07\/cine-taller-2-e1467814814895.jpg\" width=\"600\" height=\"338\" \/><p id=\"caption-attachment-4442\" class=\"wp-caption-text\">Dina Fontana- Cine Taller de ADF #Formosa #Educaci\u00f3n<\/p><\/div>\n<p style=\"text-align: justify;\"><span style=\"text-decoration: underline; color: #339966;\">Acciones de la Secretar\u00eda de G\u00e9nero de ADF<\/span><\/p>\n<p style=\"text-align: justify;\">Continuando con las actividades programadas por esta Secretar\u00eda, se realiz\u00f3 un nuevo encuentro con alumnos y profesores secundarios , esta vez el lugar elegido fue el sal\u00f3n de usos m\u00faltiples de la escuela secundaria N\u00b0 77 del Barrio Juan Manuel de Rosas.<\/p>\n<p style=\"text-align: justify;\">El ciclo de \u00abCine Taller\u00bb fue diagramado por Delia Alegre y en esta jornada estuvieron Dina Fontana, Mercedes Galeano y Sergio D\u00edaz. en una jornada completa, ma\u00f1ana y tarde, compartiendo la pel\u00edcula y posterior debate \u00a0con alumnos y profesores.<\/p>\n<p style=\"text-align: justify;\"><img loading=\"lazy\" decoding=\"async\" class=\"wp-image-4443 size-full aligncenter\" src=\"https:\/\/adfformosa.com.ar\/wp-content\/uploads\/2016\/07\/cine-taller-2.2-e1467815860976.jpg\" width=\"600\" height=\"338\" \/><\/p>\n<p style=\"text-align: justify;\">La Secretar\u00eda gremial mantiene vivo el contacto con los directivos de las escuelas del medio y \u00a0trabaja coordinadamente en la prevenci\u00f3n de \u00abTrata de Persona\u00bb, para ello cuenta con todo el material sobre la tem\u00e1tica que las ayuda a trabajar en profundidad con los adolescentes, padres y profesores.<\/p>\n<p style=\"text-align: justify;\"><img loading=\"lazy\" decoding=\"async\" class=\"aligncenter wp-image-4445 size-full\" src=\"https:\/\/adfformosa.com.ar\/wp-content\/uploads\/2016\/07\/cine-taller-2.1-e1467815962146.jpg\" width=\"600\" height=\"338\" \/><\/p>\n<p style=\"text-align: justify;\"><span class=\"text_exposed_show\"><span style=\"text-decoration: underline;\">Fotos:<\/span> Dina Fontana; Mercedes Galeano y Sergio D\u00edaz.<\/span><\/p>\n","protected":false},"excerpt":{"rendered":"<p>Acciones de la Secretar\u00eda de G\u00e9nero de ADF Continuando con las actividades programadas por esta Secretar\u00eda, se realiz\u00f3 un nuevo encuentro con alumnos y profesores secundarios , esta vez el&#8230; <span class=\"meta-more\"><a href=\"https:\/\/adfformosa.com.ar\/?p=4441\">Leer mas &raquo;<\/a><\/span><\/p>\n","protected":false},"author":3,"featured_media":4445,"comment_status":"open","ping_status":"closed","sticky":false,"template":"","format":"standard","meta":{"footnotes":""},"categories":[2],"tags":[],"class_list":["post-4441","post","type-post","status-publish","format-standard","has-post-thumbnail","hentry","category-prensa-adf","even alt"],"_links":{"self":[{"href":"https:\/\/adfformosa.com.ar\/index.php?rest_route=\/wp\/v2\/posts\/4441","targetHints":{"allow":["GET"]}}],"collection":[{"href":"https:\/\/adfformosa.com.ar\/index.php?rest_route=\/wp\/v2\/posts"}],"about":[{"href":"https:\/\/adfformosa.com.ar\/index.php?rest_route=\/wp\/v2\/types\/post"}],"author":[{"embeddable":true,"href":"https:\/\/adfformosa.com.ar\/index.php?rest_route=\/wp\/v2\/users\/3"}],"replies":[{"embeddable":true,"href":"https:\/\/adfformosa.com.ar\/index.php?rest_route=%2Fwp%2Fv2%2Fcomments&post=4441"}],"version-history":[{"count":2,"href":"https:\/\/adfformosa.com.ar\/index.php?rest_route=\/wp\/v2\/posts\/4441\/revisions"}],"predecessor-version":[{"id":4480,"href":"https:\/\/adfformosa.com.ar\/index.php?rest_route=\/wp\/v2\/posts\/4441\/revisions\/4480"}],"wp:featuredmedia":[{"embeddable":true,"href":"https:\/\/adfformosa.com.ar\/index.php?rest_route=\/wp\/v2\/media\/4445"}],"wp:attachment":[{"href":"https:\/\/adfformosa.com.ar\/index.php?rest_route=%2Fwp%2Fv2%2Fmedia&parent=4441"}],"wp:term":[{"taxonomy":"category","embeddable":true,"href":"https:\/\/adfformosa.com.ar\/index.php?rest_route=%2Fwp%2Fv2%2Fcategories&post=4441"},{"taxonomy":"post_tag","embeddable":true,"href":"https:\/\/adfformosa.com.ar\/index.php?rest_route=%2Fwp%2Fv2%2Ftags&post=4441"}],"curies":[{"name":"wp","href":"https:\/\/api.w.org\/{rel}","templated":true}]}}