{"id":4438,"date":"2016-06-23T11:03:28","date_gmt":"2016-06-23T14:03:28","guid":{"rendered":"http:\/\/adfformosa.com.ar\/?p=4438"},"modified":"2016-11-15T09:56:47","modified_gmt":"2016-11-15T12:56:47","slug":"branchimiembro-de-la-junta-ejecutiva-de-ctera-participo-de-la-reunion-por-paritaria-nacional-docente","status":"publish","type":"post","link":"https:\/\/adfformosa.com.ar\/?p=4438","title":{"rendered":"Branchi,miembro de la Junta Ejecutiva de CTERA particip\u00f3 de la reuni\u00f3n por paritaria nacional docente"},"content":{"rendered":"<div id=\"s-share-buttons\" class=\"horizontal-w-c-r-border s-share-w-c\"><a href=\"http:\/\/www.facebook.com\/sharer.php?u=https:\/\/adfformosa.com.ar\/?p=4438\" target=\"_blank\" title=\"Share to Facebook\" class=\"s3-facebook hint--top\"><\/a><a href=\"http:\/\/twitter.com\/intent\/tweet?text=Branchi,miembro de la Junta Ejecutiva de CTERA particip\u00f3 de la reuni\u00f3n por paritaria nacional docente&url=https:\/\/adfformosa.com.ar\/?p=4438\" target=\"_blank\"  title=\"Share to Twitter\" class=\"s3-twitter hint--top\"><\/a><a href=\"https:\/\/plus.google.com\/share?url=https:\/\/adfformosa.com.ar\/?p=4438\" target=\"_blank\"  title=\"Share to Google Plus\" class=\"s3-google-plus hint--top\"><\/a><a href=\"http:\/\/www.digg.com\/submit?url=https:\/\/adfformosa.com.ar\/?p=4438\" target=\"_blank\"  title=\"Share to Digg\" class=\"s3-digg hint--top\"><\/a><a href=\"http:\/\/www.tumblr.com\/share\/link?url=https%3A%2F%2Fadfformosa.com.ar%2F%3Fp%3D4438&name=Branchi%2Cmiembro+de+la+Junta+Ejecutiva+de+CTERA+particip%C3%B3+de+la+reuni%C3%B3n+por+paritaria+nacional+docente\" target=\"_blank\" title=\"Share to Tumblr\" class=\"s3-tumblr hint--top\"><\/a><a href=\"mailto:?Subject=Branchi,miembro%20de%20la%20Junta%20Ejecutiva%20de%20CTERA%20particip\u00f3%20de%20la%20reuni\u00f3n%20por%20paritaria%20nacional%20docente&Body=Here%20is%20the%20link%20to%20the%20article:%20https:\/\/adfformosa.com.ar\/?p=4438\" title=\"Email this article\" class=\"s3-email hint--top\"><\/a><\/div><div id=\"attachment_4439\" style=\"width: 610px\" class=\"wp-caption aligncenter\"><img loading=\"lazy\" decoding=\"async\" aria-describedby=\"caption-attachment-4439\" class=\"wp-image-4439 size-full\" src=\"https:\/\/adfformosa.com.ar\/wp-content\/uploads\/2016\/07\/luis-en-paritaria-e1467814058517.jpg\" width=\"600\" height=\"400\" \/><p id=\"caption-attachment-4439\" class=\"wp-caption-text\">Luis Branchi- Secretario de Acci\u00f3n Social de CTERA &#8211; Secretario General de ADF #Formosa<\/p><\/div>\n<p style=\"text-align: justify;\"><span style=\"text-decoration: underline; color: #ff0000;\">Parte de Prensa de CTERA.<\/span><\/p>\n<p style=\"text-align: justify;\">El jueves 23 de junio fue convocada una \u00a0reuni\u00f3n de la Paritaria Nacional Docente en la que\u00a0participaron los cincos sindicatos nacionales.<\/p>\n<p style=\"text-align: justify;\"><span class=\"text_exposed_show\">Estuvo presente el Ministro de Educaci\u00f3n de la Naci\u00f3n Esteban Bullrich y miembros de su gabinete.<\/span><\/p>\n<div class=\"text_exposed_show\">\n<p style=\"text-align: justify;\">CTERA estuvo representada por Luis Branchi &#8211; Sec. de Acci\u00f3n Social -, Miguel Duhalde &#8211; Sec. de Educaci\u00f3n &#8211; y Alejo Demichelis &#8211; Sec. de Prensa -.<\/p>\n<p style=\"text-align: justify;\">La CTERA hizo los siguientes reclamos al Ministro de Educaci\u00f3n:<\/p>\n<p style=\"text-align: justify;\">&#8211; Nuevamente volvi\u00f3 a plantear la situaci\u00f3n en Tierra del Fuego, reclamando que el Ministerio arbitre urgentemente \u00e1mbitos de di\u00e1logo para solucionar el conflicto educativo.<\/p>\n<p style=\"text-align: justify;\">&#8211; La continuidad de la discusi\u00f3n del Convenio Colectivo de los Trabajadores de la Educaci\u00f3n.<\/p>\n<p style=\"text-align: justify;\">&#8211; Que se convoque urgentemente a la Comisi\u00f3n T\u00e9cnica de formaci\u00f3n docente.<\/p>\n<p style=\"text-align: justify;\">&#8211; Ante la grave represi\u00f3n ocurrida en Oaxaca &#8211; M\u00e9xico &#8211; donde fueron asesinados 12 maestros, que el Gobierno Nacional informe al Gobierno de M\u00e9xico del repudio y rechazo de las organizaciones sindicales docentes ante los brutales hechos ocurridos.<\/p>\n<p style=\"text-align: justify;\">&#8211; Se inform\u00f3 que los sindicatos docentes nucleados en la IEAL -Internacional de la Educaci\u00f3n para Am\u00e9rica Latina &#8211; est\u00e1n enviando notas al Gobierno de M\u00e9xico repudiando la asesina represi\u00f3n.<\/p>\n<p style=\"text-align: justify;\">Jueves 23 de junio de 2016<\/p>\n<p style=\"text-align: justify;\">PRENSA CTERA<\/p>\n<\/div>\n","protected":false},"excerpt":{"rendered":"<p>Parte de Prensa de CTERA. El jueves 23 de junio fue convocada una \u00a0reuni\u00f3n de la Paritaria Nacional Docente en la que\u00a0participaron los cincos sindicatos nacionales. Estuvo presente el Ministro&#8230; <span class=\"meta-more\"><a href=\"https:\/\/adfformosa.com.ar\/?p=4438\">Leer mas &raquo;<\/a><\/span><\/p>\n","protected":false},"author":3,"featured_media":4439,"comment_status":"open","ping_status":"closed","sticky":false,"template":"","format":"standard","meta":{"footnotes":""},"categories":[2],"tags":[],"class_list":["post-4438","post","type-post","status-publish","format-standard","has-post-thumbnail","hentry","category-prensa-adf","even alt"],"_links":{"self":[{"href":"https:\/\/adfformosa.com.ar\/index.php?rest_route=\/wp\/v2\/posts\/4438","targetHints":{"allow":["GET"]}}],"collection":[{"href":"https:\/\/adfformosa.com.ar\/index.php?rest_route=\/wp\/v2\/posts"}],"about":[{"href":"https:\/\/adfformosa.com.ar\/index.php?rest_route=\/wp\/v2\/types\/post"}],"author":[{"embeddable":true,"href":"https:\/\/adfformosa.com.ar\/index.php?rest_route=\/wp\/v2\/users\/3"}],"replies":[{"embeddable":true,"href":"https:\/\/adfformosa.com.ar\/index.php?rest_route=%2Fwp%2Fv2%2Fcomments&post=4438"}],"version-history":[{"count":3,"href":"https:\/\/adfformosa.com.ar\/index.php?rest_route=\/wp\/v2\/posts\/4438\/revisions"}],"predecessor-version":[{"id":4667,"href":"https:\/\/adfformosa.com.ar\/index.php?rest_route=\/wp\/v2\/posts\/4438\/revisions\/4667"}],"wp:featuredmedia":[{"embeddable":true,"href":"https:\/\/adfformosa.com.ar\/index.php?rest_route=\/wp\/v2\/media\/4439"}],"wp:attachment":[{"href":"https:\/\/adfformosa.com.ar\/index.php?rest_route=%2Fwp%2Fv2%2Fmedia&parent=4438"}],"wp:term":[{"taxonomy":"category","embeddable":true,"href":"https:\/\/adfformosa.com.ar\/index.php?rest_route=%2Fwp%2Fv2%2Fcategories&post=4438"},{"taxonomy":"post_tag","embeddable":true,"href":"https:\/\/adfformosa.com.ar\/index.php?rest_route=%2Fwp%2Fv2%2Ftags&post=4438"}],"curies":[{"name":"wp","href":"https:\/\/api.w.org\/{rel}","templated":true}]}}