{"id":4421,"date":"2016-06-10T16:19:52","date_gmt":"2016-06-10T19:19:52","guid":{"rendered":"http:\/\/adfformosa.com.ar\/?p=4421"},"modified":"2016-11-15T09:58:15","modified_gmt":"2016-11-15T12:58:15","slug":"reconocimiento-de-la-legislatura-a-docentes-pioneras-en-la-ensenanza-de-nivel-inicial-de-formosa","status":"publish","type":"post","link":"https:\/\/adfformosa.com.ar\/?p=4421","title":{"rendered":"Reconocimiento de la Legislatura a docentes pioneras en la ense\u00f1anza de Nivel Inicial de Formosa"},"content":{"rendered":"<div id=\"s-share-buttons\" class=\"horizontal-w-c-r-border s-share-w-c\"><a href=\"http:\/\/www.facebook.com\/sharer.php?u=https:\/\/adfformosa.com.ar\/?p=4421\" target=\"_blank\" title=\"Share to Facebook\" class=\"s3-facebook hint--top\"><\/a><a href=\"http:\/\/twitter.com\/intent\/tweet?text=Reconocimiento de la Legislatura a docentes pioneras en la ense\u00f1anza de Nivel Inicial de Formosa&url=https:\/\/adfformosa.com.ar\/?p=4421\" target=\"_blank\"  title=\"Share to Twitter\" class=\"s3-twitter hint--top\"><\/a><a href=\"https:\/\/plus.google.com\/share?url=https:\/\/adfformosa.com.ar\/?p=4421\" target=\"_blank\"  title=\"Share to Google Plus\" class=\"s3-google-plus hint--top\"><\/a><a href=\"http:\/\/www.digg.com\/submit?url=https:\/\/adfformosa.com.ar\/?p=4421\" target=\"_blank\"  title=\"Share to Digg\" class=\"s3-digg hint--top\"><\/a><a href=\"http:\/\/www.tumblr.com\/share\/link?url=https%3A%2F%2Fadfformosa.com.ar%2F%3Fp%3D4421&name=Reconocimiento+de+la+Legislatura+a+docentes+pioneras+en+la+ense%C3%B1anza+de+Nivel+Inicial+de+Formosa\" target=\"_blank\" title=\"Share to Tumblr\" class=\"s3-tumblr hint--top\"><\/a><a href=\"mailto:?Subject=Reconocimiento%20de%20la%20Legislatura%20a%20docentes%20pioneras%20en%20la%20ense\u00f1anza%20de%20Nivel%20Inicial%20de%20Formosa&Body=Here%20is%20the%20link%20to%20the%20article:%20https:\/\/adfformosa.com.ar\/?p=4421\" title=\"Email this article\" class=\"s3-email hint--top\"><\/a><\/div><blockquote>\n<div id=\"attachment_4422\" style=\"width: 610px\" class=\"wp-caption aligncenter\"><img loading=\"lazy\" decoding=\"async\" aria-describedby=\"caption-attachment-4422\" class=\"wp-image-4422 size-full\" src=\"https:\/\/adfformosa.com.ar\/wp-content\/uploads\/2016\/06\/las-4-juntas-maestras-legisltura-e1466799166571.jpg\" width=\"600\" height=\"360\" \/><p id=\"caption-attachment-4422\" class=\"wp-caption-text\">Docentes pioneras del Nivel Inicial de Formosa distinguidas por la Legislatura provincial.Iniciativa del Diputado Rub\u00e9n Ch\u00e1vez.<\/p><\/div><\/blockquote>\n<p>Amanda Beatriz de Pedro de Garc\u00eda; Itat\u00ed Carmen Nydia Hern\u00e1ndez de Ben\u00edtez Femen\u00eda; Beatriz Mar\u00eda Molina y Mar\u00eda Francisca Franco son las docentes pioneras en la ense\u00f1anza del Nivel Inicial de nuestra provincia que recibieron una distinci\u00f3n especial en la sesi\u00f3n de este jueves 9 de junio en la Legislatura de la Provincia de Formosa.<\/p>\n<p>La distinci\u00f3n lleg\u00f3 a trav\u00e9s de un trabajo de investigaci\u00f3n sobre las docentes pioneras del nivel, realizado por la Comisi\u00f3n de Asuntos de Desarrollo Social, Cultura y Educaci\u00f3n a cargo del Diputado y Secretario Gremial de ADF, Rub\u00e9n Ch\u00e1vez y la Direcci\u00f3n del Nivel Inicial del Ministerio de Cultura y Educaci\u00f3n a cargo de\u00a0la profesora Olga Beatriz Lotto.<\/p>\n<p style=\"text-align: center;\"><span style=\"text-decoration: underline;\"><em><strong>Testimonio de la \u00abse\u00f1o Betty\u00bb<\/strong><\/em><\/span><\/p>\n<blockquote>\n<p style=\"text-align: justify;\">Amanda Beatriz de Pedro Garc\u00eda, record\u00f3 los inicios de los Jardines de Infantes en la provincia, en un sal\u00f3n prestado con 14 ni\u00f1os y bajo la gu\u00eda de la Liga de Madres de Familia.<\/p>\n<p style=\"text-align: justify;\">\n<b>\u201cLa d\u00e9cada del \u201860 marc\u00f3 un antes y un despu\u00e9s dentro de la educaci\u00f3n inicial en la provincia de Formosa. Entre sus calles que comenzaban a cambiar su paisaje por una pintoresca ciudad, recientemente provincializada, nac\u00eda la necesidad de crear un nuevo nivel educativo para el aprendizaje de los m\u00e1s peque\u00f1itos de esa \u00e9poca\u201d<\/b>, se\u00f1al\u00f3 la docente.<br \/>\nAs\u00ed, una comisi\u00f3n de la Liga de Madres de Familia hizo suya la iniciativa y emprendi\u00f3 el desaf\u00edo, y el 16 de marzo de 1964 cre\u00f3 el primer jard\u00edn de infantes, el cual funcion\u00f3 en el sal\u00f3n parroquial de la Iglesia Catedral, y convoc\u00f3 a Amanda Beatriz de Pedro Garc\u00eda, tambi\u00e9n llamada \u201cLa se\u00f1o Bety\u201d, quien se convirti\u00f3 en la primera maestra jardinera del establecimiento.<\/p>\n<p style=\"text-align: justify;\"><b>\u201cLa Liga de Madres de Familia me convoc\u00f3 para que sea su primera maestra jardinera, soy maestra de grado, pero en ese entonces no hab\u00eda maestras jardineras en la provincia, porque no hab\u00eda profesorado y era muy dif\u00edcil ir a estudiar afuera\u201d,<\/b> explic\u00f3.Amada de Pedro Garc\u00eda rememor\u00f3 que el primer d\u00eda de clases comenz\u00f3 con 14 alumnos dentro de un sal\u00f3n prestado, donde actualmente se encuentra el Sal\u00f3n Parroquial de la Catedral, con 14 sillitas y un ba\u00f1o para los alumnos. <b>\u201cEl 16 de marzo de comenc\u00e9 a ense\u00f1ar. Comenc\u00e9 sola, pero con el apoyo de la Liga de Madres de Familia, que me acompa\u00f1\u00f3 y me gui\u00f3 en ese entonces\u201d<\/b>, relat\u00f3.<\/p>\n<p style=\"text-align: justify;\">La docente dijo sentirse asombrada por la evoluci\u00f3n en la educaci\u00f3n y resalt\u00f3 que se dio un salto significativo en la educaci\u00f3n inicial, destacando la interacci\u00f3n existente entre padres, alumnos y docentes por inculcar valores al ni\u00f1o en el inicio del aprendizaje. \u201cAhora existen m\u00e1s elementos para los chicos y los docentes, se actualiza m\u00e1s\u201d, puntualiz\u00f3.<\/p>\n<\/blockquote>\n<h3 style=\"text-align: center;\"><span style=\"text-decoration: underline;\">Acto<\/span><\/h3>\n<p style=\"text-align: justify;\">Del acto participaron \u00a0la Subsecretaria del Ministerio de Cultura y Educaci\u00f3n,\u00a0Anal\u00eda Heizenreder; la Directora del Nivel Inicial,\u00a0Olga Beatriz Lotto y<\/p>\n<p style=\"text-align: justify;\">los familiares de las docentes quienes emocionados escucharon las palabras de Mar\u00eda Francisco Franco al recibir la\u00a0Resoluci\u00f3n N\u00b02720 que les otorga la \u00abdistinci\u00f3n especial y permanente\u00bb.<\/p>\n<p><iframe loading=\"lazy\" title=\"Docentes pioneras del Nivel Inicial de Formosa: palabras de Mar\u00eda Francisca Franco .\" width=\"500\" height=\"281\" src=\"https:\/\/www.youtube.com\/embed\/u8u-EmHL8-g?feature=oembed\" frameborder=\"0\" allow=\"accelerometer; autoplay; clipboard-write; encrypted-media; gyroscope; picture-in-picture; web-share\" referrerpolicy=\"strict-origin-when-cross-origin\" allowfullscreen><\/iframe><\/p>\n<p style=\"text-align: center;\"><span style=\"text-decoration: underline;\"><strong>Im\u00e1genes<\/strong><\/span><\/p>\n<div id=\"attachment_4428\" style=\"width: 160px\" class=\"wp-caption alignleft\"><img loading=\"lazy\" decoding=\"async\" aria-describedby=\"caption-attachment-4428\" class=\"wp-image-4428 size-thumbnail\" src=\"https:\/\/adfformosa.com.ar\/wp-content\/uploads\/2016\/06\/legislatura-7-150x150.jpg\" width=\"150\" height=\"150\" srcset=\"https:\/\/adfformosa.com.ar\/wp-content\/uploads\/2016\/06\/legislatura-7-150x150.jpg 150w, https:\/\/adfformosa.com.ar\/wp-content\/uploads\/2016\/06\/legislatura-7-144x144.jpg 144w\" sizes=\"auto, (max-width: 150px) 100vw, 150px\" \/><p id=\"caption-attachment-4428\" class=\"wp-caption-text\">Mar\u00eda Francisca Franco. Pionera en la docencia del Nivel Inicial Formosa<\/p><\/div>\n<div id=\"attachment_4430\" style=\"width: 160px\" class=\"wp-caption alignleft\"><img loading=\"lazy\" decoding=\"async\" aria-describedby=\"caption-attachment-4430\" class=\"wp-image-4430 size-thumbnail\" src=\"https:\/\/adfformosa.com.ar\/wp-content\/uploads\/2016\/06\/13241280_10208139742682802_8192965675635417441_n-150x150.jpg\" width=\"150\" height=\"150\" srcset=\"https:\/\/adfformosa.com.ar\/wp-content\/uploads\/2016\/06\/13241280_10208139742682802_8192965675635417441_n-150x150.jpg 150w, https:\/\/adfformosa.com.ar\/wp-content\/uploads\/2016\/06\/13241280_10208139742682802_8192965675635417441_n-144x144.jpg 144w\" sizes=\"auto, (max-width: 150px) 100vw, 150px\" \/><p id=\"caption-attachment-4430\" class=\"wp-caption-text\">Amanda Beatriz de Pedro Garc\u00eda, la \u00abSe\u00f1o Betty\u00bb.<\/p><\/div>\n<div id=\"attachment_4431\" style=\"width: 160px\" class=\"wp-caption alignleft\"><img loading=\"lazy\" decoding=\"async\" aria-describedby=\"caption-attachment-4431\" class=\"wp-image-4431 size-thumbnail\" src=\"https:\/\/adfformosa.com.ar\/wp-content\/uploads\/2016\/06\/13241101_10208139742922808_2425413381963385463_n-150x150.jpg\" width=\"150\" height=\"150\" srcset=\"https:\/\/adfformosa.com.ar\/wp-content\/uploads\/2016\/06\/13241101_10208139742922808_2425413381963385463_n-150x150.jpg 150w, https:\/\/adfformosa.com.ar\/wp-content\/uploads\/2016\/06\/13241101_10208139742922808_2425413381963385463_n-144x144.jpg 144w\" sizes=\"auto, (max-width: 150px) 100vw, 150px\" \/><p id=\"caption-attachment-4431\" class=\"wp-caption-text\">Itat\u00ed Hern\u00e1ndez de Ben\u00edtez Femen\u00eda.<\/p><\/div>\n<p><img loading=\"lazy\" decoding=\"async\" class=\"wp-image-4429 size-thumbnail alignleft\" src=\"https:\/\/adfformosa.com.ar\/wp-content\/uploads\/2016\/06\/legislatura-portada-maestra-150x150.jpg\" width=\"150\" height=\"150\" srcset=\"https:\/\/adfformosa.com.ar\/wp-content\/uploads\/2016\/06\/legislatura-portada-maestra-150x150.jpg 150w, https:\/\/adfformosa.com.ar\/wp-content\/uploads\/2016\/06\/legislatura-portada-maestra-144x144.jpg 144w\" sizes=\"auto, (max-width: 150px) 100vw, 150px\" \/><\/p>\n<p><img loading=\"lazy\" decoding=\"async\" class=\"wp-image-4423 size-thumbnail alignnone\" src=\"https:\/\/adfformosa.com.ar\/wp-content\/uploads\/2016\/06\/13407581_10209373159350226_1940522788_n-150x150.jpg\" width=\"150\" height=\"150\" srcset=\"https:\/\/adfformosa.com.ar\/wp-content\/uploads\/2016\/06\/13407581_10209373159350226_1940522788_n-150x150.jpg 150w, https:\/\/adfformosa.com.ar\/wp-content\/uploads\/2016\/06\/13407581_10209373159350226_1940522788_n-144x144.jpg 144w\" sizes=\"auto, (max-width: 150px) 100vw, 150px\" \/><img loading=\"lazy\" decoding=\"async\" class=\"wp-image-4424 size-thumbnail alignnone\" src=\"https:\/\/adfformosa.com.ar\/wp-content\/uploads\/2016\/06\/legislatura-2-150x150.jpg\" width=\"150\" height=\"150\" srcset=\"https:\/\/adfformosa.com.ar\/wp-content\/uploads\/2016\/06\/legislatura-2-150x150.jpg 150w, https:\/\/adfformosa.com.ar\/wp-content\/uploads\/2016\/06\/legislatura-2-144x144.jpg 144w\" sizes=\"auto, (max-width: 150px) 100vw, 150px\" \/><img loading=\"lazy\" decoding=\"async\" class=\"wp-image-4425 size-thumbnail alignnone\" src=\"https:\/\/adfformosa.com.ar\/wp-content\/uploads\/2016\/06\/legislatura-4-150x150.jpg\" width=\"150\" height=\"150\" srcset=\"https:\/\/adfformosa.com.ar\/wp-content\/uploads\/2016\/06\/legislatura-4-150x150.jpg 150w, https:\/\/adfformosa.com.ar\/wp-content\/uploads\/2016\/06\/legislatura-4-144x144.jpg 144w\" sizes=\"auto, (max-width: 150px) 100vw, 150px\" \/><img loading=\"lazy\" decoding=\"async\" class=\"wp-image-4426 size-thumbnail alignnone\" src=\"https:\/\/adfformosa.com.ar\/wp-content\/uploads\/2016\/06\/legislatura-5-150x150.jpg\" width=\"150\" height=\"150\" srcset=\"https:\/\/adfformosa.com.ar\/wp-content\/uploads\/2016\/06\/legislatura-5-150x150.jpg 150w, https:\/\/adfformosa.com.ar\/wp-content\/uploads\/2016\/06\/legislatura-5-144x144.jpg 144w\" sizes=\"auto, (max-width: 150px) 100vw, 150px\" \/><img loading=\"lazy\" decoding=\"async\" class=\"wp-image-4427 size-thumbnail alignnone\" src=\"https:\/\/adfformosa.com.ar\/wp-content\/uploads\/2016\/06\/legislatura-6-150x150.jpg\" width=\"150\" height=\"150\" srcset=\"https:\/\/adfformosa.com.ar\/wp-content\/uploads\/2016\/06\/legislatura-6-150x150.jpg 150w, https:\/\/adfformosa.com.ar\/wp-content\/uploads\/2016\/06\/legislatura-6-144x144.jpg 144w\" sizes=\"auto, (max-width: 150px) 100vw, 150px\" \/><\/p>\n","protected":false},"excerpt":{"rendered":"<p>Amanda Beatriz de Pedro de Garc\u00eda; Itat\u00ed Carmen Nydia Hern\u00e1ndez de Ben\u00edtez Femen\u00eda; Beatriz Mar\u00eda Molina y Mar\u00eda Francisca Franco son las docentes pioneras en la ense\u00f1anza del Nivel Inicial&#8230; <span class=\"meta-more\"><a href=\"https:\/\/adfformosa.com.ar\/?p=4421\">Leer mas &raquo;<\/a><\/span><\/p>\n","protected":false},"author":3,"featured_media":4425,"comment_status":"open","ping_status":"closed","sticky":false,"template":"","format":"standard","meta":{"footnotes":""},"categories":[2],"tags":[],"class_list":["post-4421","post","type-post","status-publish","format-standard","has-post-thumbnail","hentry","category-prensa-adf","even alt"],"_links":{"self":[{"href":"https:\/\/adfformosa.com.ar\/index.php?rest_route=\/wp\/v2\/posts\/4421","targetHints":{"allow":["GET"]}}],"collection":[{"href":"https:\/\/adfformosa.com.ar\/index.php?rest_route=\/wp\/v2\/posts"}],"about":[{"href":"https:\/\/adfformosa.com.ar\/index.php?rest_route=\/wp\/v2\/types\/post"}],"author":[{"embeddable":true,"href":"https:\/\/adfformosa.com.ar\/index.php?rest_route=\/wp\/v2\/users\/3"}],"replies":[{"embeddable":true,"href":"https:\/\/adfformosa.com.ar\/index.php?rest_route=%2Fwp%2Fv2%2Fcomments&post=4421"}],"version-history":[{"count":6,"href":"https:\/\/adfformosa.com.ar\/index.php?rest_route=\/wp\/v2\/posts\/4421\/revisions"}],"predecessor-version":[{"id":4669,"href":"https:\/\/adfformosa.com.ar\/index.php?rest_route=\/wp\/v2\/posts\/4421\/revisions\/4669"}],"wp:featuredmedia":[{"embeddable":true,"href":"https:\/\/adfformosa.com.ar\/index.php?rest_route=\/wp\/v2\/media\/4425"}],"wp:attachment":[{"href":"https:\/\/adfformosa.com.ar\/index.php?rest_route=%2Fwp%2Fv2%2Fmedia&parent=4421"}],"wp:term":[{"taxonomy":"category","embeddable":true,"href":"https:\/\/adfformosa.com.ar\/index.php?rest_route=%2Fwp%2Fv2%2Fcategories&post=4421"},{"taxonomy":"post_tag","embeddable":true,"href":"https:\/\/adfformosa.com.ar\/index.php?rest_route=%2Fwp%2Fv2%2Ftags&post=4421"}],"curies":[{"name":"wp","href":"https:\/\/api.w.org\/{rel}","templated":true}]}}