{"id":4322,"date":"2016-06-18T12:09:22","date_gmt":"2016-06-18T15:09:22","guid":{"rendered":"http:\/\/adfformosa.com.ar\/?p=4322"},"modified":"2016-07-06T17:40:02","modified_gmt":"2016-07-06T20:40:02","slug":"acciones-de-adf-en-el-dia-mundial-contra-el-trabajo-infantil","status":"publish","type":"post","link":"https:\/\/adfformosa.com.ar\/?p=4322","title":{"rendered":"Acciones de ADF en el \u00abD\u00eda Mundial contra el Trabajo Infantil\u00bb"},"content":{"rendered":"<div id=\"s-share-buttons\" class=\"horizontal-w-c-r-border s-share-w-c\"><a href=\"http:\/\/www.facebook.com\/sharer.php?u=https:\/\/adfformosa.com.ar\/?p=4322\" target=\"_blank\" title=\"Share to Facebook\" class=\"s3-facebook hint--top\"><\/a><a href=\"http:\/\/twitter.com\/intent\/tweet?text=Acciones de ADF en el \u00abD\u00eda Mundial contra el Trabajo Infantil\u00bb&url=https:\/\/adfformosa.com.ar\/?p=4322\" target=\"_blank\"  title=\"Share to Twitter\" class=\"s3-twitter hint--top\"><\/a><a href=\"https:\/\/plus.google.com\/share?url=https:\/\/adfformosa.com.ar\/?p=4322\" target=\"_blank\"  title=\"Share to Google Plus\" class=\"s3-google-plus hint--top\"><\/a><a href=\"http:\/\/www.digg.com\/submit?url=https:\/\/adfformosa.com.ar\/?p=4322\" target=\"_blank\"  title=\"Share to Digg\" class=\"s3-digg hint--top\"><\/a><a href=\"http:\/\/www.tumblr.com\/share\/link?url=https%3A%2F%2Fadfformosa.com.ar%2F%3Fp%3D4322&name=Acciones+de+ADF+en+el+%C2%ABD%C3%ADa+Mundial+contra+el+Trabajo+Infantil%C2%BB\" target=\"_blank\" title=\"Share to Tumblr\" class=\"s3-tumblr hint--top\"><\/a><a href=\"mailto:?Subject=Acciones%20de%20ADF%20en%20el%20\u00abD\u00eda%20Mundial%20contra%20el%20Trabajo%20Infantil\u00bb&Body=Here%20is%20the%20link%20to%20the%20article:%20https:\/\/adfformosa.com.ar\/?p=4322\" title=\"Email this article\" class=\"s3-email hint--top\"><\/a><\/div><p style=\"text-align: justify;\"><img loading=\"lazy\" decoding=\"async\" class=\"wp-image-4324 size-full aligncenter\" src=\"https:\/\/adfformosa.com.ar\/wp-content\/uploads\/2016\/06\/13435426_1734917220085231_2434584836325031301_n.jpg\" alt=\"\" width=\"540\" height=\"960\" srcset=\"https:\/\/adfformosa.com.ar\/wp-content\/uploads\/2016\/06\/13435426_1734917220085231_2434584836325031301_n.jpg 540w, https:\/\/adfformosa.com.ar\/wp-content\/uploads\/2016\/06\/13435426_1734917220085231_2434584836325031301_n-169x300.jpg 169w\" sizes=\"auto, (max-width: 540px) 100vw, 540px\" \/><\/p>\n<p style=\"text-align: justify;\">Al conmemorarse el \u00abD\u00eda Mundial contra el Trabajo Infantil\u00bb las compa\u00f1eras del gremio estuvieron en la Plaza San Mart\u00edn entregando folletos para concientizar a los diferentes actores de la sociedad.<\/p>\n<p style=\"text-align: justify;\">Porque un chico debe jugar y divertirse, tiene que estudiar, practicar deportes, realizar actividades recreativas y so\u00f1ar en presente.Pero la realidad es bien distinta y lo peor que podemos hacer es negarla o mirar para otro lado.<\/p>\n<div class=\"text_exposed_show\">\n<p style=\"text-align: justify;\">Luchar contra el trabajo y la explotaci\u00f3n infantil es una preocupaci\u00f3n permanente para ADF y esta actividad se enmarca dentro de las acciones desarrolladas por la Secretar\u00eda de G\u00e9nero a cargo de Delia Alegre.<\/p>\n<p style=\"text-align: justify;\"><strong>Galer\u00eda de fotos<\/strong><\/p>\n<p style=\"text-align: center;\"><img loading=\"lazy\" decoding=\"async\" class=\"alignnone wp-image-4325 size-full\" src=\"https:\/\/adfformosa.com.ar\/wp-content\/uploads\/2016\/06\/13407051_1734919000085053_1933322813229719830_n-e1466772533365.jpg\" width=\"600\" height=\"450\" \/><\/p>\n<p style=\"text-align: center;\"><img loading=\"lazy\" decoding=\"async\" class=\"alignnone wp-image-4326 size-full\" src=\"https:\/\/adfformosa.com.ar\/wp-content\/uploads\/2016\/06\/13412913_1734918780085075_8078557372648567815_n-e1466772558423.jpg\" width=\"600\" height=\"450\" \/><\/p>\n<p style=\"text-align: center;\"><img loading=\"lazy\" decoding=\"async\" class=\"alignnone wp-image-4327 size-full\" src=\"https:\/\/adfformosa.com.ar\/wp-content\/uploads\/2016\/06\/13413581_1734918670085086_6222682214612926515_n-e1466772570345.jpg\" width=\"600\" height=\"450\" \/><\/p>\n<p style=\"text-align: center;\"><img loading=\"lazy\" decoding=\"async\" class=\"alignnone wp-image-4328 size-full\" src=\"https:\/\/adfformosa.com.ar\/wp-content\/uploads\/2016\/06\/13413794_1734918300085123_8842245894565819764_n-e1466772582174.jpg\" width=\"540\" height=\"960\" \/><\/p>\n<p><img loading=\"lazy\" decoding=\"async\" class=\"aligncenter wp-image-4330 size-full\" src=\"https:\/\/adfformosa.com.ar\/wp-content\/uploads\/2016\/06\/13419255_1734918210085132_1166254766788444922_n.jpg\" width=\"540\" height=\"960\" srcset=\"https:\/\/adfformosa.com.ar\/wp-content\/uploads\/2016\/06\/13419255_1734918210085132_1166254766788444922_n.jpg 540w, https:\/\/adfformosa.com.ar\/wp-content\/uploads\/2016\/06\/13419255_1734918210085132_1166254766788444922_n-169x300.jpg 169w\" sizes=\"auto, (max-width: 540px) 100vw, 540px\" \/><\/p>\n<\/div>\n","protected":false},"excerpt":{"rendered":"<p>Al conmemorarse el \u00abD\u00eda Mundial contra el Trabajo Infantil\u00bb las compa\u00f1eras del gremio estuvieron en la Plaza San Mart\u00edn entregando folletos para concientizar a los diferentes actores de la sociedad&#8230;. <span class=\"meta-more\"><a href=\"https:\/\/adfformosa.com.ar\/?p=4322\">Leer mas &raquo;<\/a><\/span><\/p>\n","protected":false},"author":3,"featured_media":4324,"comment_status":"open","ping_status":"closed","sticky":false,"template":"","format":"standard","meta":{"footnotes":""},"categories":[2],"tags":[],"class_list":["post-4322","post","type-post","status-publish","format-standard","has-post-thumbnail","hentry","category-prensa-adf","even alt"],"_links":{"self":[{"href":"https:\/\/adfformosa.com.ar\/index.php?rest_route=\/wp\/v2\/posts\/4322","targetHints":{"allow":["GET"]}}],"collection":[{"href":"https:\/\/adfformosa.com.ar\/index.php?rest_route=\/wp\/v2\/posts"}],"about":[{"href":"https:\/\/adfformosa.com.ar\/index.php?rest_route=\/wp\/v2\/types\/post"}],"author":[{"embeddable":true,"href":"https:\/\/adfformosa.com.ar\/index.php?rest_route=\/wp\/v2\/users\/3"}],"replies":[{"embeddable":true,"href":"https:\/\/adfformosa.com.ar\/index.php?rest_route=%2Fwp%2Fv2%2Fcomments&post=4322"}],"version-history":[{"count":3,"href":"https:\/\/adfformosa.com.ar\/index.php?rest_route=\/wp\/v2\/posts\/4322\/revisions"}],"predecessor-version":[{"id":4345,"href":"https:\/\/adfformosa.com.ar\/index.php?rest_route=\/wp\/v2\/posts\/4322\/revisions\/4345"}],"wp:featuredmedia":[{"embeddable":true,"href":"https:\/\/adfformosa.com.ar\/index.php?rest_route=\/wp\/v2\/media\/4324"}],"wp:attachment":[{"href":"https:\/\/adfformosa.com.ar\/index.php?rest_route=%2Fwp%2Fv2%2Fmedia&parent=4322"}],"wp:term":[{"taxonomy":"category","embeddable":true,"href":"https:\/\/adfformosa.com.ar\/index.php?rest_route=%2Fwp%2Fv2%2Fcategories&post=4322"},{"taxonomy":"post_tag","embeddable":true,"href":"https:\/\/adfformosa.com.ar\/index.php?rest_route=%2Fwp%2Fv2%2Ftags&post=4322"}],"curies":[{"name":"wp","href":"https:\/\/api.w.org\/{rel}","templated":true}]}}