{"id":4315,"date":"2016-06-11T11:41:49","date_gmt":"2016-06-11T14:41:49","guid":{"rendered":"http:\/\/adfformosa.com.ar\/?p=4315"},"modified":"2016-06-24T09:51:10","modified_gmt":"2016-06-24T12:51:10","slug":"asesoramiento-pedagogico-para-docentes-afiliados-de-comandante-fontanaperin-y-estanislao-del-campo","status":"publish","type":"post","link":"https:\/\/adfformosa.com.ar\/?p=4315","title":{"rendered":"Asesoramiento Pedag\u00f3gico para docentes afiliados de Comandante Fontana,Per\u00edn y Estanislao del Campo"},"content":{"rendered":"<div id=\"s-share-buttons\" class=\"horizontal-w-c-r-border s-share-w-c\"><a href=\"http:\/\/www.facebook.com\/sharer.php?u=https:\/\/adfformosa.com.ar\/?p=4315\" target=\"_blank\" title=\"Share to Facebook\" class=\"s3-facebook hint--top\"><\/a><a href=\"http:\/\/twitter.com\/intent\/tweet?text=Asesoramiento Pedag\u00f3gico para docentes afiliados de Comandante Fontana,Per\u00edn y Estanislao del Campo&url=https:\/\/adfformosa.com.ar\/?p=4315\" target=\"_blank\"  title=\"Share to Twitter\" class=\"s3-twitter hint--top\"><\/a><a href=\"https:\/\/plus.google.com\/share?url=https:\/\/adfformosa.com.ar\/?p=4315\" target=\"_blank\"  title=\"Share to Google Plus\" class=\"s3-google-plus hint--top\"><\/a><a href=\"http:\/\/www.digg.com\/submit?url=https:\/\/adfformosa.com.ar\/?p=4315\" target=\"_blank\"  title=\"Share to Digg\" class=\"s3-digg hint--top\"><\/a><a href=\"http:\/\/www.tumblr.com\/share\/link?url=https%3A%2F%2Fadfformosa.com.ar%2F%3Fp%3D4315&name=Asesoramiento+Pedag%C3%B3gico+para+docentes+afiliados+de+Comandante+Fontana%2CPer%C3%ADn+y+Estanislao+del+Campo\" target=\"_blank\" title=\"Share to Tumblr\" class=\"s3-tumblr hint--top\"><\/a><a href=\"mailto:?Subject=Asesoramiento%20Pedag\u00f3gico%20para%20docentes%20afiliados%20de%20Comandante%20Fontana,Per\u00edn%20y%20Estanislao%20del%20Campo&Body=Here%20is%20the%20link%20to%20the%20article:%20https:\/\/adfformosa.com.ar\/?p=4315\" title=\"Email this article\" class=\"s3-email hint--top\"><\/a><\/div><div id=\"attachment_4316\" style=\"width: 190px\" class=\"wp-caption alignleft\"><img loading=\"lazy\" decoding=\"async\" aria-describedby=\"caption-attachment-4316\" class=\"wp-image-4316 size-medium\" src=\"https:\/\/adfformosa.com.ar\/wp-content\/uploads\/2016\/06\/13344570_1733755760201377_7209111207305427612_n-180x300.jpg\" alt=\"\" width=\"180\" height=\"300\" srcset=\"https:\/\/adfformosa.com.ar\/wp-content\/uploads\/2016\/06\/13344570_1733755760201377_7209111207305427612_n-180x300.jpg 180w, https:\/\/adfformosa.com.ar\/wp-content\/uploads\/2016\/06\/13344570_1733755760201377_7209111207305427612_n.jpg 577w\" sizes=\"auto, (max-width: 180px) 100vw, 180px\" \/><p id=\"caption-attachment-4316\" class=\"wp-caption-text\">Profesora Sara Navarro-Asesoramiento Pedag\u00f3gico de ADF<\/p><\/div>\n<p style=\"text-align: justify;\">El jueves 9 de junio,se llev\u00f3 a cabo en la localidad de Comandante Fontana una jornada para docentes organizada por miembros de la \u00abLiga del Centro\u00bb de la Agremiaci\u00f3n del Docente Formose\u00f1o (ADF), conformada por las localidades de Subteniente Per\u00edn, Ibarreta, Estanislao del Campo y Comandante Fontana.<\/p>\n<p style=\"text-align: justify;\">El asesoramiento pedag\u00f3gico estuvo a cargo de la profesora Sara Navarro en el sal\u00f3n de usos m\u00faltiples de la Escuela Provincial de Educaci\u00f3n Secundaria N\u00b0 14 \u201cTte Cnel Francisco Guerrero\u201d.<\/p>\n<p style=\"text-align: justify;\">Estuvo coordinado por la profesora Ana Mart\u00ednez de Cmdte Fontana y Edith Arias miembro de la Junta Ejecutiva de ADF.<\/p>\n<div class=\"text_exposed_show\">\n<p>&nbsp;<\/p>\n<\/div>\n","protected":false},"excerpt":{"rendered":"<p>El jueves 9 de junio,se llev\u00f3 a cabo en la localidad de Comandante Fontana una jornada para docentes organizada por miembros de la \u00abLiga del Centro\u00bb de la Agremiaci\u00f3n del&#8230; <span class=\"meta-more\"><a href=\"https:\/\/adfformosa.com.ar\/?p=4315\">Leer mas &raquo;<\/a><\/span><\/p>\n","protected":false},"author":3,"featured_media":4316,"comment_status":"open","ping_status":"closed","sticky":false,"template":"","format":"standard","meta":{"footnotes":""},"categories":[2],"tags":[],"class_list":["post-4315","post","type-post","status-publish","format-standard","has-post-thumbnail","hentry","category-prensa-adf","even alt"],"_links":{"self":[{"href":"https:\/\/adfformosa.com.ar\/index.php?rest_route=\/wp\/v2\/posts\/4315","targetHints":{"allow":["GET"]}}],"collection":[{"href":"https:\/\/adfformosa.com.ar\/index.php?rest_route=\/wp\/v2\/posts"}],"about":[{"href":"https:\/\/adfformosa.com.ar\/index.php?rest_route=\/wp\/v2\/types\/post"}],"author":[{"embeddable":true,"href":"https:\/\/adfformosa.com.ar\/index.php?rest_route=\/wp\/v2\/users\/3"}],"replies":[{"embeddable":true,"href":"https:\/\/adfformosa.com.ar\/index.php?rest_route=%2Fwp%2Fv2%2Fcomments&post=4315"}],"version-history":[{"count":4,"href":"https:\/\/adfformosa.com.ar\/index.php?rest_route=\/wp\/v2\/posts\/4315\/revisions"}],"predecessor-version":[{"id":4349,"href":"https:\/\/adfformosa.com.ar\/index.php?rest_route=\/wp\/v2\/posts\/4315\/revisions\/4349"}],"wp:featuredmedia":[{"embeddable":true,"href":"https:\/\/adfformosa.com.ar\/index.php?rest_route=\/wp\/v2\/media\/4316"}],"wp:attachment":[{"href":"https:\/\/adfformosa.com.ar\/index.php?rest_route=%2Fwp%2Fv2%2Fmedia&parent=4315"}],"wp:term":[{"taxonomy":"category","embeddable":true,"href":"https:\/\/adfformosa.com.ar\/index.php?rest_route=%2Fwp%2Fv2%2Fcategories&post=4315"},{"taxonomy":"post_tag","embeddable":true,"href":"https:\/\/adfformosa.com.ar\/index.php?rest_route=%2Fwp%2Fv2%2Ftags&post=4315"}],"curies":[{"name":"wp","href":"https:\/\/api.w.org\/{rel}","templated":true}]}}