{"id":4306,"date":"2016-06-07T15:33:48","date_gmt":"2016-06-07T18:33:48","guid":{"rendered":"http:\/\/adfformosa.com.ar\/?p=4306"},"modified":"2016-06-24T09:52:22","modified_gmt":"2016-06-24T12:52:22","slug":"cine-debate-sobre-trata-de-personas-organizado-por-la-secretaria-de-genero-de-adf","status":"publish","type":"post","link":"https:\/\/adfformosa.com.ar\/?p=4306","title":{"rendered":"Cine debate sobre \u00abTrata de personas\u00bb organizado por la Secretar\u00eda de G\u00e9nero de ADF"},"content":{"rendered":"<div id=\"s-share-buttons\" class=\"horizontal-w-c-r-border s-share-w-c\"><a href=\"http:\/\/www.facebook.com\/sharer.php?u=https:\/\/adfformosa.com.ar\/?p=4306\" target=\"_blank\" title=\"Share to Facebook\" class=\"s3-facebook hint--top\"><\/a><a href=\"http:\/\/twitter.com\/intent\/tweet?text=Cine debate sobre \u00abTrata de personas\u00bb organizado por la Secretar\u00eda de G\u00e9nero de ADF&url=https:\/\/adfformosa.com.ar\/?p=4306\" target=\"_blank\"  title=\"Share to Twitter\" class=\"s3-twitter hint--top\"><\/a><a href=\"https:\/\/plus.google.com\/share?url=https:\/\/adfformosa.com.ar\/?p=4306\" target=\"_blank\"  title=\"Share to Google Plus\" class=\"s3-google-plus hint--top\"><\/a><a href=\"http:\/\/www.digg.com\/submit?url=https:\/\/adfformosa.com.ar\/?p=4306\" target=\"_blank\"  title=\"Share to Digg\" class=\"s3-digg hint--top\"><\/a><a href=\"http:\/\/www.tumblr.com\/share\/link?url=https%3A%2F%2Fadfformosa.com.ar%2F%3Fp%3D4306&name=Cine+debate+sobre+%C2%ABTrata+de+personas%C2%BB+organizado+por+la+Secretar%C3%ADa+de+G%C3%A9nero+de+ADF\" target=\"_blank\" title=\"Share to Tumblr\" class=\"s3-tumblr hint--top\"><\/a><a href=\"mailto:?Subject=Cine%20debate%20sobre%20\u00abTrata%20de%20personas\u00bb%20organizado%20por%20la%20Secretar\u00eda%20de%20G\u00e9nero%20de%20ADF&Body=Here%20is%20the%20link%20to%20the%20article:%20https:\/\/adfformosa.com.ar\/?p=4306\" title=\"Email this article\" class=\"s3-email hint--top\"><\/a><\/div><div id=\"attachment_4307\" style=\"width: 175px\" class=\"wp-caption alignleft\"><img loading=\"lazy\" decoding=\"async\" aria-describedby=\"caption-attachment-4307\" class=\"wp-image-4307 size-medium\" src=\"https:\/\/adfformosa.com.ar\/wp-content\/uploads\/2016\/06\/cine-debate-portada-165x300.jpg\" alt=\"\" width=\"165\" height=\"300\" \/><p id=\"caption-attachment-4307\" class=\"wp-caption-text\">Dina Fontana- Cine Debate sobre \u00abTrata de Personas\u00bb- Acciones de ADF.<\/p><\/div>\n<p style=\"text-align: justify;\">Organizado por la Secretar\u00eda de G\u00e9nero de nuestro gremio se realiz\u00f3 hoy un taller con docentes y alumnos del colegio secundario \u00abEstados Americanos\u00bb del barrio Eva Per\u00f3n.<\/p>\n<p style=\"text-align: justify;\">La Secretaria de G\u00e9nero, Delia Alegre expres\u00f3 la necesidad de reflexionar sobre el tema \u201cTrata de Personas\u201d y explic\u00f3 que \u201c\u00e9ste es un primer intento de reflexi\u00f3n en el que queremos ofrecer un debate que tenga a los estudiantes como protagonistas. Para este taller se proy<span class=\"text_exposed_show\">ectar\u00e1 la pel\u00edcula \u00abNina\u00bb que aborda esta problem\u00e1tica\u00bb.<\/span><\/p>\n<div class=\"text_exposed_show\">\n<p style=\"text-align: justify;\">El sal\u00f3n multiuso de la escuela fue el escenario donde los adolescentes y profesores debatieron y reflexionaron en pos de contribuir a una mayor comprensi\u00f3n de los m\u00faltiples factores determinantes de la trata de personas.<\/p>\n<p style=\"text-align: justify;\">Al t\u00e9rmino del film, Dina Fontana transmiti\u00f3 a los alumnos los principales aspectos de \u00abeste flagelo que hoy afecta a la sociedad en su conjunto\u00bb, tambi\u00e9n hizo referencia al funcionamiento del delito de Trata; cu\u00e1les son sus aristas; c\u00f3mo se capta y se transporta \u00ab<\/p>\n<p style=\"text-align: justify;\">Hizo una introducci\u00f3n a lo que se entiende por Trata de Personas, la distintas caracter\u00edsticas del delito, la Ley de Trata de Personas en Argentina entre otros.<\/p>\n<p style=\"text-align: justify;\">Dina manifest\u00f3 que \u201cla mejor manera de atacar la problem\u00e1tica es conociendo con profundidad c\u00f3mo se desarrolla este tipo de delito en el mundo, principalmente en nuestro pa\u00eds\u201d.<\/p>\n<p style=\"text-align: justify;\">El taller cont\u00f3 con la presencia del Secretario General del gremio Luis Branchi;la Dra Marita Ba\u00eda; la Directora del establecimiento,Mirta Aglieri ;la Directora de la EPES 59, Pabla Godoy;la Directora de la EPES 60, Mabel Alvarenga y el Coordinador Juan Carlos Amarilla.<\/p>\n<p style=\"text-align: justify;\"><strong>La Pel\u00edcula<\/strong><\/p>\n<p style=\"text-align: justify;\">\u201cNina\u201d es una pel\u00edcula de la realizadora argentina Sof\u00eda Vaccaro, que aborda la problem\u00e1tica de la trata de personas.<br \/>\nBasada en hechos reales la pel\u00edcula se sit\u00faa en una colonia de Ober\u00e1 (Misiones) en la frontera con Paraguay.<br \/>\nLa historia devela de qu\u00e9 manera Nina y su prima Lourdes son enga\u00f1adas y llevadas hasta un lugar desconocido, donde ser\u00e1n explotadas sexualmente.<\/p>\n<p style=\"text-align: justify;\">La pel\u00edcula recibi\u00f3 m\u00faltiples premios internacionales y se present\u00f3 en m\u00e1s de 30 ciudades argentinas, con el fin de crear conciencia y compromiso en contra de esta actividad delictiva que afecta en la actualidad a millones de j\u00f3venes, ni\u00f1os y familias en nuestro pa\u00eds y en el mundo.<\/p>\n<p style=\"text-align: justify;\"><strong>Galer\u00eda de Fotos<\/strong><\/p>\n<p><img loading=\"lazy\" decoding=\"async\" class=\"aligncenter wp-image-4308 size-full\" src=\"https:\/\/adfformosa.com.ar\/wp-content\/uploads\/2016\/06\/cine-debate-1-e1466772705949.jpg\" width=\"600\" height=\"338\" \/><\/p>\n<p><img loading=\"lazy\" decoding=\"async\" class=\"aligncenter wp-image-4309 size-full\" src=\"https:\/\/adfformosa.com.ar\/wp-content\/uploads\/2016\/06\/cine-debate-2-e1466772718417.jpg\" width=\"600\" height=\"338\" \/><\/p>\n<p><img loading=\"lazy\" decoding=\"async\" class=\"aligncenter wp-image-4310 size-full\" src=\"https:\/\/adfformosa.com.ar\/wp-content\/uploads\/2016\/06\/cine-debate-3.jpg\" alt=\"Luis Branchi,Secretario General de ADF y la Directora Mirta Aglieri.\" width=\"528\" height=\"960\" srcset=\"https:\/\/adfformosa.com.ar\/wp-content\/uploads\/2016\/06\/cine-debate-3.jpg 528w, https:\/\/adfformosa.com.ar\/wp-content\/uploads\/2016\/06\/cine-debate-3-165x300.jpg 165w\" sizes=\"auto, (max-width: 528px) 100vw, 528px\" \/><\/p>\n<\/div>\n","protected":false},"excerpt":{"rendered":"<p>Organizado por la Secretar\u00eda de G\u00e9nero de nuestro gremio se realiz\u00f3 hoy un taller con docentes y alumnos del colegio secundario \u00abEstados Americanos\u00bb del barrio Eva Per\u00f3n. La Secretaria de&#8230; <span class=\"meta-more\"><a href=\"https:\/\/adfformosa.com.ar\/?p=4306\">Leer mas &raquo;<\/a><\/span><\/p>\n","protected":false},"author":3,"featured_media":4307,"comment_status":"open","ping_status":"closed","sticky":false,"template":"","format":"standard","meta":{"footnotes":""},"categories":[2],"tags":[],"class_list":["post-4306","post","type-post","status-publish","format-standard","has-post-thumbnail","hentry","category-prensa-adf","even alt"],"_links":{"self":[{"href":"https:\/\/adfformosa.com.ar\/index.php?rest_route=\/wp\/v2\/posts\/4306","targetHints":{"allow":["GET"]}}],"collection":[{"href":"https:\/\/adfformosa.com.ar\/index.php?rest_route=\/wp\/v2\/posts"}],"about":[{"href":"https:\/\/adfformosa.com.ar\/index.php?rest_route=\/wp\/v2\/types\/post"}],"author":[{"embeddable":true,"href":"https:\/\/adfformosa.com.ar\/index.php?rest_route=\/wp\/v2\/users\/3"}],"replies":[{"embeddable":true,"href":"https:\/\/adfformosa.com.ar\/index.php?rest_route=%2Fwp%2Fv2%2Fcomments&post=4306"}],"version-history":[{"count":5,"href":"https:\/\/adfformosa.com.ar\/index.php?rest_route=\/wp\/v2\/posts\/4306\/revisions"}],"predecessor-version":[{"id":4351,"href":"https:\/\/adfformosa.com.ar\/index.php?rest_route=\/wp\/v2\/posts\/4306\/revisions\/4351"}],"wp:featuredmedia":[{"embeddable":true,"href":"https:\/\/adfformosa.com.ar\/index.php?rest_route=\/wp\/v2\/media\/4307"}],"wp:attachment":[{"href":"https:\/\/adfformosa.com.ar\/index.php?rest_route=%2Fwp%2Fv2%2Fmedia&parent=4306"}],"wp:term":[{"taxonomy":"category","embeddable":true,"href":"https:\/\/adfformosa.com.ar\/index.php?rest_route=%2Fwp%2Fv2%2Fcategories&post=4306"},{"taxonomy":"post_tag","embeddable":true,"href":"https:\/\/adfformosa.com.ar\/index.php?rest_route=%2Fwp%2Fv2%2Ftags&post=4306"}],"curies":[{"name":"wp","href":"https:\/\/api.w.org\/{rel}","templated":true}]}}