{"id":4302,"date":"2016-06-01T11:19:00","date_gmt":"2016-06-01T14:19:00","guid":{"rendered":"http:\/\/adfformosa.com.ar\/?p=4302"},"modified":"2016-06-24T09:55:25","modified_gmt":"2016-06-24T12:55:25","slug":"informacion-de-interes-novedades-en-el-metodo-de-inscripcion-para-docentes","status":"publish","type":"post","link":"https:\/\/adfformosa.com.ar\/?p=4302","title":{"rendered":"Informaci\u00f3n de inter\u00e9s\/ Novedades en el m\u00e9todo de inscripci\u00f3n para docentes"},"content":{"rendered":"<div id=\"s-share-buttons\" class=\"horizontal-w-c-r-border s-share-w-c\"><a href=\"http:\/\/www.facebook.com\/sharer.php?u=https:\/\/adfformosa.com.ar\/?p=4302\" target=\"_blank\" title=\"Share to Facebook\" class=\"s3-facebook hint--top\"><\/a><a href=\"http:\/\/twitter.com\/intent\/tweet?text=Informaci\u00f3n de inter\u00e9s\/ Novedades en el m\u00e9todo de inscripci\u00f3n para docentes&url=https:\/\/adfformosa.com.ar\/?p=4302\" target=\"_blank\"  title=\"Share to Twitter\" class=\"s3-twitter hint--top\"><\/a><a href=\"https:\/\/plus.google.com\/share?url=https:\/\/adfformosa.com.ar\/?p=4302\" target=\"_blank\"  title=\"Share to Google Plus\" class=\"s3-google-plus hint--top\"><\/a><a href=\"http:\/\/www.digg.com\/submit?url=https:\/\/adfformosa.com.ar\/?p=4302\" target=\"_blank\"  title=\"Share to Digg\" class=\"s3-digg hint--top\"><\/a><a href=\"http:\/\/www.tumblr.com\/share\/link?url=https%3A%2F%2Fadfformosa.com.ar%2F%3Fp%3D4302&name=Informaci%C3%B3n+de+inter%C3%A9s%2F+Novedades+en+el+m%C3%A9todo+de+inscripci%C3%B3n+para+docentes\" target=\"_blank\" title=\"Share to Tumblr\" class=\"s3-tumblr hint--top\"><\/a><a href=\"mailto:?Subject=Informaci\u00f3n%20de%20inter\u00e9s\/%20Novedades%20en%20el%20m\u00e9todo%20de%20inscripci\u00f3n%20para%20docentes&Body=Here%20is%20the%20link%20to%20the%20article:%20https:\/\/adfformosa.com.ar\/?p=4302\" title=\"Email this article\" class=\"s3-email hint--top\"><\/a><\/div><p style=\"text-align: justify;\"><img loading=\"lazy\" decoding=\"async\" class=\"wp-image-4303 size-full aligncenter\" src=\"https:\/\/adfformosa.com.ar\/wp-content\/uploads\/2016\/06\/encabezado_1419943349-croped-e1466259944432.jpg\" alt=\"Inscripciones para 2017 Nivel Secundario en colegios de Formosa\" width=\"600\" height=\"219\" \/><\/p>\n<p style=\"text-align: justify;\">La Junta de Clasificaci\u00f3n de Educaci\u00f3n Secundaria a trav\u00e9s de la Resoluci\u00f3n N\u00ba 2281 \/16 del Ministerio de Cultura y Educaci\u00f3n,convoca a Inscripci\u00f3n Per\u00edodo 2017 de los aspirantes con t\u00edtulo docente, habilitante y supletorio para la cobertura en cargos docentes, espacios curriculares o cargos auxiliares de la docencia.<\/p>\n<div class=\"text_exposed_show\">\n<p style=\"text-align: justify;\">Inscripci\u00f3n abierta hasta el 30 de junio del corriente a\u00f1o.<\/p>\n<p style=\"text-align: justify;\">Las inscripciones se realizan en su totalidad a trav\u00e9s de la p\u00e1gina oficial del gobierno de la provincia.<\/p>\n<p style=\"text-align: justify;\">La profesora Elena Bobadilla Presidenta de la Junta de Clasificaci\u00f3n del Ministerio de Cultura y Educaci\u00f3n brind\u00f3 mas detalles \u201c Este a\u00f1o la novedad es que ya no tiene que imprimir y presentar la constancia en la instituci\u00f3n, sino que directamente realiza la inscripci\u00f3n v\u00eda web y el sistema env\u00eda su inscripci\u00f3n directamente a la junta y nosotros nos encargamos de imprimir la inscripci\u00f3n f\u00edsica y archivarlo a su legajo para la clasificaci\u00f3n de sus antecedentes y la escuela por donde opta por inscribirse\u201d.<\/p>\n<p style=\"text-align: justify;\">La inscripci\u00f3n se encuentra est\u00e1 abierta hasta el 30 de Junio, en esta ocasi\u00f3n es para dictar clases en las escuelas de nivel secundario dependientes de la Junta de Clasificaci\u00f3n, adem\u00e1s de los docentes tambi\u00e9n pueden inscribirse personas con t\u00edtulos no docentes, si es que clasifican como habilitantes o supletorios, de ser as\u00ed tienen la posibilidad de inscribirse hasta en dos establecimientos, mientras que los docentes pueden hacerlo hasta en tres. Los cargos a cubrir son para interinato y suplencia para el periodo 2017.<\/p>\n<p style=\"text-align: justify;\">Este m\u00e9todo de inscripci\u00f3n, no anula el anterior de planillas, las mismas siguen estando a disposici\u00f3n de cada docente en las instituciones en la cual quieran desempe\u00f1arse,escuelas y centros de la Educaci\u00f3n Secundaria, dependientes de las Direcciones de Educaci\u00f3n Secundaria, Direcci\u00f3n de Educaci\u00f3n T\u00e9cnica y del Departamento de Educaci\u00f3n Permanente.<\/p>\n<p style=\"text-align: justify;\">Para la inscripci\u00f3n ingresar haciendo clic en el siguiente enlace:<\/p>\n<p style=\"text-align: justify;\"><a href=\"http:\/\/www.formosa.gob.ar\/inscripcioninterinatosysuplencias\">INSCRIPCIONES PARA DOCENTES NIVEL SECUNDARIO PER\u00cdODO 2017- FORMOSA<\/a><\/p>\n<\/div>\n","protected":false},"excerpt":{"rendered":"<p>La Junta de Clasificaci\u00f3n de Educaci\u00f3n Secundaria a trav\u00e9s de la Resoluci\u00f3n N\u00ba 2281 \/16 del Ministerio de Cultura y Educaci\u00f3n,convoca a Inscripci\u00f3n Per\u00edodo 2017 de los aspirantes con t\u00edtulo&#8230; <span class=\"meta-more\"><a href=\"https:\/\/adfformosa.com.ar\/?p=4302\">Leer mas &raquo;<\/a><\/span><\/p>\n","protected":false},"author":3,"featured_media":4303,"comment_status":"open","ping_status":"closed","sticky":false,"template":"","format":"standard","meta":{"footnotes":""},"categories":[2],"tags":[],"class_list":["post-4302","post","type-post","status-publish","format-standard","has-post-thumbnail","hentry","category-prensa-adf","even alt"],"_links":{"self":[{"href":"https:\/\/adfformosa.com.ar\/index.php?rest_route=\/wp\/v2\/posts\/4302","targetHints":{"allow":["GET"]}}],"collection":[{"href":"https:\/\/adfformosa.com.ar\/index.php?rest_route=\/wp\/v2\/posts"}],"about":[{"href":"https:\/\/adfformosa.com.ar\/index.php?rest_route=\/wp\/v2\/types\/post"}],"author":[{"embeddable":true,"href":"https:\/\/adfformosa.com.ar\/index.php?rest_route=\/wp\/v2\/users\/3"}],"replies":[{"embeddable":true,"href":"https:\/\/adfformosa.com.ar\/index.php?rest_route=%2Fwp%2Fv2%2Fcomments&post=4302"}],"version-history":[{"count":2,"href":"https:\/\/adfformosa.com.ar\/index.php?rest_route=\/wp\/v2\/posts\/4302\/revisions"}],"predecessor-version":[{"id":4358,"href":"https:\/\/adfformosa.com.ar\/index.php?rest_route=\/wp\/v2\/posts\/4302\/revisions\/4358"}],"wp:featuredmedia":[{"embeddable":true,"href":"https:\/\/adfformosa.com.ar\/index.php?rest_route=\/wp\/v2\/media\/4303"}],"wp:attachment":[{"href":"https:\/\/adfformosa.com.ar\/index.php?rest_route=%2Fwp%2Fv2%2Fmedia&parent=4302"}],"wp:term":[{"taxonomy":"category","embeddable":true,"href":"https:\/\/adfformosa.com.ar\/index.php?rest_route=%2Fwp%2Fv2%2Fcategories&post=4302"},{"taxonomy":"post_tag","embeddable":true,"href":"https:\/\/adfformosa.com.ar\/index.php?rest_route=%2Fwp%2Fv2%2Ftags&post=4302"}],"curies":[{"name":"wp","href":"https:\/\/api.w.org\/{rel}","templated":true}]}}