{"id":4284,"date":"2016-06-02T18:17:24","date_gmt":"2016-06-02T21:17:24","guid":{"rendered":"http:\/\/adfformosa.com.ar\/?p=4284"},"modified":"2016-06-24T09:54:51","modified_gmt":"2016-06-24T12:54:51","slug":"%e2%80%aa%e2%80%8eniunamenos-adf-adhiere-a-la-jornada-del-viernes-3-de-junio","status":"publish","type":"post","link":"https:\/\/adfformosa.com.ar\/?p=4284","title":{"rendered":"\u202a#\u200eNiUnaMenos, ADF adhiere a la jornada del viernes 3 de junio"},"content":{"rendered":"<div id=\"s-share-buttons\" class=\"horizontal-w-c-r-border s-share-w-c\"><a href=\"http:\/\/www.facebook.com\/sharer.php?u=https:\/\/adfformosa.com.ar\/?p=4284\" target=\"_blank\" title=\"Share to Facebook\" class=\"s3-facebook hint--top\"><\/a><a href=\"http:\/\/twitter.com\/intent\/tweet?text=\u202a#\u200eNiUnaMenos, ADF adhiere a la jornada del viernes 3 de junio&url=https:\/\/adfformosa.com.ar\/?p=4284\" target=\"_blank\"  title=\"Share to Twitter\" class=\"s3-twitter hint--top\"><\/a><a href=\"https:\/\/plus.google.com\/share?url=https:\/\/adfformosa.com.ar\/?p=4284\" target=\"_blank\"  title=\"Share to Google Plus\" class=\"s3-google-plus hint--top\"><\/a><a href=\"http:\/\/www.digg.com\/submit?url=https:\/\/adfformosa.com.ar\/?p=4284\" target=\"_blank\"  title=\"Share to Digg\" class=\"s3-digg hint--top\"><\/a><a href=\"http:\/\/www.tumblr.com\/share\/link?url=https%3A%2F%2Fadfformosa.com.ar%2F%3Fp%3D4284&name=%E2%80%AA%23%E2%80%8ENiUnaMenos%2C+ADF+adhiere+a+la+jornada+del+viernes+3+de+junio\" target=\"_blank\" title=\"Share to Tumblr\" class=\"s3-tumblr hint--top\"><\/a><a href=\"mailto:?Subject=\u202a#\u200eNiUnaMenos,%20ADF%20adhiere%20a%20la%20jornada%20del%20viernes%203%20de%20junio&Body=Here%20is%20the%20link%20to%20the%20article:%20https:\/\/adfformosa.com.ar\/?p=4284\" title=\"Email this article\" class=\"s3-email hint--top\"><\/a><\/div><p style=\"text-align: justify;\"><img loading=\"lazy\" decoding=\"async\" class=\"wp-image-4285  alignleft\" src=\"https:\/\/adfformosa.com.ar\/wp-content\/uploads\/2016\/06\/ni-una-menos-ADF-PAGINA-e1464901864656.jpg\" alt=\"&quot;Ni Una Menos&quot; Junio 2016- ADF- Formosa\" width=\"299\" height=\"199\" \/><\/p>\n<p style=\"text-align: justify;\">Viernes 3 de junio<\/p>\n<p style=\"text-align: justify;\">Jornada nacional de lucha contra la violencia hacia las mujeres<\/p>\n<p style=\"text-align: justify;\">La Agremiaci\u00f3n del Docente Formose\u00f1o adhiere y convoca a los docentes de esta capital a la jornada de lucha que se realizar\u00e1 este viernes 3 de junio a partir de las 17 horas en la plaza San Mart\u00edn .<\/p>\n<div class=\"text_exposed_show\">\n<p style=\"text-align: justify;\">La escuela tiene responsabilidad frente a estas situaciones,dentro de su marco de incumbencia,como lo reflejan algunas normativas respecto del acompa\u00f1amiento y la denuncia de situaciones de violencia sufridas por los estudiantes.<\/p>\n<p style=\"text-align: justify;\">Es fundamental la funci\u00f3n preventiva de la Escuela P\u00fablica como garante de los derechos de los ni\u00f1os, ni\u00f1as y adolescentes poniendo luz en aquellos situaciones que los vulneren.<\/p>\n<p style=\"text-align: justify;\">Ni Una Menos no es el fin de nada sino el comienzo de un camino nuevo.<\/p>\n<p style=\"text-align: justify;\">\u00a1Sumate!<\/p>\n<div class=\"bm_item_sm_title\" style=\"text-align: center;\">CTERA ELABOR\u00d3 UN\u00a0CUADERNILLO\u00a0SOBRE LA TEM\u00c1TICA PARA TRABAJAR EN TODAS LAS ESCUELAS DEL PA\u00cdS<\/div>\n<div class=\"bm_item_sm_desc\">\n<p class=\"ecxMsoNormal\" style=\"text-align: justify;\" align=\"justify\">La Secretaria General de CTERA, Sonia Alesso, expres\u00f3:\u00a0<i>\u00abComo parte de un colectivo amplio, plural y diverso que conforman organizaciones sindicales, sociales, compa\u00f1eras que trabajan las pol\u00edticas de g\u00e9nero. Marcharemos en todas las plazas del pa\u00eds el 3 de junio para decir\u00a0NI\u00a0UNA\u00a0MENOS. Para que se de cumplimiento a la Ley 24685 de protecci\u00f3n integral\u00a0 para prevenir, sancionar y erradicar la violencia a las mujeres.\u201d<\/i><\/p>\n<p class=\"ecxMsoNormal\" style=\"text-align: justify;\" align=\"justify\">Nosotros, desde CTERA, como trabajadores de la educaci\u00f3n vamos a trabajar con un\u00a0cuadernillo\u00a0en todas las escuelas del pa\u00eds para trabajar con maestros y profesores estas tem\u00e1ticas.<\/p>\n<p class=\"ecxMsoNormal\" style=\"text-align: justify;\" align=\"justify\">Hay tambi\u00e9n un gran debate cultural que tiene que ver con poder implantar pol\u00edticas de prevenci\u00f3n para que\u00a0 estos hechos no sucedan nunca m\u00e1s.<\/p>\n<p class=\"ecxMsoNormal\" style=\"text-align: justify;\" align=\"justify\">Es necesario participar activamente en las escuelas, es necesario hacer un trabajo docente, pedag\u00f3gico, que se manifiesta en las calles sino tambi\u00e9n en las escuelas, porque hay\u00a0una\u00a0batalla pol\u00edtica, legal, pero tambi\u00e9n tiene que ver con\u00a0una\u00a0batalla cultural.<\/p>\n<p class=\"ecxMsoNormal\" style=\"text-align: justify;\" align=\"justify\">Desde CTERA, que siempre hemos trabajado las tem\u00e1ticas de g\u00e9nero, vamos a estar activamente en las escuelas y en las plazas del pa\u00eds para decir\u00a0NI\u00a0UNA\u00a0MENOS.\u00bb<\/p>\n<h3 class=\"ecxMsoNormal\"><span style=\"text-decoration: underline;\">El\u00a0cuadernillo\u00a0elaborado por CTERA descargar con un clic ac\u00e1:<\/span><\/h3>\n<p><a href=\"https:\/\/adfformosa.com.ar\/wp-content\/uploads\/2016\/06\/ni_una_menos_cuadernillo_2016-3.pdf\" rel=\"\">ni_una_menos_cuadernillo_2016 (3)<\/a><\/p>\n<\/div>\n<\/div>\n","protected":false},"excerpt":{"rendered":"<p>Viernes 3 de junio Jornada nacional de lucha contra la violencia hacia las mujeres La Agremiaci\u00f3n del Docente Formose\u00f1o adhiere y convoca a los docentes de esta capital a la&#8230; <span class=\"meta-more\"><a href=\"https:\/\/adfformosa.com.ar\/?p=4284\">Leer mas &raquo;<\/a><\/span><\/p>\n","protected":false},"author":3,"featured_media":4285,"comment_status":"open","ping_status":"closed","sticky":false,"template":"","format":"standard","meta":{"footnotes":""},"categories":[2],"tags":[],"class_list":["post-4284","post","type-post","status-publish","format-standard","has-post-thumbnail","hentry","category-prensa-adf","even alt"],"_links":{"self":[{"href":"https:\/\/adfformosa.com.ar\/index.php?rest_route=\/wp\/v2\/posts\/4284","targetHints":{"allow":["GET"]}}],"collection":[{"href":"https:\/\/adfformosa.com.ar\/index.php?rest_route=\/wp\/v2\/posts"}],"about":[{"href":"https:\/\/adfformosa.com.ar\/index.php?rest_route=\/wp\/v2\/types\/post"}],"author":[{"embeddable":true,"href":"https:\/\/adfformosa.com.ar\/index.php?rest_route=\/wp\/v2\/users\/3"}],"replies":[{"embeddable":true,"href":"https:\/\/adfformosa.com.ar\/index.php?rest_route=%2Fwp%2Fv2%2Fcomments&post=4284"}],"version-history":[{"count":2,"href":"https:\/\/adfformosa.com.ar\/index.php?rest_route=\/wp\/v2\/posts\/4284\/revisions"}],"predecessor-version":[{"id":4356,"href":"https:\/\/adfformosa.com.ar\/index.php?rest_route=\/wp\/v2\/posts\/4284\/revisions\/4356"}],"wp:featuredmedia":[{"embeddable":true,"href":"https:\/\/adfformosa.com.ar\/index.php?rest_route=\/wp\/v2\/media\/4285"}],"wp:attachment":[{"href":"https:\/\/adfformosa.com.ar\/index.php?rest_route=%2Fwp%2Fv2%2Fmedia&parent=4284"}],"wp:term":[{"taxonomy":"category","embeddable":true,"href":"https:\/\/adfformosa.com.ar\/index.php?rest_route=%2Fwp%2Fv2%2Fcategories&post=4284"},{"taxonomy":"post_tag","embeddable":true,"href":"https:\/\/adfformosa.com.ar\/index.php?rest_route=%2Fwp%2Fv2%2Ftags&post=4284"}],"curies":[{"name":"wp","href":"https:\/\/api.w.org\/{rel}","templated":true}]}}