{"id":4278,"date":"2016-05-28T17:58:52","date_gmt":"2016-05-28T20:58:52","guid":{"rendered":"http:\/\/adfformosa.com.ar\/?p=4278"},"modified":"2016-06-24T09:56:05","modified_gmt":"2016-06-24T12:56:05","slug":"asesoramiento-a-docentes-afiliados-de-capital","status":"publish","type":"post","link":"https:\/\/adfformosa.com.ar\/?p=4278","title":{"rendered":"Asesoramiento a docentes afiliados de capital"},"content":{"rendered":"<div id=\"s-share-buttons\" class=\"horizontal-w-c-r-border s-share-w-c\"><a href=\"http:\/\/www.facebook.com\/sharer.php?u=https:\/\/adfformosa.com.ar\/?p=4278\" target=\"_blank\" title=\"Share to Facebook\" class=\"s3-facebook hint--top\"><\/a><a href=\"http:\/\/twitter.com\/intent\/tweet?text=Asesoramiento a docentes afiliados de capital&url=https:\/\/adfformosa.com.ar\/?p=4278\" target=\"_blank\"  title=\"Share to Twitter\" class=\"s3-twitter hint--top\"><\/a><a href=\"https:\/\/plus.google.com\/share?url=https:\/\/adfformosa.com.ar\/?p=4278\" target=\"_blank\"  title=\"Share to Google Plus\" class=\"s3-google-plus hint--top\"><\/a><a href=\"http:\/\/www.digg.com\/submit?url=https:\/\/adfformosa.com.ar\/?p=4278\" target=\"_blank\"  title=\"Share to Digg\" class=\"s3-digg hint--top\"><\/a><a href=\"http:\/\/www.tumblr.com\/share\/link?url=https%3A%2F%2Fadfformosa.com.ar%2F%3Fp%3D4278&name=Asesoramiento+a+docentes+afiliados+de+capital\" target=\"_blank\" title=\"Share to Tumblr\" class=\"s3-tumblr hint--top\"><\/a><a href=\"mailto:?Subject=Asesoramiento%20a%20docentes%20afiliados%20de%20capital&Body=Here%20is%20the%20link%20to%20the%20article:%20https:\/\/adfformosa.com.ar\/?p=4278\" title=\"Email this article\" class=\"s3-email hint--top\"><\/a><\/div><p><img loading=\"lazy\" decoding=\"async\" class=\"wp-image-4279  alignleft\" src=\"https:\/\/adfformosa.com.ar\/wp-content\/uploads\/2016\/06\/ESCUELA-240-e1464901457658.jpg\" alt=\"\" width=\"399\" height=\"225\" \/><\/p>\n<p style=\"text-align: justify;\">El licenciado Rub\u00e9n Esteban D\u00edaz y el equipo de nuestro gremio realizaron una nueva jornada con los afiliados de esta capital esta vez el lugar de encuentro fue en las instalaciones de la Escuela de Educaci\u00f3n Primaria N\u00b0 240.<\/p>\n<p style=\"text-align: justify;\">En la oportunidad el licenciado Rub\u00e9n Esteban D\u00edaz desarroll\u00f3 los principales aspectos de Legislaci\u00f3n Escolar.<\/p>\n<p style=\"text-align: justify;\">Comenz\u00f3 a las 18 horas con un gran n\u00famero de asistentes interesados en participar en los concursos de ascenso para cargos directivos.<\/p>\n<p style=\"text-align: justify;\">Viernes 27 de mayo- Escuela 240 Formosa, capital.<\/p>\n<p><strong>Galer\u00eda de Fotos<\/strong><\/p>\n<p><img loading=\"lazy\" decoding=\"async\" class=\"wp-image-4280 size-full aligncenter\" src=\"https:\/\/adfformosa.com.ar\/wp-content\/uploads\/2016\/06\/ESCUELA-240-DOS-e1464901502327.jpg\" alt=\"\" width=\"400\" height=\"225\" \/><\/p>\n<p style=\"text-align: justify;\"><img loading=\"lazy\" decoding=\"async\" class=\"wp-image-4281 size-full aligncenter\" src=\"https:\/\/adfformosa.com.ar\/wp-content\/uploads\/2016\/06\/ESCUELA-240-TRES-e1464901541179.jpg\" alt=\"\" width=\"400\" height=\"225\" \/><\/p>\n<p>&nbsp;<\/p>\n<div class=\"text_exposed_show\"><\/div>\n","protected":false},"excerpt":{"rendered":"<p>El licenciado Rub\u00e9n Esteban D\u00edaz y el equipo de nuestro gremio realizaron una nueva jornada con los afiliados de esta capital esta vez el lugar de encuentro fue en las&#8230; <span class=\"meta-more\"><a href=\"https:\/\/adfformosa.com.ar\/?p=4278\">Leer mas &raquo;<\/a><\/span><\/p>\n","protected":false},"author":3,"featured_media":4280,"comment_status":"open","ping_status":"closed","sticky":false,"template":"","format":"standard","meta":{"footnotes":""},"categories":[2],"tags":[],"class_list":["post-4278","post","type-post","status-publish","format-standard","has-post-thumbnail","hentry","category-prensa-adf","even alt"],"_links":{"self":[{"href":"https:\/\/adfformosa.com.ar\/index.php?rest_route=\/wp\/v2\/posts\/4278","targetHints":{"allow":["GET"]}}],"collection":[{"href":"https:\/\/adfformosa.com.ar\/index.php?rest_route=\/wp\/v2\/posts"}],"about":[{"href":"https:\/\/adfformosa.com.ar\/index.php?rest_route=\/wp\/v2\/types\/post"}],"author":[{"embeddable":true,"href":"https:\/\/adfformosa.com.ar\/index.php?rest_route=\/wp\/v2\/users\/3"}],"replies":[{"embeddable":true,"href":"https:\/\/adfformosa.com.ar\/index.php?rest_route=%2Fwp%2Fv2%2Fcomments&post=4278"}],"version-history":[{"count":2,"href":"https:\/\/adfformosa.com.ar\/index.php?rest_route=\/wp\/v2\/posts\/4278\/revisions"}],"predecessor-version":[{"id":4359,"href":"https:\/\/adfformosa.com.ar\/index.php?rest_route=\/wp\/v2\/posts\/4278\/revisions\/4359"}],"wp:featuredmedia":[{"embeddable":true,"href":"https:\/\/adfformosa.com.ar\/index.php?rest_route=\/wp\/v2\/media\/4280"}],"wp:attachment":[{"href":"https:\/\/adfformosa.com.ar\/index.php?rest_route=%2Fwp%2Fv2%2Fmedia&parent=4278"}],"wp:term":[{"taxonomy":"category","embeddable":true,"href":"https:\/\/adfformosa.com.ar\/index.php?rest_route=%2Fwp%2Fv2%2Fcategories&post=4278"},{"taxonomy":"post_tag","embeddable":true,"href":"https:\/\/adfformosa.com.ar\/index.php?rest_route=%2Fwp%2Fv2%2Ftags&post=4278"}],"curies":[{"name":"wp","href":"https:\/\/api.w.org\/{rel}","templated":true}]}}