{"id":4274,"date":"2016-05-25T17:56:04","date_gmt":"2016-05-25T20:56:04","guid":{"rendered":"http:\/\/adfformosa.com.ar\/?p=4274"},"modified":"2016-06-24T09:56:26","modified_gmt":"2016-06-24T12:56:26","slug":"desde-adf-llaman-a-unirse-por-la-educacion-publica","status":"publish","type":"post","link":"https:\/\/adfformosa.com.ar\/?p=4274","title":{"rendered":"Desde ADF, llaman a \u201cunirse por la educaci\u00f3n p\u00fablica\u201d"},"content":{"rendered":"<div id=\"s-share-buttons\" class=\"horizontal-w-c-r-border s-share-w-c\"><a href=\"http:\/\/www.facebook.com\/sharer.php?u=https:\/\/adfformosa.com.ar\/?p=4274\" target=\"_blank\" title=\"Share to Facebook\" class=\"s3-facebook hint--top\"><\/a><a href=\"http:\/\/twitter.com\/intent\/tweet?text=Desde ADF, llaman a \u201cunirse por la educaci\u00f3n p\u00fablica\u201d&url=https:\/\/adfformosa.com.ar\/?p=4274\" target=\"_blank\"  title=\"Share to Twitter\" class=\"s3-twitter hint--top\"><\/a><a href=\"https:\/\/plus.google.com\/share?url=https:\/\/adfformosa.com.ar\/?p=4274\" target=\"_blank\"  title=\"Share to Google Plus\" class=\"s3-google-plus hint--top\"><\/a><a href=\"http:\/\/www.digg.com\/submit?url=https:\/\/adfformosa.com.ar\/?p=4274\" target=\"_blank\"  title=\"Share to Digg\" class=\"s3-digg hint--top\"><\/a><a href=\"http:\/\/www.tumblr.com\/share\/link?url=https%3A%2F%2Fadfformosa.com.ar%2F%3Fp%3D4274&name=Desde+ADF%2C+llaman+a+%E2%80%9Cunirse+por+la+educaci%C3%B3n+p%C3%BAblica%E2%80%9D\" target=\"_blank\" title=\"Share to Tumblr\" class=\"s3-tumblr hint--top\"><\/a><a href=\"mailto:?Subject=Desde%20ADF,%20llaman%20a%20\u201cunirse%20por%20la%20educaci\u00f3n%20p\u00fablica\u201d&Body=Here%20is%20the%20link%20to%20the%20article:%20https:\/\/adfformosa.com.ar\/?p=4274\" title=\"Email this article\" class=\"s3-email hint--top\"><\/a><\/div><p style=\"text-align: justify;\"><img loading=\"lazy\" decoding=\"async\" class=\"wp-image-4275  alignleft\" src=\"https:\/\/adfformosa.com.ar\/wp-content\/uploads\/2016\/06\/1464051087-e1464901061748.jpg\" alt=\"\" width=\"370\" height=\"222\" \/>La Agremiaci\u00f3n del Docente Formose\u00f1o (ADF) manifest\u00f3 su apoyo apoyo a la campa\u00f1a lanzada por CTERA a nivel pa\u00eds por el aumento del presupuesto educativo y exhort\u00f3 a los docentes a adherir firmando el petitorio en las escuelas<\/p>\n<p style=\"text-align: justify;\">El secretario general de la Agremiaci\u00f3n del Docente Formose\u00f1o (ADF), Luis Branchi, explic\u00f3 en conferencia de prensa que se lanz\u00f3 en todo el pa\u00eds desde CTERA una campa\u00f1a por una nueva ley de financiami<span class=\"text_exposed_show\">ento educativo, donde se solicita que de 6 puntos del Producto Bruto Interno se pase a 10 puntos del PBI, para contar as\u00ed con mayores posibilidades de desarrollo.<\/span><\/p>\n<div class=\"text_exposed_show\">\n<p style=\"text-align: justify;\">\u201cDecimos que no hay distribuci\u00f3n de la riqueza si no hay distribuci\u00f3n del conocimiento y el conocimiento se distribuye y adquiere a trav\u00e9s de las escuelas. Iniciamos, ahora, una recolecci\u00f3n de firmas en todo el pa\u00eds pidiendo el apoyo a una nueva ley de financiamiento educativo\u201d, afirm\u00f3 el gremialista Branchi.<\/p>\n<p style=\"text-align: justify;\">En di\u00e1logo con La Ma\u00f1ana en Vivo, de la FM VIVA 102.3, Branchi se\u00f1al\u00f3: \u201cTuvimos much\u00edsimos a\u00f1os de atraso del Estado nacional con respecto a educaci\u00f3n. Hubo una mejora en el 2006 cuando de 2,7 del PBI pasamos a 6 del PBI. Ahora queremos subir a 10 puntos. Son escalones, pelda\u00f1os, que vamos tratando de transitar. Esperemos que esta nueva gesti\u00f3n de Gobierno sepa darle la importancia a la educaci\u00f3n para todos y no para unos pocos. Se sabe que la educaci\u00f3n es un bien, pero es un bien que a veces no quieren distribuir\u201d, reflexion\u00f3.<\/p>\n<h4>D\u00eda el Educador<\/h4>\n<p style=\"text-align: justify;\">Branchi se refiri\u00f3, adem\u00e1s, al D\u00eda del Educador: \u201cHoy, -por ayer- 23 de mayo, es un d\u00eda hist\u00f3rico para nosotros, el D\u00eda del Trabajador de la Educaci\u00f3n en todo el pa\u00eds. Recordamos en esta jornada la culminaci\u00f3n de la marcha blanca donde 100 mil docentes de todo el pa\u00eds, de los 4 puntos cardinales confluimos en Buenos Aires pidiendo una ley de financiamiento educativo, mayor presupuesto, la paritaria nacional docente y, fundamentalmente, mayor participaci\u00f3n de Naci\u00f3n en educaci\u00f3n; cuyo proceso cost\u00f3 42 d\u00edas de paro\u201d.<\/p>\n<p style=\"text-align: justify;\">\u201cHoy -continu\u00f3 Luis Branchi-, todas las carreras nacen del trabajo docente. Nosotros queremos reivindicar esto para conseguir un pa\u00eds mejor para todos, una mejor distribuci\u00f3n de la riqueza y no hay ninguna distribuci\u00f3n que pueda ser posible si no empieza por la distribuci\u00f3n del conocimiento\u201d, concluy\u00f3.<\/p>\n<p><strong>Fuente: Diario La Ma\u00f1ana<\/strong>.<\/p>\n<\/div>\n","protected":false},"excerpt":{"rendered":"<p>La Agremiaci\u00f3n del Docente Formose\u00f1o (ADF) manifest\u00f3 su apoyo apoyo a la campa\u00f1a lanzada por CTERA a nivel pa\u00eds por el aumento del presupuesto educativo y exhort\u00f3 a los docentes&#8230; <span class=\"meta-more\"><a href=\"https:\/\/adfformosa.com.ar\/?p=4274\">Leer mas &raquo;<\/a><\/span><\/p>\n","protected":false},"author":3,"featured_media":4275,"comment_status":"open","ping_status":"closed","sticky":false,"template":"","format":"standard","meta":{"footnotes":""},"categories":[2],"tags":[],"class_list":["post-4274","post","type-post","status-publish","format-standard","has-post-thumbnail","hentry","category-prensa-adf","even alt"],"_links":{"self":[{"href":"https:\/\/adfformosa.com.ar\/index.php?rest_route=\/wp\/v2\/posts\/4274","targetHints":{"allow":["GET"]}}],"collection":[{"href":"https:\/\/adfformosa.com.ar\/index.php?rest_route=\/wp\/v2\/posts"}],"about":[{"href":"https:\/\/adfformosa.com.ar\/index.php?rest_route=\/wp\/v2\/types\/post"}],"author":[{"embeddable":true,"href":"https:\/\/adfformosa.com.ar\/index.php?rest_route=\/wp\/v2\/users\/3"}],"replies":[{"embeddable":true,"href":"https:\/\/adfformosa.com.ar\/index.php?rest_route=%2Fwp%2Fv2%2Fcomments&post=4274"}],"version-history":[{"count":2,"href":"https:\/\/adfformosa.com.ar\/index.php?rest_route=\/wp\/v2\/posts\/4274\/revisions"}],"predecessor-version":[{"id":4360,"href":"https:\/\/adfformosa.com.ar\/index.php?rest_route=\/wp\/v2\/posts\/4274\/revisions\/4360"}],"wp:featuredmedia":[{"embeddable":true,"href":"https:\/\/adfformosa.com.ar\/index.php?rest_route=\/wp\/v2\/media\/4275"}],"wp:attachment":[{"href":"https:\/\/adfformosa.com.ar\/index.php?rest_route=%2Fwp%2Fv2%2Fmedia&parent=4274"}],"wp:term":[{"taxonomy":"category","embeddable":true,"href":"https:\/\/adfformosa.com.ar\/index.php?rest_route=%2Fwp%2Fv2%2Fcategories&post=4274"},{"taxonomy":"post_tag","embeddable":true,"href":"https:\/\/adfformosa.com.ar\/index.php?rest_route=%2Fwp%2Fv2%2Ftags&post=4274"}],"curies":[{"name":"wp","href":"https:\/\/api.w.org\/{rel}","templated":true}]}}