{"id":4267,"date":"2016-05-25T17:38:36","date_gmt":"2016-05-25T20:38:36","guid":{"rendered":"http:\/\/adfformosa.com.ar\/?p=4267"},"modified":"2016-06-24T09:58:09","modified_gmt":"2016-06-24T12:58:09","slug":"en-el-dia-del-trabajador-de-la-educacion-adf-realizo-el-lanzamiento-de-la-campana-por-una-nueva-ley-de-financiamiento-educativo","status":"publish","type":"post","link":"https:\/\/adfformosa.com.ar\/?p=4267","title":{"rendered":"En el d\u00eda del \u201cTrabajador de la Educaci\u00f3n\u201d ADF realiz\u00f3 el lanzamiento de la campa\u00f1a por una nueva Ley de Financiamiento Educativo"},"content":{"rendered":"<div id=\"s-share-buttons\" class=\"horizontal-w-c-r-border s-share-w-c\"><a href=\"http:\/\/www.facebook.com\/sharer.php?u=https:\/\/adfformosa.com.ar\/?p=4267\" target=\"_blank\" title=\"Share to Facebook\" class=\"s3-facebook hint--top\"><\/a><a href=\"http:\/\/twitter.com\/intent\/tweet?text=En el d\u00eda del \u201cTrabajador de la Educaci\u00f3n\u201d ADF realiz\u00f3 el lanzamiento de la campa\u00f1a por una nueva Ley de Financiamiento Educativo&url=https:\/\/adfformosa.com.ar\/?p=4267\" target=\"_blank\"  title=\"Share to Twitter\" class=\"s3-twitter hint--top\"><\/a><a href=\"https:\/\/plus.google.com\/share?url=https:\/\/adfformosa.com.ar\/?p=4267\" target=\"_blank\"  title=\"Share to Google Plus\" class=\"s3-google-plus hint--top\"><\/a><a href=\"http:\/\/www.digg.com\/submit?url=https:\/\/adfformosa.com.ar\/?p=4267\" target=\"_blank\"  title=\"Share to Digg\" class=\"s3-digg hint--top\"><\/a><a href=\"http:\/\/www.tumblr.com\/share\/link?url=https%3A%2F%2Fadfformosa.com.ar%2F%3Fp%3D4267&name=En+el+d%C3%ADa+del+%E2%80%9CTrabajador+de+la+Educaci%C3%B3n%E2%80%9D+ADF+realiz%C3%B3+el+lanzamiento+de+la+campa%C3%B1a+por+una+nueva+Ley+de+Financiamiento+Educativo\" target=\"_blank\" title=\"Share to Tumblr\" class=\"s3-tumblr hint--top\"><\/a><a href=\"mailto:?Subject=En%20el%20d\u00eda%20del%20\u201cTrabajador%20de%20la%20Educaci\u00f3n\u201d%20ADF%20realiz\u00f3%20el%20lanzamiento%20de%20la%20campa\u00f1a%20por%20una%20nueva%20Ley%20de%20Financiamiento%20Educativo&Body=Here%20is%20the%20link%20to%20the%20article:%20https:\/\/adfformosa.com.ar\/?p=4267\" title=\"Email this article\" class=\"s3-email hint--top\"><\/a><\/div><p><img loading=\"lazy\" decoding=\"async\" class=\"wp-image-4268  alignleft\" src=\"https:\/\/adfformosa.com.ar\/wp-content\/uploads\/2016\/06\/TRES-PBI-e1464900388956.jpg\" alt=\"Luis Branchi realiza la entrega del Proyecto por el aumento del PBI para Educaci\u00f3n a los Diputados Nacionales.\" width=\"350\" height=\"233\" \/><\/p>\n<p style=\"text-align: justify;\"><em><strong>Los Diputados Nacionales Beatriz Lotto de Vechietti y Juan Carlos D\u00edaz Roig acompa\u00f1aron la propuesta gremial que busca elevar la inversi\u00f3n en educaci\u00f3n del 6 al 10% del PBI<\/strong><\/em><\/p>\n<p style=\"text-align: justify;\">Cabe destacar tambi\u00e9n la presencia de la legisladora provincial Otilia Britez, Secretaria de la Comisi\u00f3n de Asuntos de Desarrollo Social, Cultura y Educaci\u00f3n; Comisi\u00f3n que preside el Secretario Gremial de ADF, Rub\u00e9n Ch\u00e1vez.<\/p>\n<p style=\"text-align: justify;\">Luis Branchi, Secretario General de la Agremiaci\u00f3n del Docente Formose\u00f1o, dijo que \u201cla convocatoria es para recordar a los m\u00e1s de cien mil docentes del pa\u00eds que marcharon desde los cuatro puntos cardinales. Es hist\u00f3rico, es recordado como el d\u00eda del Trabajador de la Educaci\u00f3n. Y adem\u00e1s en esta jornada que conmemoramos la lucha docente queremos poner en agenda nuevamente como lo hicimos en el 2015 una campa\u00f1a nacional para elevar el presupuesto para educaci\u00f3n junto a CTERA\u201d<\/p>\n<p style=\"text-align: justify;\">Branchi destac\u00f3 la presencia de los Delegados gremiales y miembros de la Junta Ejecutiva ya que el gremio fue protagonista de esta hist\u00f3rica marcha con la participaci\u00f3n de 17 docentes de nuestra Agremiaci\u00f3n \u201cnosotros tuvimos el orgullo, orgullo que llevamos en el coraz\u00f3n al recordar un d\u00eda como hoy 23 de mayo porque en el a\u00f1o\u00a0 88 ya march\u00e1bamos por una ley de financiamiento que la conseguimos en el 2006. Entonces afirm\u00e1bamos que la educaci\u00f3n primaria y secundaria era un derecho que ten\u00eda que ser para todos y lo logramos junto a CTERA. Me siento orgulloso de todos y cada uno de ustedes por ser los protagonistas de estas cosas que forman parte de la historia de los primeros 56 a\u00f1os de vida del gremio\u201d.<img loading=\"lazy\" decoding=\"async\" class=\"wp-image-4269  alignleft\" src=\"https:\/\/adfformosa.com.ar\/wp-content\/uploads\/2016\/06\/DOS-PBI-e1464900476233.jpg\" alt=\"\" width=\"351\" height=\"263\" \/><\/p>\n<p style=\"text-align: justify;\">Seguidamente realiz\u00f3 la entrega de una copia del proyecto de Ley a los Diputados Nacionales Juan Carlos D\u00edaz Roig, In\u00e9s Lotto de Vechietti y a la Diputada Provincial Otilia Britez.<\/p>\n<p>&nbsp;<\/p>\n<h4 style=\"text-align: left;\">\u201cEstamos en riesgo de volver a una etapa superada\u201d<\/h4>\n<p style=\"text-align: justify;\">La Diputada Nacional Beatriz\u00a0 Lotto de Vechietti \u00a0destac\u00f3 el trabajo gremial por mantener las conquistas logradas y seguir trabajando en uni\u00f3n para proteger al trabajador de la educaci\u00f3n.<\/p>\n<p style=\"text-align: justify;\">Resalt\u00f3 \u201ceste es un d\u00eda especial para ustedes, docentes ya que en ese entonces el trabajador estaba sufriendo muchas frustraciones y sufrimientos, reclamando derechos negados.<\/p>\n<p style=\"text-align: justify;\">Hoy m\u00e1s que nunca debemos estar unidos gremialistas, pol\u00edticos, trabajadores porque nos encontramos en una situaci\u00f3n similar a aquella del 88. Estamos en riesgo de volver a una etapa ya superada d\u00f3nde se evidencia una pol\u00edtica claramente direccionada a beneficiar a un sector y no debe ser as\u00ed. Vine para trasmitirles que estamos a disposici\u00f3n desde el Congreso de la Naci\u00f3n para trabajar en forma conjunta con ustedes y para ustedes\u201d.<\/p>\n<p style=\"text-align: justify;\"><img loading=\"lazy\" decoding=\"async\" class=\"wp-image-4271 alignleft\" src=\"https:\/\/adfformosa.com.ar\/wp-content\/uploads\/2016\/06\/UNO-PBI-e1464900801844.jpg\" alt=\"\" width=\"350\" height=\"197\" \/>Por otro lado la\u00a0 \u00a0Diputada Provincial Otilia Britez comprometi\u00f3 el apoyo de la Legislatura provincial para que esta lucha tenga sus frutos al se\u00f1alar \u201cel pedido que est\u00e1n realizando es justo y humildemente desde la provincia estaremos apuntalando a nuestros diputados nacionales para que su lucha se logre. Cada vez que ac\u00e1 se inaugura una escuela es una alegr\u00eda no solo porque significa la oportunidad laboral para un colega, un cargo, un chico que tiene un espacio mejor pero detr\u00e1s est\u00e1 el trabajo de ustedes, los gremios que luchan para que la distribuci\u00f3n del presupuesto sea justo. Nosotros tenemos a nuestro m\u00e1ximo representante, Gildo Insfr\u00e1n que nos inculca que la educaci\u00f3n es una cuesti\u00f3n de estado y solamente unidos lo vamos a lograr. No existen pretextos.\u201d<\/p>\n<h4>Juan Carlos D\u00edaz Roig<\/h4>\n<p style=\"text-align: justify;\">El Diputado Nacional Juan Carlos D\u00edaz Roig encomend\u00f3 a los docentes \u201cno olvidar que tienen una funci\u00f3n y rol de fomentar el esp\u00edritu cr\u00edtico sobre todo en esta \u00e9poca donde las malas noticias absorben y ganan grandes espacios en los medios de comunicaci\u00f3n. La retransmisi\u00f3n de lo malo, la deformaci\u00f3n de la verdad. Volvamos a fomentar el esp\u00edritu cr\u00edtico para construir principalmente la verdad. Es muy grato compartir esta etapa de lucha con ustedes y est\u00e1 nuestro compromiso de apoyar esta nueva ley\u201d<\/p>\n<p style=\"text-align: justify;\">\n","protected":false},"excerpt":{"rendered":"<p>Los Diputados Nacionales Beatriz Lotto de Vechietti y Juan Carlos D\u00edaz Roig acompa\u00f1aron la propuesta gremial que busca elevar la inversi\u00f3n en educaci\u00f3n del 6 al 10% del PBI Cabe&#8230; <span class=\"meta-more\"><a href=\"https:\/\/adfformosa.com.ar\/?p=4267\">Leer mas &raquo;<\/a><\/span><\/p>\n","protected":false},"author":3,"featured_media":4268,"comment_status":"open","ping_status":"closed","sticky":false,"template":"","format":"standard","meta":{"footnotes":""},"categories":[2],"tags":[],"class_list":["post-4267","post","type-post","status-publish","format-standard","has-post-thumbnail","hentry","category-prensa-adf","even alt"],"_links":{"self":[{"href":"https:\/\/adfformosa.com.ar\/index.php?rest_route=\/wp\/v2\/posts\/4267","targetHints":{"allow":["GET"]}}],"collection":[{"href":"https:\/\/adfformosa.com.ar\/index.php?rest_route=\/wp\/v2\/posts"}],"about":[{"href":"https:\/\/adfformosa.com.ar\/index.php?rest_route=\/wp\/v2\/types\/post"}],"author":[{"embeddable":true,"href":"https:\/\/adfformosa.com.ar\/index.php?rest_route=\/wp\/v2\/users\/3"}],"replies":[{"embeddable":true,"href":"https:\/\/adfformosa.com.ar\/index.php?rest_route=%2Fwp%2Fv2%2Fcomments&post=4267"}],"version-history":[{"count":3,"href":"https:\/\/adfformosa.com.ar\/index.php?rest_route=\/wp\/v2\/posts\/4267\/revisions"}],"predecessor-version":[{"id":4362,"href":"https:\/\/adfformosa.com.ar\/index.php?rest_route=\/wp\/v2\/posts\/4267\/revisions\/4362"}],"wp:featuredmedia":[{"embeddable":true,"href":"https:\/\/adfformosa.com.ar\/index.php?rest_route=\/wp\/v2\/media\/4268"}],"wp:attachment":[{"href":"https:\/\/adfformosa.com.ar\/index.php?rest_route=%2Fwp%2Fv2%2Fmedia&parent=4267"}],"wp:term":[{"taxonomy":"category","embeddable":true,"href":"https:\/\/adfformosa.com.ar\/index.php?rest_route=%2Fwp%2Fv2%2Fcategories&post=4267"},{"taxonomy":"post_tag","embeddable":true,"href":"https:\/\/adfformosa.com.ar\/index.php?rest_route=%2Fwp%2Fv2%2Ftags&post=4267"}],"curies":[{"name":"wp","href":"https:\/\/api.w.org\/{rel}","templated":true}]}}