{"id":4263,"date":"2016-05-22T14:43:45","date_gmt":"2016-05-22T17:43:45","guid":{"rendered":"http:\/\/adfformosa.com.ar\/?p=4263"},"modified":"2016-06-24T09:58:24","modified_gmt":"2016-06-24T12:58:24","slug":"pago-de-haberes-del-mes-de-mayo-se-abonara-con-incremento-en-asignaciones-familiares","status":"publish","type":"post","link":"https:\/\/adfformosa.com.ar\/?p=4263","title":{"rendered":"Pago de haberes del mes de mayo se abonar\u00e1 con incremento en asignaciones familiares"},"content":{"rendered":"<div id=\"s-share-buttons\" class=\"horizontal-w-c-r-border s-share-w-c\"><a href=\"http:\/\/www.facebook.com\/sharer.php?u=https:\/\/adfformosa.com.ar\/?p=4263\" target=\"_blank\" title=\"Share to Facebook\" class=\"s3-facebook hint--top\"><\/a><a href=\"http:\/\/twitter.com\/intent\/tweet?text=Pago de haberes del mes de mayo se abonar\u00e1 con incremento en asignaciones familiares&url=https:\/\/adfformosa.com.ar\/?p=4263\" target=\"_blank\"  title=\"Share to Twitter\" class=\"s3-twitter hint--top\"><\/a><a href=\"https:\/\/plus.google.com\/share?url=https:\/\/adfformosa.com.ar\/?p=4263\" target=\"_blank\"  title=\"Share to Google Plus\" class=\"s3-google-plus hint--top\"><\/a><a href=\"http:\/\/www.digg.com\/submit?url=https:\/\/adfformosa.com.ar\/?p=4263\" target=\"_blank\"  title=\"Share to Digg\" class=\"s3-digg hint--top\"><\/a><a href=\"http:\/\/www.tumblr.com\/share\/link?url=https%3A%2F%2Fadfformosa.com.ar%2F%3Fp%3D4263&name=Pago+de+haberes+del+mes+de+mayo+se+abonar%C3%A1+con+incremento+en+asignaciones+familiares\" target=\"_blank\" title=\"Share to Tumblr\" class=\"s3-tumblr hint--top\"><\/a><a href=\"mailto:?Subject=Pago%20de%20haberes%20del%20mes%20de%20mayo%20se%20abonar\u00e1%20con%20incremento%20en%20asignaciones%20familiares&Body=Here%20is%20the%20link%20to%20the%20article:%20https:\/\/adfformosa.com.ar\/?p=4263\" title=\"Email this article\" class=\"s3-email hint--top\"><\/a><\/div><div id=\"attachment_4225\" style=\"width: 310px\" class=\"wp-caption alignleft\"><img loading=\"lazy\" decoding=\"async\" aria-describedby=\"caption-attachment-4225\" class=\"wp-image-4225 size-medium\" src=\"https:\/\/adfformosa.com.ar\/wp-content\/uploads\/2016\/04\/cajero_2-300x171.jpg\" alt=\"\" width=\"300\" height=\"171\" srcset=\"https:\/\/adfformosa.com.ar\/wp-content\/uploads\/2016\/04\/cajero_2-300x171.jpg 300w, https:\/\/adfformosa.com.ar\/wp-content\/uploads\/2016\/04\/cajero_2.jpg 642w\" sizes=\"auto, (max-width: 300px) 100vw, 300px\" \/><p id=\"caption-attachment-4225\" class=\"wp-caption-text\">30 y 31 se abonar\u00e1n haberes de mayo<\/p><\/div>\n<p style=\"text-align: justify;\">Los d\u00edas lunes 30 y martes 31 de este mes se cancelar\u00e1 la totalidad de los haberes del mes de mayo a los agentes de la administraci\u00f3n p\u00fablica provincial, rubro de erogaciones del Presupuesto provincial que demanda un desembolso mensual cercano a los 890 millones de pesos, a partir del incremento en concepto de asignaciones familiares que dispuso el gobernador Gildo Insfr\u00e1n\u201d, se anticip\u00f3 desde el \u00e1rea de Hacienda y Finanzas de la provincia.<\/p>\n<div style=\"text-align: justify;\">Se precis\u00f3 que \u201cel d\u00eda 30 en la jornada de apertura de este cronograma se cancelar\u00e1n las jubilaciones y pensiones a los agentes pasivos dependientes de la Caja de Previsi\u00f3n Social, mientras que el martes 31 se abonar\u00e1n las remuneraciones correspondientes al personal activo, que en el caso del escalaf\u00f3n docente contienen los \u00edtems correspondientes al Incentivo General y la Garant\u00eda Salarial 2016\u201d.<\/div>\n<div style=\"text-align: justify;\">Se destac\u00f3 \u201cque los haberes del mes de mayo incluye la recomposici\u00f3n de la asignaci\u00f3n familiar por hijo a favor de aquellos agentes estatales acreedores de tal beneficio cuya cifra se estableci\u00f3 en $ 902\u201d. Se cuantific\u00f3 en \u201c$7.5 millones el desembolso adicional por parte del Tesoro Provincial para solventar el incremento\u201d<\/div>\n","protected":false},"excerpt":{"rendered":"<p>Los d\u00edas lunes 30 y martes 31 de este mes se cancelar\u00e1 la totalidad de los haberes del mes de mayo a los agentes de la administraci\u00f3n p\u00fablica provincial, rubro&#8230; <span class=\"meta-more\"><a href=\"https:\/\/adfformosa.com.ar\/?p=4263\">Leer mas &raquo;<\/a><\/span><\/p>\n","protected":false},"author":3,"featured_media":4225,"comment_status":"open","ping_status":"closed","sticky":false,"template":"","format":"standard","meta":{"footnotes":""},"categories":[2],"tags":[],"class_list":["post-4263","post","type-post","status-publish","format-standard","has-post-thumbnail","hentry","category-prensa-adf","even alt"],"_links":{"self":[{"href":"https:\/\/adfformosa.com.ar\/index.php?rest_route=\/wp\/v2\/posts\/4263","targetHints":{"allow":["GET"]}}],"collection":[{"href":"https:\/\/adfformosa.com.ar\/index.php?rest_route=\/wp\/v2\/posts"}],"about":[{"href":"https:\/\/adfformosa.com.ar\/index.php?rest_route=\/wp\/v2\/types\/post"}],"author":[{"embeddable":true,"href":"https:\/\/adfformosa.com.ar\/index.php?rest_route=\/wp\/v2\/users\/3"}],"replies":[{"embeddable":true,"href":"https:\/\/adfformosa.com.ar\/index.php?rest_route=%2Fwp%2Fv2%2Fcomments&post=4263"}],"version-history":[{"count":2,"href":"https:\/\/adfformosa.com.ar\/index.php?rest_route=\/wp\/v2\/posts\/4263\/revisions"}],"predecessor-version":[{"id":4363,"href":"https:\/\/adfformosa.com.ar\/index.php?rest_route=\/wp\/v2\/posts\/4263\/revisions\/4363"}],"wp:featuredmedia":[{"embeddable":true,"href":"https:\/\/adfformosa.com.ar\/index.php?rest_route=\/wp\/v2\/media\/4225"}],"wp:attachment":[{"href":"https:\/\/adfformosa.com.ar\/index.php?rest_route=%2Fwp%2Fv2%2Fmedia&parent=4263"}],"wp:term":[{"taxonomy":"category","embeddable":true,"href":"https:\/\/adfformosa.com.ar\/index.php?rest_route=%2Fwp%2Fv2%2Fcategories&post=4263"},{"taxonomy":"post_tag","embeddable":true,"href":"https:\/\/adfformosa.com.ar\/index.php?rest_route=%2Fwp%2Fv2%2Ftags&post=4263"}],"curies":[{"name":"wp","href":"https:\/\/api.w.org\/{rel}","templated":true}]}}