{"id":4259,"date":"2016-05-17T19:12:45","date_gmt":"2016-05-17T22:12:45","guid":{"rendered":"http:\/\/adfformosa.com.ar\/?p=4259"},"modified":"2016-06-24T09:58:41","modified_gmt":"2016-06-24T12:58:41","slug":"fiesta-nacional-del-maestro-en-paso-de-la-patriacorrientes","status":"publish","type":"post","link":"https:\/\/adfformosa.com.ar\/?p=4259","title":{"rendered":"Fiesta Nacional del Maestro en Paso de la Patria,Corrientes"},"content":{"rendered":"<div id=\"s-share-buttons\" class=\"horizontal-w-c-r-border s-share-w-c\"><a href=\"http:\/\/www.facebook.com\/sharer.php?u=https:\/\/adfformosa.com.ar\/?p=4259\" target=\"_blank\" title=\"Share to Facebook\" class=\"s3-facebook hint--top\"><\/a><a href=\"http:\/\/twitter.com\/intent\/tweet?text=Fiesta Nacional del Maestro en Paso de la Patria,Corrientes&url=https:\/\/adfformosa.com.ar\/?p=4259\" target=\"_blank\"  title=\"Share to Twitter\" class=\"s3-twitter hint--top\"><\/a><a href=\"https:\/\/plus.google.com\/share?url=https:\/\/adfformosa.com.ar\/?p=4259\" target=\"_blank\"  title=\"Share to Google Plus\" class=\"s3-google-plus hint--top\"><\/a><a href=\"http:\/\/www.digg.com\/submit?url=https:\/\/adfformosa.com.ar\/?p=4259\" target=\"_blank\"  title=\"Share to Digg\" class=\"s3-digg hint--top\"><\/a><a href=\"http:\/\/www.tumblr.com\/share\/link?url=https%3A%2F%2Fadfformosa.com.ar%2F%3Fp%3D4259&name=Fiesta+Nacional+del+Maestro+en+Paso+de+la+Patria%2CCorrientes\" target=\"_blank\" title=\"Share to Tumblr\" class=\"s3-tumblr hint--top\"><\/a><a href=\"mailto:?Subject=Fiesta%20Nacional%20del%20Maestro%20en%20Paso%20de%20la%20Patria,Corrientes&Body=Here%20is%20the%20link%20to%20the%20article:%20https:\/\/adfformosa.com.ar\/?p=4259\" title=\"Email this article\" class=\"s3-email hint--top\"><\/a><\/div><p style=\"text-align: justify;\">Los d\u00edas 9-10 y 11 de septiembre se realizar\u00e1 en Paso de la Patria, Corrientes la \u00abFiesta Nacional del Maestro\u00bb<\/p>\n<p style=\"text-align: justify;\">La fiesta organizada por \u00abLas 3 Mar\u00edas Eventos\u00bb cuenta con el auspicio de la Agremiaci\u00f3n del Docente Formose\u00f1o y los organizadores informaron que la fiesta est\u00e1 programada con distintas actividades que incluyen torneos,elecci\u00f3n de la reina y rey del maestro con importantes premios y sorteos durante la estad\u00eda .<\/p>\n<p style=\"text-align: justify;\">La participaci\u00f3n tiene un costo de $1500 que se puede abonar \u00a0en cuatro cuotas de $375. La primera cuota ser\u00e1 en el mes de junio.<br \/>\n<span class=\"text_exposed_show\">Se indic\u00f3 adem\u00e1s que este precio no incluye el traslado a Paso de la Patria.<\/span><\/p>\n<div class=\"text_exposed_show\">\n<p style=\"text-align: justify;\">Interesados en viajar comunicarse a los siguientes n\u00fameros:<\/p>\n<ul>\n<li style=\"text-align: justify;\">3704-714997<\/li>\n<li style=\"text-align: justify;\">3704-078664<\/li>\n<li style=\"text-align: justify;\">3704-673847<\/li>\n<\/ul>\n<p><img loading=\"lazy\" decoding=\"async\" class=\"wp-image-4260 size-full aligncenter\" src=\"https:\/\/adfformosa.com.ar\/wp-content\/uploads\/2016\/05\/evento.jpg\" alt=\"\" width=\"600\" height=\"960\" srcset=\"https:\/\/adfformosa.com.ar\/wp-content\/uploads\/2016\/05\/evento.jpg 600w, https:\/\/adfformosa.com.ar\/wp-content\/uploads\/2016\/05\/evento-188x300.jpg 188w\" sizes=\"auto, (max-width: 600px) 100vw, 600px\" \/><\/p>\n<\/div>\n","protected":false},"excerpt":{"rendered":"<p>Los d\u00edas 9-10 y 11 de septiembre se realizar\u00e1 en Paso de la Patria, Corrientes la \u00abFiesta Nacional del Maestro\u00bb La fiesta organizada por \u00abLas 3 Mar\u00edas Eventos\u00bb cuenta con&#8230; <span class=\"meta-more\"><a href=\"https:\/\/adfformosa.com.ar\/?p=4259\">Leer mas &raquo;<\/a><\/span><\/p>\n","protected":false},"author":3,"featured_media":4260,"comment_status":"open","ping_status":"closed","sticky":false,"template":"","format":"standard","meta":{"footnotes":""},"categories":[2],"tags":[],"class_list":["post-4259","post","type-post","status-publish","format-standard","has-post-thumbnail","hentry","category-prensa-adf","even alt"],"_links":{"self":[{"href":"https:\/\/adfformosa.com.ar\/index.php?rest_route=\/wp\/v2\/posts\/4259","targetHints":{"allow":["GET"]}}],"collection":[{"href":"https:\/\/adfformosa.com.ar\/index.php?rest_route=\/wp\/v2\/posts"}],"about":[{"href":"https:\/\/adfformosa.com.ar\/index.php?rest_route=\/wp\/v2\/types\/post"}],"author":[{"embeddable":true,"href":"https:\/\/adfformosa.com.ar\/index.php?rest_route=\/wp\/v2\/users\/3"}],"replies":[{"embeddable":true,"href":"https:\/\/adfformosa.com.ar\/index.php?rest_route=%2Fwp%2Fv2%2Fcomments&post=4259"}],"version-history":[{"count":2,"href":"https:\/\/adfformosa.com.ar\/index.php?rest_route=\/wp\/v2\/posts\/4259\/revisions"}],"predecessor-version":[{"id":4364,"href":"https:\/\/adfformosa.com.ar\/index.php?rest_route=\/wp\/v2\/posts\/4259\/revisions\/4364"}],"wp:featuredmedia":[{"embeddable":true,"href":"https:\/\/adfformosa.com.ar\/index.php?rest_route=\/wp\/v2\/media\/4260"}],"wp:attachment":[{"href":"https:\/\/adfformosa.com.ar\/index.php?rest_route=%2Fwp%2Fv2%2Fmedia&parent=4259"}],"wp:term":[{"taxonomy":"category","embeddable":true,"href":"https:\/\/adfformosa.com.ar\/index.php?rest_route=%2Fwp%2Fv2%2Fcategories&post=4259"},{"taxonomy":"post_tag","embeddable":true,"href":"https:\/\/adfformosa.com.ar\/index.php?rest_route=%2Fwp%2Fv2%2Ftags&post=4259"}],"curies":[{"name":"wp","href":"https:\/\/api.w.org\/{rel}","templated":true}]}}