{"id":4254,"date":"2016-05-17T19:07:10","date_gmt":"2016-05-17T22:07:10","guid":{"rendered":"http:\/\/adfformosa.com.ar\/?p=4254"},"modified":"2016-06-24T09:59:34","modified_gmt":"2016-06-24T12:59:34","slug":"delia-alegre-y-la-dra-marita-baia-en-la-jornada-de-lucha-contra-la-discriminacion-por-orientacion-sexual-o-identidad-de-genero-en-ctera","status":"publish","type":"post","link":"https:\/\/adfformosa.com.ar\/?p=4254","title":{"rendered":"Delia Alegre y la Dra Marita Baia en la \u00abJornada de Lucha contra la Discriminaci\u00f3n por Orientaci\u00f3n Sexual o Identidad de G\u00e9nero\u00bb en Ctera"},"content":{"rendered":"<div id=\"s-share-buttons\" class=\"horizontal-w-c-r-border s-share-w-c\"><a href=\"http:\/\/www.facebook.com\/sharer.php?u=https:\/\/adfformosa.com.ar\/?p=4254\" target=\"_blank\" title=\"Share to Facebook\" class=\"s3-facebook hint--top\"><\/a><a href=\"http:\/\/twitter.com\/intent\/tweet?text=Delia Alegre y la Dra Marita Baia en la \u00abJornada de Lucha contra la Discriminaci\u00f3n por Orientaci\u00f3n Sexual o Identidad de G\u00e9nero\u00bb en Ctera&url=https:\/\/adfformosa.com.ar\/?p=4254\" target=\"_blank\"  title=\"Share to Twitter\" class=\"s3-twitter hint--top\"><\/a><a href=\"https:\/\/plus.google.com\/share?url=https:\/\/adfformosa.com.ar\/?p=4254\" target=\"_blank\"  title=\"Share to Google Plus\" class=\"s3-google-plus hint--top\"><\/a><a href=\"http:\/\/www.digg.com\/submit?url=https:\/\/adfformosa.com.ar\/?p=4254\" target=\"_blank\"  title=\"Share to Digg\" class=\"s3-digg hint--top\"><\/a><a href=\"http:\/\/www.tumblr.com\/share\/link?url=https%3A%2F%2Fadfformosa.com.ar%2F%3Fp%3D4254&name=Delia+Alegre+y+la+Dra+Marita+Baia+en+la+%C2%ABJornada+de+Lucha+contra+la+Discriminaci%C3%B3n+por+Orientaci%C3%B3n+Sexual+o+Identidad+de+G%C3%A9nero%C2%BB+en+Ctera\" target=\"_blank\" title=\"Share to Tumblr\" class=\"s3-tumblr hint--top\"><\/a><a href=\"mailto:?Subject=Delia%20Alegre%20y%20la%20Dra%20Marita%20Baia%20en%20la%20\u00abJornada%20de%20Lucha%20contra%20la%20Discriminaci\u00f3n%20por%20Orientaci\u00f3n%20Sexual%20o%20Identidad%20de%20G\u00e9nero\u00bb%20en%20Ctera&Body=Here%20is%20the%20link%20to%20the%20article:%20https:\/\/adfformosa.com.ar\/?p=4254\" title=\"Email this article\" class=\"s3-email hint--top\"><\/a><\/div><p style=\"text-align: justify;\"><img loading=\"lazy\" decoding=\"async\" class=\"wp-image-4255  alignleft\" src=\"https:\/\/adfformosa.com.ar\/wp-content\/uploads\/2016\/05\/13245273_1725266744383612_8754078747291944572_n.jpg\" alt=\"\" width=\"250\" height=\"417\" srcset=\"https:\/\/adfformosa.com.ar\/wp-content\/uploads\/2016\/05\/13245273_1725266744383612_8754078747291944572_n.jpg 576w, https:\/\/adfformosa.com.ar\/wp-content\/uploads\/2016\/05\/13245273_1725266744383612_8754078747291944572_n-180x300.jpg 180w\" sizes=\"auto, (max-width: 250px) 100vw, 250px\" \/>En el d\u00eda de la fecha, mi\u00e9rcoles 17 de mayo, se realiza en CTERA la Jornada por el D\u00eda de lucha contra la Discriminaci\u00f3n por Orientaci\u00f3n Sexual o Identidad de G\u00e9nero.<\/p>\n<p style=\"text-align: justify;\">El panel estuvo integrado por Estefan\u00eda Aguirre &#8211; Sec. de G\u00e9nero de CTERA -, Estela D\u00edaz &#8211; Sec. de G\u00e9nero de la CTA Nacional -, Emiliano Samar &#8211; responsable del Equipo de Div<span class=\"text_exposed_show\">ersidad Sexual y Educaci\u00f3n de CTERA -, Gabriel Brener &#8211; docente UBA &#8211; y Alejandro Demichelis &#8211; Sec. de Prensa de CTERA &#8211; y representantes de la Asociaci\u00f3n de Familias por la Diversidad de Argentina y de la Editorial Molinos de Vientos.<\/span><\/p>\n<div class=\"text_exposed_show\">\n<p style=\"text-align: justify;\">De la jornada participan numerosas entidades de base de CTERA con la representaci\u00f3n de sus Secretar\u00edas de G\u00e9nero.<\/p>\n<p style=\"text-align: justify;\">La Secretaria de G\u00e9nero de CTERA, Estefania Aguirre, dio la bienvenida a los presentes y resalt\u00f3 la importancia de la jornada de reflexi\u00f3n y debate.<\/p>\n<p style=\"text-align: justify;\">En la apertura Alejandro Demichelis &#8211; Sec. de Prensa de CTERA &#8211; llev\u00f3 el saludo de la Secretaria General de CTERA Sonia Alesso.<\/p>\n<p style=\"text-align: justify;\">Realiz\u00f3 un recorrido de la lucha y resistencia de muchos sectores para llegar hoy a esta realidad de derechos adquiridos.<\/p>\n<p style=\"text-align: justify;\">Resalt\u00f3 la importancia de defender estos derechos ante la posibilidad de que intenten cercenarlos en estos tiempos donde el gobierno nacional destruye conquistas.<img loading=\"lazy\" decoding=\"async\" class=\"wp-image-4256  alignright\" src=\"https:\/\/adfformosa.com.ar\/wp-content\/uploads\/2016\/05\/13241198_1725266774383609_5949922906247457985_n-e1463609409518.jpg\" alt=\"\" width=\"350\" height=\"210\" \/><\/p>\n<p style=\"text-align: justify;\">Destac\u00f3 tambi\u00e9n la importancia y el crecimiento de CTERA en esta tem\u00e1tica, pionera en Am\u00e9rica Latina en la capacitaci\u00f3n y formaci\u00f3n de compa\u00f1eras y compa\u00f1eros en el tema de diversidad sexual e identidad de g\u00e9nero.<\/p>\n<p>Emiliano Samar remarc\u00f3 la importancia del 17 de mayo de 1990 donde se logr\u00f3 un vuelco hist\u00f3rico en el tema diversidad sexual dejando de lado teor\u00edas y posturas discriminatorias y retr\u00f3gradas.<\/p>\n<p>Enumer\u00f3 los tres ejes que se abordar\u00e1n en la jornada: el tema normativo y legislativo, la cultura y contracultura y lo que sucede en las institucionales; las tensiones de estas tres dimensiones que se interrelacionan constantemente.<\/p>\n<p style=\"text-align: center;\">PRENSA CTERA<\/p>\n<p style=\"text-align: center;\">\n<\/div>\n","protected":false},"excerpt":{"rendered":"<p>En el d\u00eda de la fecha, mi\u00e9rcoles 17 de mayo, se realiza en CTERA la Jornada por el D\u00eda de lucha contra la Discriminaci\u00f3n por Orientaci\u00f3n Sexual o Identidad de&#8230; <span class=\"meta-more\"><a href=\"https:\/\/adfformosa.com.ar\/?p=4254\">Leer mas &raquo;<\/a><\/span><\/p>\n","protected":false},"author":3,"featured_media":4255,"comment_status":"open","ping_status":"closed","sticky":false,"template":"","format":"standard","meta":{"footnotes":""},"categories":[2],"tags":[],"class_list":["post-4254","post","type-post","status-publish","format-standard","has-post-thumbnail","hentry","category-prensa-adf","even alt"],"_links":{"self":[{"href":"https:\/\/adfformosa.com.ar\/index.php?rest_route=\/wp\/v2\/posts\/4254","targetHints":{"allow":["GET"]}}],"collection":[{"href":"https:\/\/adfformosa.com.ar\/index.php?rest_route=\/wp\/v2\/posts"}],"about":[{"href":"https:\/\/adfformosa.com.ar\/index.php?rest_route=\/wp\/v2\/types\/post"}],"author":[{"embeddable":true,"href":"https:\/\/adfformosa.com.ar\/index.php?rest_route=\/wp\/v2\/users\/3"}],"replies":[{"embeddable":true,"href":"https:\/\/adfformosa.com.ar\/index.php?rest_route=%2Fwp%2Fv2%2Fcomments&post=4254"}],"version-history":[{"count":3,"href":"https:\/\/adfformosa.com.ar\/index.php?rest_route=\/wp\/v2\/posts\/4254\/revisions"}],"predecessor-version":[{"id":4365,"href":"https:\/\/adfformosa.com.ar\/index.php?rest_route=\/wp\/v2\/posts\/4254\/revisions\/4365"}],"wp:featuredmedia":[{"embeddable":true,"href":"https:\/\/adfformosa.com.ar\/index.php?rest_route=\/wp\/v2\/media\/4255"}],"wp:attachment":[{"href":"https:\/\/adfformosa.com.ar\/index.php?rest_route=%2Fwp%2Fv2%2Fmedia&parent=4254"}],"wp:term":[{"taxonomy":"category","embeddable":true,"href":"https:\/\/adfformosa.com.ar\/index.php?rest_route=%2Fwp%2Fv2%2Fcategories&post=4254"},{"taxonomy":"post_tag","embeddable":true,"href":"https:\/\/adfformosa.com.ar\/index.php?rest_route=%2Fwp%2Fv2%2Ftags&post=4254"}],"curies":[{"name":"wp","href":"https:\/\/api.w.org\/{rel}","templated":true}]}}