{"id":4232,"date":"2016-04-21T14:42:54","date_gmt":"2016-04-21T17:42:54","guid":{"rendered":"http:\/\/adfformosa.com.ar\/?p=4232"},"modified":"2016-06-24T10:03:50","modified_gmt":"2016-06-24T13:03:50","slug":"luis-branchi-diserto-en-la-primera-jornada-del-ii-congreso-sindical-de-la-udpm-misiones","status":"publish","type":"post","link":"https:\/\/adfformosa.com.ar\/?p=4232","title":{"rendered":"Luis Branchi disert\u00f3 en la primera jornada del \u00abII Congreso Sindical de la UDPM\u00bb Misiones"},"content":{"rendered":"<div id=\"s-share-buttons\" class=\"horizontal-w-c-r-border s-share-w-c\"><a href=\"http:\/\/www.facebook.com\/sharer.php?u=https:\/\/adfformosa.com.ar\/?p=4232\" target=\"_blank\" title=\"Share to Facebook\" class=\"s3-facebook hint--top\"><\/a><a href=\"http:\/\/twitter.com\/intent\/tweet?text=Luis Branchi disert\u00f3 en la primera jornada del \u00abII Congreso Sindical de la UDPM\u00bb Misiones&url=https:\/\/adfformosa.com.ar\/?p=4232\" target=\"_blank\"  title=\"Share to Twitter\" class=\"s3-twitter hint--top\"><\/a><a href=\"https:\/\/plus.google.com\/share?url=https:\/\/adfformosa.com.ar\/?p=4232\" target=\"_blank\"  title=\"Share to Google Plus\" class=\"s3-google-plus hint--top\"><\/a><a href=\"http:\/\/www.digg.com\/submit?url=https:\/\/adfformosa.com.ar\/?p=4232\" target=\"_blank\"  title=\"Share to Digg\" class=\"s3-digg hint--top\"><\/a><a href=\"http:\/\/www.tumblr.com\/share\/link?url=https%3A%2F%2Fadfformosa.com.ar%2F%3Fp%3D4232&name=Luis+Branchi+disert%C3%B3+en+la+primera+jornada+del+%C2%ABII+Congreso+Sindical+de+la+UDPM%C2%BB+Misiones\" target=\"_blank\" title=\"Share to Tumblr\" class=\"s3-tumblr hint--top\"><\/a><a href=\"mailto:?Subject=Luis%20Branchi%20disert\u00f3%20en%20la%20primera%20jornada%20del%20\u00abII%20Congreso%20Sindical%20de%20la%20UDPM\u00bb%20Misiones&Body=Here%20is%20the%20link%20to%20the%20article:%20https:\/\/adfformosa.com.ar\/?p=4232\" title=\"Email this article\" class=\"s3-email hint--top\"><\/a><\/div><p><img loading=\"lazy\" decoding=\"async\" class=\"wp-image-4233 alignleft\" src=\"https:\/\/adfformosa.com.ar\/wp-content\/uploads\/2016\/05\/13015142_1362811260411197_619495186222958876_n-e1462211319675.jpg\" alt=\"\" width=\"350\" height=\"233\" \/><\/p>\n<p style=\"text-align: justify;\">CON M\u00c1S DE 5 MIL PERSONAS SE HIZO LA PRIMERA JORNADA DEL II CONGRESO SINDICAL DE LA UDPM EN CAPIOV\u00cd (1\u00aa JORNADA).<\/p>\n<p style=\"text-align: justify;\">Multitudinaria apertura del II Congreso Sindical \u201cLa Educaci\u00f3n es una inversi\u00f3n y no un gasto\u201d que se lleva adelante en la localidad de Capiov\u00ed este 21 y 22 de abril. M\u00e1s de 5 mil docentes afiliados a la Uni\u00f3n de Docentes de la Provincia de Misiones (UDPM) se dieron cita en el Polideportivo local para analizar con responsabilidad la educaci\u00f3n provincial y nacional.<span class=\"text_exposed_show\"> El encuentro est\u00e1 destinado a los Delegados Departamentales y Escolares, Congresales a CTERA, Revisores de Cuentas y Afiliados a UDPM y el tema central es la lucha por una nueva Ley de Financiamiento Educativo.<\/span><\/p>\n<div class=\"text_exposed_show\">\n<p style=\"text-align: justify;\"><img loading=\"lazy\" decoding=\"async\" class=\"wp-image-4234 alignright\" src=\"https:\/\/adfformosa.com.ar\/wp-content\/uploads\/2016\/05\/13076596_1362728850419438_3118755173968973184_n-1-e1462211402598.jpg\" alt=\"\" width=\"350\" height=\"233\" \/>En el acto de apertura estuvo el gobernador de la provincia, Hugo Passalacqua; la secretaria Adjunta, Stella Maris Leverberg; el intendente de Capiov\u00ed, Alejandro Arnhold; la ministra de Educaci\u00f3n Ivonne Aquino; el subsecretario de Educaci\u00f3n, Christian Dechat; Comisi\u00f3n Directiva de la UDPM; Ministro de Trabajo, Juan Carlos Agulla; presidente de CGE, Mauricio Maidana; representantes de CTERA, Luis Branchi , Gerardo Marturet, Miguel Duhalde, Eduardo Pereyra, Daniel Ezcurra y distintas autoridades provinciales, locales \u00a0e intendentes de ciudades vecinas.<\/p>\n<p style=\"text-align: justify;\">\u201cDesde la UDPM, seguimos, como desde hace 46 a\u00f1os, defendiendo esa gran responsabilidad de educar y entender que la escuela es la herramienta trasformadora de la sociedad. Porque la Educaci\u00f3n es una inversi\u00f3n y no un gasto y porque es una herramienta de justicia social que promueve la libertad de las personas a lo largo de su vida\u201d, se\u00f1al\u00f3 Leverberg en la inauguraci\u00f3n de la primera jornada del Congreso<\/p>\n<p style=\"text-align: justify;\"><img loading=\"lazy\" decoding=\"async\" class=\"wp-image-4236 alignleft\" src=\"https:\/\/adfformosa.com.ar\/wp-content\/uploads\/2016\/05\/LUIS-PORTADA-SOLO-MISIONES-e1462211522643.jpg\" alt=\"\" width=\"351\" height=\"232\" \/>\u201cVamos a seguir con el desaf\u00edo de dise\u00f1ar las estrategias, posicionar objetivos a fin de continuar defendiendo el futuro de nuestros ni\u00f1os, j\u00f3venes y adultos, quienes van a ser los hacedores del porvenir de nuestra sociedad\u201d, afirm\u00f3.<\/p>\n<p style=\"text-align: justify;\">Por otra parte Leverberg recalc\u00f3 que \u201caunque se puedan cometer errores, nunca perdemos la buena fe en cada acci\u00f3n que llevamos adelante y en la necesidad de seguir trabajando por una nueva ley de financiamiento educativo que alcance el 10 por ciento del PBI, porque se creen m\u00e1s cargos, m\u00e1s escuelas inclusivas. Por eso estamos hoy reunidos en este espacio de debate en busca de seguir brindando una educaci\u00f3n de \u00f3ptima calidad y con identidad misionera\u201d.<\/p>\n<\/div>\n","protected":false},"excerpt":{"rendered":"<p>CON M\u00c1S DE 5 MIL PERSONAS SE HIZO LA PRIMERA JORNADA DEL II CONGRESO SINDICAL DE LA UDPM EN CAPIOV\u00cd (1\u00aa JORNADA). Multitudinaria apertura del II Congreso Sindical \u201cLa Educaci\u00f3n&#8230; <span class=\"meta-more\"><a href=\"https:\/\/adfformosa.com.ar\/?p=4232\">Leer mas &raquo;<\/a><\/span><\/p>\n","protected":false},"author":3,"featured_media":4236,"comment_status":"open","ping_status":"closed","sticky":false,"template":"","format":"standard","meta":{"footnotes":""},"categories":[2],"tags":[],"class_list":["post-4232","post","type-post","status-publish","format-standard","has-post-thumbnail","hentry","category-prensa-adf","even alt"],"_links":{"self":[{"href":"https:\/\/adfformosa.com.ar\/index.php?rest_route=\/wp\/v2\/posts\/4232","targetHints":{"allow":["GET"]}}],"collection":[{"href":"https:\/\/adfformosa.com.ar\/index.php?rest_route=\/wp\/v2\/posts"}],"about":[{"href":"https:\/\/adfformosa.com.ar\/index.php?rest_route=\/wp\/v2\/types\/post"}],"author":[{"embeddable":true,"href":"https:\/\/adfformosa.com.ar\/index.php?rest_route=\/wp\/v2\/users\/3"}],"replies":[{"embeddable":true,"href":"https:\/\/adfformosa.com.ar\/index.php?rest_route=%2Fwp%2Fv2%2Fcomments&post=4232"}],"version-history":[{"count":4,"href":"https:\/\/adfformosa.com.ar\/index.php?rest_route=\/wp\/v2\/posts\/4232\/revisions"}],"predecessor-version":[{"id":4372,"href":"https:\/\/adfformosa.com.ar\/index.php?rest_route=\/wp\/v2\/posts\/4232\/revisions\/4372"}],"wp:featuredmedia":[{"embeddable":true,"href":"https:\/\/adfformosa.com.ar\/index.php?rest_route=\/wp\/v2\/media\/4236"}],"wp:attachment":[{"href":"https:\/\/adfformosa.com.ar\/index.php?rest_route=%2Fwp%2Fv2%2Fmedia&parent=4232"}],"wp:term":[{"taxonomy":"category","embeddable":true,"href":"https:\/\/adfformosa.com.ar\/index.php?rest_route=%2Fwp%2Fv2%2Fcategories&post=4232"},{"taxonomy":"post_tag","embeddable":true,"href":"https:\/\/adfformosa.com.ar\/index.php?rest_route=%2Fwp%2Fv2%2Ftags&post=4232"}],"curies":[{"name":"wp","href":"https:\/\/api.w.org\/{rel}","templated":true}]}}