{"id":4228,"date":"2016-04-25T17:05:14","date_gmt":"2016-04-25T20:05:14","guid":{"rendered":"http:\/\/adfformosa.com.ar\/?p=4228"},"modified":"2016-06-24T10:02:23","modified_gmt":"2016-06-24T13:02:23","slug":"concretaron-el-primer-encuentro-de-la-liga-del-centro-de-adf","status":"publish","type":"post","link":"https:\/\/adfformosa.com.ar\/?p=4228","title":{"rendered":"Concretaron el primer encuentro de la \u201cLiga del Centro\u201d de ADF"},"content":{"rendered":"<div id=\"s-share-buttons\" class=\"horizontal-w-c-r-border s-share-w-c\"><a href=\"http:\/\/www.facebook.com\/sharer.php?u=https:\/\/adfformosa.com.ar\/?p=4228\" target=\"_blank\" title=\"Share to Facebook\" class=\"s3-facebook hint--top\"><\/a><a href=\"http:\/\/twitter.com\/intent\/tweet?text=Concretaron el primer encuentro de la \u201cLiga del Centro\u201d de ADF&url=https:\/\/adfformosa.com.ar\/?p=4228\" target=\"_blank\"  title=\"Share to Twitter\" class=\"s3-twitter hint--top\"><\/a><a href=\"https:\/\/plus.google.com\/share?url=https:\/\/adfformosa.com.ar\/?p=4228\" target=\"_blank\"  title=\"Share to Google Plus\" class=\"s3-google-plus hint--top\"><\/a><a href=\"http:\/\/www.digg.com\/submit?url=https:\/\/adfformosa.com.ar\/?p=4228\" target=\"_blank\"  title=\"Share to Digg\" class=\"s3-digg hint--top\"><\/a><a href=\"http:\/\/www.tumblr.com\/share\/link?url=https%3A%2F%2Fadfformosa.com.ar%2F%3Fp%3D4228&name=Concretaron+el+primer+encuentro+de+la+%E2%80%9CLiga+del+Centro%E2%80%9D+de+ADF\" target=\"_blank\" title=\"Share to Tumblr\" class=\"s3-tumblr hint--top\"><\/a><a href=\"mailto:?Subject=Concretaron%20el%20primer%20encuentro%20de%20la%20\u201cLiga%20del%20Centro\u201d%20de%20ADF&Body=Here%20is%20the%20link%20to%20the%20article:%20https:\/\/adfformosa.com.ar\/?p=4228\" title=\"Email this article\" class=\"s3-email hint--top\"><\/a><\/div><p style=\"text-align: justify;\"><img loading=\"lazy\" decoding=\"async\" class=\"wp-image-4229  alignleft\" src=\"https:\/\/adfformosa.com.ar\/wp-content\/uploads\/2016\/04\/1461546189-e1461614683976.jpg\" alt=\"\" width=\"350\" height=\"210\" \/><\/p>\n<p style=\"text-align: justify;\">LAS LOMITAS &#8211; En la localidad de Las Lomitas, los d\u00edas 22 y 23 del corriente realizaron el Primer Encuentro de la Liga del Centro, perteneciente a la Agremiaci\u00f3n del Docente Formose\u00f1o (ADF). La misma se encuentra conformada por referentes de las localidades de Ibarreta, Comandante Fontana, Subteniente Per\u00edn y Estanislao del Campo.<\/p>\n<p style=\"text-align: justify;\">\u201cEsta reuni\u00f3n no fue casual ya que hace varios a\u00f1os venimos trabajando juntos por nu<span class=\"text_exposed_show\">estro gremio. De esta manera, asumimos formalmente el compromiso de continuar fortaleciendo nuestro accionar con el anhelo de sumar todos los compa\u00f1eros que deseen militar con responsabilidad y compromiso\u201d, apunt\u00f3 Javier Guti\u00e9rrez, referente de la localidad de Ibarreta, en di\u00e1logo con este matutino.<\/span><\/p>\n<div class=\"text_exposed_show\">\n<p style=\"text-align: justify;\">En el mencionado encuentro estuvieron presentes el secretario general de ADF, Luis Branchi, referentes de Ibarreta: Javier Guti\u00e9rrez e Irma Maza; la coordinadora, Ana Mar\u00eda Mart\u00ednez; y Rosita Mart\u00ednez, de la filial Comandante Fontana; por Subteniente Per\u00edn, el referente Juan Carlos Romero y Olga Zelaya; y en representaci\u00f3n de Estanislao del Campo, el coordinador Claudio Alvarado. Adem\u00e1s acompa\u00f1aron el secretario gremial y diputado provincial, Rub\u00e9n Ch\u00e1vez; el secretario administrativo, Javier P\u00e9rez; la secretaria de Acci\u00f3n Social, Edith Arias; la secretaria de Nivel Inicial, Marcela Torales; el secretario del Interior, Solano Mendoza; Digno Acosta, por Clorinda; y delegados escolares de las localidades participantes.<\/p>\n<p style=\"text-align: justify;\">\u201cFue una jornada fruct\u00edfera de fortalecimiento y construcci\u00f3n colectiva con objetivos claros de continuar acompa\u00f1ando a los afiliados y contribuir a la fuerza unificada de nuestro gremio\u201d, enfatizaron los presentes.<\/p>\n<p style=\"text-align: justify;\">Fuente: Diario La Ma\u00f1ana<\/p>\n<\/div>\n","protected":false},"excerpt":{"rendered":"<p>LAS LOMITAS &#8211; En la localidad de Las Lomitas, los d\u00edas 22 y 23 del corriente realizaron el Primer Encuentro de la Liga del Centro, perteneciente a la Agremiaci\u00f3n del&#8230; <span class=\"meta-more\"><a href=\"https:\/\/adfformosa.com.ar\/?p=4228\">Leer mas &raquo;<\/a><\/span><\/p>\n","protected":false},"author":3,"featured_media":4229,"comment_status":"open","ping_status":"closed","sticky":false,"template":"","format":"standard","meta":{"footnotes":""},"categories":[2],"tags":[],"class_list":["post-4228","post","type-post","status-publish","format-standard","has-post-thumbnail","hentry","category-prensa-adf","even alt"],"_links":{"self":[{"href":"https:\/\/adfformosa.com.ar\/index.php?rest_route=\/wp\/v2\/posts\/4228","targetHints":{"allow":["GET"]}}],"collection":[{"href":"https:\/\/adfformosa.com.ar\/index.php?rest_route=\/wp\/v2\/posts"}],"about":[{"href":"https:\/\/adfformosa.com.ar\/index.php?rest_route=\/wp\/v2\/types\/post"}],"author":[{"embeddable":true,"href":"https:\/\/adfformosa.com.ar\/index.php?rest_route=\/wp\/v2\/users\/3"}],"replies":[{"embeddable":true,"href":"https:\/\/adfformosa.com.ar\/index.php?rest_route=%2Fwp%2Fv2%2Fcomments&post=4228"}],"version-history":[{"count":2,"href":"https:\/\/adfformosa.com.ar\/index.php?rest_route=\/wp\/v2\/posts\/4228\/revisions"}],"predecessor-version":[{"id":4369,"href":"https:\/\/adfformosa.com.ar\/index.php?rest_route=\/wp\/v2\/posts\/4228\/revisions\/4369"}],"wp:featuredmedia":[{"embeddable":true,"href":"https:\/\/adfformosa.com.ar\/index.php?rest_route=\/wp\/v2\/media\/4229"}],"wp:attachment":[{"href":"https:\/\/adfformosa.com.ar\/index.php?rest_route=%2Fwp%2Fv2%2Fmedia&parent=4228"}],"wp:term":[{"taxonomy":"category","embeddable":true,"href":"https:\/\/adfformosa.com.ar\/index.php?rest_route=%2Fwp%2Fv2%2Fcategories&post=4228"},{"taxonomy":"post_tag","embeddable":true,"href":"https:\/\/adfformosa.com.ar\/index.php?rest_route=%2Fwp%2Fv2%2Ftags&post=4228"}],"curies":[{"name":"wp","href":"https:\/\/api.w.org\/{rel}","templated":true}]}}